{"id":408,"date":"2024-12-09T08:06:01","date_gmt":"2024-12-09T08:06:01","guid":{"rendered":"https:\/\/ledenonciateur224.com\/?p=408"},"modified":"2024-12-09T08:06:01","modified_gmt":"2024-12-09T08:06:01","slug":"fonike-et-billoh-5-mois-de-disparition-5-mois-de-trop-5-mois-dinsupportables-et-douloureux-moments-cest-un-crime-contre-lhumanite","status":"publish","type":"post","link":"https:\/\/ledenonciateur224.com\/index.php\/fonike-et-billoh-5-mois-de-disparition-5-mois-de-trop-5-mois-dinsupportables-et-douloureux-moments-cest-un-crime-contre-lhumanite\/","title":{"rendered":"FONIKE ET BILLOH: 5 mois de disparition, 5 mois de trop, 5 mois d\u2019insupportables et douloureux moments : c\u2019est un crime contre l\u2019humanit\u00e9."},"content":{"rendered":"<div dir=\"auto\">Le 09 juillet 2024 a \u00e9t\u00e9 une date que nous n\u2019allons jamais oublier. Le jour o\u00f9 FONIKE MENGUE et Billo Bah ont \u00e9t\u00e9 enlev\u00e9s par les hommes en uniforme agissant au nom et pour le compte du CNRD. La m\u00e9thode utilis\u00e9e pour leur enl\u00e8vement \u00e9tait tellement strat\u00e9gique qu\u2019aucun groupe de gang ou de bandits de grand chemin ne pouvait op\u00e9rer de la sorte.<\/div>\n<div dir=\"auto\">On aurait pens\u00e9 que sous l\u2019\u00e8re CNRD les guin\u00e9ens et leurs biens seraient en securit\u00e9 mais h\u00e9las nous constatons les actes qui leur mettent en danger. Comprenez qu\u2019aujourd\u2019hui la vie de tous les guin\u00e9ens est menac\u00e9e. Les disparitions forc\u00e9es, les enl\u00e8vements syst\u00e9matiques, les kidnappings sont devenus monnaie courante. Une mani\u00e8re de faire taire toutes les voix discordantes afin de commettre le sale boulot. La fermeture irresponsable des m\u00e9dias en est une parfaite illustration mettant plusieurs responsables de familles au ch\u00f4mage les rendant ainsi vuln\u00e9rables. Le m\u00e9tier de journaliste n\u2019a jamais \u00e9t\u00e9 aussi menac\u00e9 comme ce que nous vivons actuellement. FONIKE et Billoh avaient tous deux la possibilit\u00e9 de rester en occident pour mener paisiblement leur vie mais ils ont d\u00e9cid\u00e9 de rentrer au pays pour d\u00e9fendre le peuple contre l\u2019injustice, les violations des droits et libert\u00e9s des citoyens. Ils payent aujourd\u2019hui le prix de leur engagement et patriotisme.<\/div>\n<div dir=\"auto\">J\u2019imagine comment leurs femmes et enfants traversent cette p\u00e9riode difficile.<\/div>\n<div dir=\"auto\">Les disparitions forc\u00e9es sont constitutives de crime contre l\u2019humanit\u00e9 conform\u00e9ment \u00e0 la Convention internationale pour la protection de toutes les personnes contre les disparitions forc\u00e9es qui d\u00e9finit la notion \u00e0 son article 2 comme \u00ab l&rsquo;arrestation, la d\u00e9tention, l&rsquo;enl\u00e8vement ou toute autre forme de privation de libert\u00e9 par des agents de l&rsquo;\u00c9tat ou par des personnes ou des groupes de personnes qui agissent avec l&rsquo;autorisation, l&rsquo;appui ou l&rsquo;acquiescement de l&rsquo;\u00c9tat, suivi du d\u00e9ni de la reconnaissance de la privation de libert\u00e9 ou de la dissimulation du sort r\u00e9serv\u00e9 \u00e0 la personne disparue ou du lieu o\u00f9 elle se trouve \u00bb. Par cons\u00e9quent la victime d&rsquo;une disparition forc\u00e9e a le droit d&rsquo;obtenir r\u00e9paration et d&rsquo;\u00eatre indemnis\u00e9e rapidement, \u00e9quitablement et de mani\u00e8re ad\u00e9quate. Les auteurs peuvent \u00eatre traduits devant la cour p\u00e9nale internationale apr\u00e8s l\u2019\u00e9puisement des voies de recours internes.<\/div>\n<div dir=\"auto\">O\u00f9 sont ils? Sont ils morts ou vivants ? Ont ils subis des actes de barbarie, torture ou traitement inhumain, cruel et d\u00e9gradant ? Mangent ils \u00e0 leur faim? Comment vivent leurs femmes et enfants? Voil\u00e0 quelques questions que nous nous posons maintenant depuis 5 mois. \u00c9videmment le CNRD a la r\u00e9ponse \u00e0 toutes ces questions.<\/div>\n<div dir=\"auto\">Nos pens\u00e9es vont \u00e0 l\u2019ex secr\u00e9taire g\u00e9n\u00e9ral du minist\u00e8re des mines et de la g\u00e9ologie Sadou Nimagan et Habib Marouane CAMARA, tous enlev\u00e9s dans les m\u00eames circonstances. Sans oublier Mamadou Ramadan et Korka Diallo tous deux arr\u00eat\u00e9s et condamn\u00e9s arbitrairement pour avoir simplement manifest\u00e9 pour la lib\u00e9ration de FONIKE et de Billoh Bah.<\/div>\n<div dir=\"auto\">Tenez bon, chers et valeureux camarades. Nous n\u2019allons jamais vous abandonner.<\/div>\n<div dir=\"auto\"><\/div>\n<div dir=\"auto\">Alpha BAYO, acteur de la soci\u00e9t\u00e9 civile, d\u00e9fenseur des droits de l\u2019homme.<\/div>\n","protected":false},"excerpt":{"rendered":"<p>Le 09 juillet 2024 a \u00e9t\u00e9 une date que nous n\u2019allons jamais oublier. Le jour o\u00f9 FONIKE MENGUE et Billo Bah ont \u00e9t\u00e9 enlev\u00e9s par les hommes en uniforme agissant au nom et pour le compte du CNRD. La m\u00e9thode utilis\u00e9e pour leur enl\u00e8vement \u00e9tait tellement strat\u00e9gique qu\u2019aucun groupe de gang ou de bandits de [&hellip;]<\/p>\n","protected":false},"author":2,"featured_media":409,"comment_status":"open","ping_status":"open","sticky":false,"template":"","format":"standard","meta":{"_jetpack_memberships_contains_paid_content":false,"footnotes":"","jetpack_publicize_message":"","jetpack_publicize_feature_enabled":true,"jetpack_social_post_already_shared":false,"jetpack_social_options":{"image_generator_settings":{"template":"highway","default_image_id":0,"font":"","enabled":false},"version":2}},"categories":[30,24],"tags":[73,76,36,74,75,35],"class_list":{"0":"post-408","1":"post","2":"type-post","3":"status-publish","4":"format-standard","5":"has-post-thumbnail","7":"category-faits-divers","8":"category-news","9":"tag-alpha-bayo","10":"tag-bilo-bah","11":"tag-conakry","12":"tag-fndc","13":"tag-fonike-mangue","14":"tag-guinee"},"jetpack_publicize_connections":[],"jetpack_featured_media_url":"https:\/\/ledenonciateur224.com\/wp-content\/uploads\/2024\/12\/img-20241209-wa0016.jpg","jetpack_sharing_enabled":true,"_links":{"self":[{"href":"https:\/\/ledenonciateur224.com\/index.php\/wp-json\/wp\/v2\/posts\/408","targetHints":{"allow":["GET"]}}],"collection":[{"href":"https:\/\/ledenonciateur224.com\/index.php\/wp-json\/wp\/v2\/posts"}],"about":[{"href":"https:\/\/ledenonciateur224.com\/index.php\/wp-json\/wp\/v2\/types\/post"}],"author":[{"embeddable":true,"href":"https:\/\/ledenonciateur224.com\/index.php\/wp-json\/wp\/v2\/users\/2"}],"replies":[{"embeddable":true,"href":"https:\/\/ledenonciateur224.com\/index.php\/wp-json\/wp\/v2\/comments?post=408"}],"version-history":[{"count":0,"href":"https:\/\/ledenonciateur224.com\/index.php\/wp-json\/wp\/v2\/posts\/408\/revisions"}],"wp:featuredmedia":[{"embeddable":true,"href":"https:\/\/ledenonciateur224.com\/index.php\/wp-json\/wp\/v2\/media\/409"}],"wp:attachment":[{"href":"https:\/\/ledenonciateur224.com\/index.php\/wp-json\/wp\/v2\/media?parent=408"}],"wp:term":[{"taxonomy":"category","embeddable":true,"href":"https:\/\/ledenonciateur224.com\/index.php\/wp-json\/wp\/v2\/categories?post=408"},{"taxonomy":"post_tag","embeddable":true,"href":"https:\/\/ledenonciateur224.com\/index.php\/wp-json\/wp\/v2\/tags?post=408"}],"curies":[{"name":"wp","href":"https:\/\/api.w.org\/{rel}","templated":true}]}}