{"id":4086,"date":"2025-07-24T21:45:43","date_gmt":"2025-07-24T21:45:43","guid":{"rendered":"https:\/\/ledenonciateur224.com\/?p=4086"},"modified":"2025-07-24T21:45:43","modified_gmt":"2025-07-24T21:45:43","slug":"forum-de-haut-niveau-le-sppg-continue-de-porter-la-voix-de-la-presse-guineenne-au-dela-de-nos-frontieres","status":"publish","type":"post","link":"https:\/\/ledenonciateur224.com\/index.php\/forum-de-haut-niveau-le-sppg-continue-de-porter-la-voix-de-la-presse-guineenne-au-dela-de-nos-frontieres\/","title":{"rendered":"Forum de haut niveau : Le SPPG continue de porter la voix de la presse guin\u00e9enne au-del\u00e0 de nos fronti\u00e8res\u00a0"},"content":{"rendered":"<p>Le Secr\u00e9taire g\u00e9n\u00e9ral du Syndicat des Professionnels de la Presse de Guin\u00e9e (SPPG), S\u00e9kou Jamal PENDESSA, a pris part ce jeudi \u00e0 Dakar au forum r\u00e9gional sur le r\u00e9tr\u00e9cissement de l\u2019espace civique, organis\u00e9 par le Bureau des Nations Unies pour l\u2019Afrique de l\u2019Ouest et le Sahel (UNOWAS), le Bureau des Nations Unies pour l\u2019Afrique centrale (UNOCA), ainsi que les bureaux du Haut-Commissariat des Nations Unies aux droits de l\u2019homme pour l\u2019Afrique de l\u2019Ouest (OHCHR-WARO) et pour l\u2019Afrique centrale (OHCHR-CARO).<\/p>\n<p>D\u00e9nomm\u00e9e \u00ab Arbre \u00e0 palabres \u00bb, cette rencontre avait pour th\u00e8me : \u00ab Le r\u00e9tr\u00e9cissement de l\u2019espace civique en Afrique de l\u2019Ouest, au Sahel et en Afrique centrale : causes, manifestations et approches de solutions. \u00bb<\/p>\n<p><img loading=\"lazy\" decoding=\"async\" class=\"alignnone size-full wp-image-4087\" src=\"https:\/\/ledenonciateur224.com\/wp-content\/uploads\/2025\/07\/img-20250724-wa0063.jpg\" alt=\"\" width=\"628\" height=\"898\" srcset=\"https:\/\/ledenonciateur224.com\/wp-content\/uploads\/2025\/07\/img-20250724-wa0063.jpg 628w, https:\/\/ledenonciateur224.com\/wp-content\/uploads\/2025\/07\/img-20250724-wa0063-210x300.jpg 210w, https:\/\/ledenonciateur224.com\/wp-content\/uploads\/2025\/07\/img-20250724-wa0063-150x214.jpg 150w, https:\/\/ledenonciateur224.com\/wp-content\/uploads\/2025\/07\/img-20250724-wa0063-300x429.jpg 300w, https:\/\/ledenonciateur224.com\/wp-content\/uploads\/2025\/07\/img-20250724-wa0063-294x420.jpg 294w\" sizes=\"auto, (max-width: 628px) 100vw, 628px\" \/><\/p>\n<p>Cette session, qui a r\u00e9uni plus de 100 participants en ligne et en pr\u00e9sentiel, visait \u00e0 mobiliser les diff\u00e9rentes parties prenantes autour de la probl\u00e9matique du r\u00e9tr\u00e9cissement de l\u2019espace civique dans la r\u00e9gion, \u00e0 susciter la r\u00e9flexion sur ses causes et manifestations, et \u00e0 proposer des pistes de solutions.<\/p>\n<p>Prenant la parole par visioconf\u00e9rence, le G\u00e9n\u00e9ral PENDESSA a dress\u00e9 un \u00e9tat des lieux de la libert\u00e9 de la presse en Guin\u00e9e, avant de formuler des recommandations \u00e0 l\u2019attention de la communaut\u00e9 internationale.<\/p>\n<p><img loading=\"lazy\" decoding=\"async\" class=\"alignnone size-full wp-image-4088\" src=\"https:\/\/ledenonciateur224.com\/wp-content\/uploads\/2025\/07\/img-20250724-wa0065.jpg\" alt=\"\" width=\"615\" height=\"913\" srcset=\"https:\/\/ledenonciateur224.com\/wp-content\/uploads\/2025\/07\/img-20250724-wa0065.jpg 615w, https:\/\/ledenonciateur224.com\/wp-content\/uploads\/2025\/07\/img-20250724-wa0065-202x300.jpg 202w, https:\/\/ledenonciateur224.com\/wp-content\/uploads\/2025\/07\/img-20250724-wa0065-150x223.jpg 150w, https:\/\/ledenonciateur224.com\/wp-content\/uploads\/2025\/07\/img-20250724-wa0065-300x445.jpg 300w, https:\/\/ledenonciateur224.com\/wp-content\/uploads\/2025\/07\/img-20250724-wa0065-283x420.jpg 283w\" sizes=\"auto, (max-width: 615px) 100vw, 615px\" \/><\/p>\n<p>Comme l\u2019ont soulign\u00e9 les organisateurs, les perspectives et recommandations issues de ce grand rendez-vous des droits et libert\u00e9s contribueront \u00e0 orienter les initiatives de l\u2019UNOWAS, de l\u2019UNOCA, des deux bureaux r\u00e9gionaux du HCDH, ainsi que d\u2019autres acteurs r\u00e9gionaux, dans leur collaboration avec les \u00c9tats membres et les organisations de la soci\u00e9t\u00e9 civile, afin de renforcer davantage la protection de l\u2019espace civique dans la r\u00e9gion.<\/p>\n<p><img loading=\"lazy\" decoding=\"async\" class=\"alignnone size-full wp-image-4089\" src=\"https:\/\/ledenonciateur224.com\/wp-content\/uploads\/2025\/07\/img-20250724-wa0062.jpg\" alt=\"\" width=\"720\" height=\"398\" srcset=\"https:\/\/ledenonciateur224.com\/wp-content\/uploads\/2025\/07\/img-20250724-wa0062.jpg 720w, https:\/\/ledenonciateur224.com\/wp-content\/uploads\/2025\/07\/img-20250724-wa0062-300x166.jpg 300w, https:\/\/ledenonciateur224.com\/wp-content\/uploads\/2025\/07\/img-20250724-wa0062-150x83.jpg 150w, https:\/\/ledenonciateur224.com\/wp-content\/uploads\/2025\/07\/img-20250724-wa0062-696x385.jpg 696w\" sizes=\"auto, (max-width: 720px) 100vw, 720px\" \/><\/p>\n<p>#ServiceCommunicationDu_SPPG<\/p>\n","protected":false},"excerpt":{"rendered":"<p>Le Secr\u00e9taire g\u00e9n\u00e9ral du Syndicat des Professionnels de la Presse de Guin\u00e9e (SPPG), S\u00e9kou Jamal PENDESSA, a pris part ce jeudi \u00e0 Dakar au forum r\u00e9gional sur le r\u00e9tr\u00e9cissement de l\u2019espace civique, organis\u00e9 par le Bureau des Nations Unies pour l\u2019Afrique de l\u2019Ouest et le Sahel (UNOWAS), le Bureau des Nations Unies pour l\u2019Afrique centrale [&hellip;]<\/p>\n","protected":false},"author":2,"featured_media":4088,"comment_status":"open","ping_status":"open","sticky":false,"template":"","format":"standard","meta":{"_jetpack_memberships_contains_paid_content":false,"footnotes":"","jetpack_publicize_message":"","jetpack_publicize_feature_enabled":true,"jetpack_social_post_already_shared":true,"jetpack_social_options":{"image_generator_settings":{"template":"highway","default_image_id":0,"font":"","enabled":false},"version":2}},"categories":[30,24],"tags":[312],"class_list":{"0":"post-4086","1":"post","2":"type-post","3":"status-publish","4":"format-standard","5":"has-post-thumbnail","7":"category-faits-divers","8":"category-news","9":"tag-liberte-de-la-presse"},"jetpack_publicize_connections":[],"jetpack_featured_media_url":"https:\/\/ledenonciateur224.com\/wp-content\/uploads\/2025\/07\/img-20250724-wa0065.jpg","jetpack_sharing_enabled":true,"_links":{"self":[{"href":"https:\/\/ledenonciateur224.com\/index.php\/wp-json\/wp\/v2\/posts\/4086","targetHints":{"allow":["GET"]}}],"collection":[{"href":"https:\/\/ledenonciateur224.com\/index.php\/wp-json\/wp\/v2\/posts"}],"about":[{"href":"https:\/\/ledenonciateur224.com\/index.php\/wp-json\/wp\/v2\/types\/post"}],"author":[{"embeddable":true,"href":"https:\/\/ledenonciateur224.com\/index.php\/wp-json\/wp\/v2\/users\/2"}],"replies":[{"embeddable":true,"href":"https:\/\/ledenonciateur224.com\/index.php\/wp-json\/wp\/v2\/comments?post=4086"}],"version-history":[{"count":0,"href":"https:\/\/ledenonciateur224.com\/index.php\/wp-json\/wp\/v2\/posts\/4086\/revisions"}],"wp:featuredmedia":[{"embeddable":true,"href":"https:\/\/ledenonciateur224.com\/index.php\/wp-json\/wp\/v2\/media\/4088"}],"wp:attachment":[{"href":"https:\/\/ledenonciateur224.com\/index.php\/wp-json\/wp\/v2\/media?parent=4086"}],"wp:term":[{"taxonomy":"category","embeddable":true,"href":"https:\/\/ledenonciateur224.com\/index.php\/wp-json\/wp\/v2\/categories?post=4086"},{"taxonomy":"post_tag","embeddable":true,"href":"https:\/\/ledenonciateur224.com\/index.php\/wp-json\/wp\/v2\/tags?post=4086"}],"curies":[{"name":"wp","href":"https:\/\/api.w.org\/{rel}","templated":true}]}}