{"id":4094,"date":"2025-07-24T23:33:42","date_gmt":"2025-07-24T23:33:42","guid":{"rendered":"https:\/\/ledenonciateur224.com\/?p=4094"},"modified":"2025-07-24T23:33:42","modified_gmt":"2025-07-24T23:33:42","slug":"hausse-du-prix-du-pain-le-gouvernement-met-en-garde-contre-toute-speculation","status":"publish","type":"post","link":"https:\/\/ledenonciateur224.com\/index.php\/hausse-du-prix-du-pain-le-gouvernement-met-en-garde-contre-toute-speculation\/","title":{"rendered":"Hausse du prix du pain : le gouvernement met en garde contre toute sp\u00e9culation"},"content":{"rendered":"<p>Dans un communiqu\u00e9 diffus\u00e9 tard dans la soir\u00e9e du jeudi 24 juillet 2025, le Minist\u00e8re du Commerce, de l\u2019Industrie et des Petites et Moyennes Entreprises a d\u00e9nonc\u00e9 avec fermet\u00e9 l\u2019augmentation soudaine et jug\u00e9e injustifi\u00e9e du prix du pain observ\u00e9e dans plusieurs r\u00e9gions du pays.<\/p>\n<p>Selon les autorit\u00e9s, cette flamb\u00e9e temporaire serait li\u00e9e \u00e0 un ralentissement des op\u00e9rations de d\u00e9chargement du bl\u00e9 et des additifs essentiels au port autonome de Conakry. Ce ralentissement est imput\u00e9 \u00e0 des difficult\u00e9s logistiques amplifi\u00e9es par les fortes pluies qui perturbent actuellement l\u2019activit\u00e9 portuaire.<\/p>\n<p>Le minist\u00e8re appelle les acteurs de la fili\u00e8re boulang\u00e8re \u00e0 la responsabilit\u00e9, soulignant que ces contraintes, bien que r\u00e9elles, ne peuvent en aucun cas justifier une hausse abusive des prix. Il met en garde contre toute tentative de sp\u00e9culation sur les stocks disponibles, et assure que des mesures de surveillance renforc\u00e9es seront mises en \u0153uvre pour prot\u00e9ger les consommateurs.<\/p>\n<p><img loading=\"lazy\" decoding=\"async\" class=\"alignnone size-full wp-image-4095\" src=\"https:\/\/ledenonciateur224.com\/wp-content\/uploads\/2025\/07\/fb-img-1753397856703.jpg\" alt=\"\" width=\"1132\" height=\"1600\" srcset=\"https:\/\/ledenonciateur224.com\/wp-content\/uploads\/2025\/07\/fb-img-1753397856703.jpg 1132w, https:\/\/ledenonciateur224.com\/wp-content\/uploads\/2025\/07\/fb-img-1753397856703-212x300.jpg 212w, https:\/\/ledenonciateur224.com\/wp-content\/uploads\/2025\/07\/fb-img-1753397856703-724x1024.jpg 724w, https:\/\/ledenonciateur224.com\/wp-content\/uploads\/2025\/07\/fb-img-1753397856703-768x1086.jpg 768w, https:\/\/ledenonciateur224.com\/wp-content\/uploads\/2025\/07\/fb-img-1753397856703-1087x1536.jpg 1087w, https:\/\/ledenonciateur224.com\/wp-content\/uploads\/2025\/07\/fb-img-1753397856703-150x212.jpg 150w, https:\/\/ledenonciateur224.com\/wp-content\/uploads\/2025\/07\/fb-img-1753397856703-300x424.jpg 300w, https:\/\/ledenonciateur224.com\/wp-content\/uploads\/2025\/07\/fb-img-1753397856703-696x984.jpg 696w, https:\/\/ledenonciateur224.com\/wp-content\/uploads\/2025\/07\/fb-img-1753397856703-1068x1510.jpg 1068w, https:\/\/ledenonciateur224.com\/wp-content\/uploads\/2025\/07\/fb-img-1753397856703-297x420.jpg 297w\" sizes=\"auto, (max-width: 1132px) 100vw, 1132px\" \/><\/p>\n","protected":false},"excerpt":{"rendered":"<p>Dans un communiqu\u00e9 diffus\u00e9 tard dans la soir\u00e9e du jeudi 24 juillet 2025, le Minist\u00e8re du Commerce, de l\u2019Industrie et des Petites et Moyennes Entreprises a d\u00e9nonc\u00e9 avec fermet\u00e9 l\u2019augmentation soudaine et jug\u00e9e injustifi\u00e9e du prix du pain observ\u00e9e dans plusieurs r\u00e9gions du pays. Selon les autorit\u00e9s, cette flamb\u00e9e temporaire serait li\u00e9e \u00e0 un ralentissement [&hellip;]<\/p>\n","protected":false},"author":2,"featured_media":3977,"comment_status":"open","ping_status":"open","sticky":false,"template":"","format":"standard","meta":{"_jetpack_memberships_contains_paid_content":false,"footnotes":"","jetpack_publicize_message":"","jetpack_publicize_feature_enabled":true,"jetpack_social_post_already_shared":true,"jetpack_social_options":{"image_generator_settings":{"template":"highway","default_image_id":0,"font":"","enabled":false},"version":2}},"categories":[29,24],"tags":[1004,1005],"class_list":{"0":"post-4094","1":"post","2":"type-post","3":"status-publish","4":"format-standard","5":"has-post-thumbnail","7":"category-economie","8":"category-news","9":"tag-commerce","10":"tag-prix-du-pain"},"jetpack_publicize_connections":[],"jetpack_featured_media_url":"https:\/\/ledenonciateur224.com\/wp-content\/uploads\/2025\/07\/jokar1695914336648193.jpg","jetpack_sharing_enabled":true,"_links":{"self":[{"href":"https:\/\/ledenonciateur224.com\/index.php\/wp-json\/wp\/v2\/posts\/4094","targetHints":{"allow":["GET"]}}],"collection":[{"href":"https:\/\/ledenonciateur224.com\/index.php\/wp-json\/wp\/v2\/posts"}],"about":[{"href":"https:\/\/ledenonciateur224.com\/index.php\/wp-json\/wp\/v2\/types\/post"}],"author":[{"embeddable":true,"href":"https:\/\/ledenonciateur224.com\/index.php\/wp-json\/wp\/v2\/users\/2"}],"replies":[{"embeddable":true,"href":"https:\/\/ledenonciateur224.com\/index.php\/wp-json\/wp\/v2\/comments?post=4094"}],"version-history":[{"count":0,"href":"https:\/\/ledenonciateur224.com\/index.php\/wp-json\/wp\/v2\/posts\/4094\/revisions"}],"wp:featuredmedia":[{"embeddable":true,"href":"https:\/\/ledenonciateur224.com\/index.php\/wp-json\/wp\/v2\/media\/3977"}],"wp:attachment":[{"href":"https:\/\/ledenonciateur224.com\/index.php\/wp-json\/wp\/v2\/media?parent=4094"}],"wp:term":[{"taxonomy":"category","embeddable":true,"href":"https:\/\/ledenonciateur224.com\/index.php\/wp-json\/wp\/v2\/categories?post=4094"},{"taxonomy":"post_tag","embeddable":true,"href":"https:\/\/ledenonciateur224.com\/index.php\/wp-json\/wp\/v2\/tags?post=4094"}],"curies":[{"name":"wp","href":"https:\/\/api.w.org\/{rel}","templated":true}]}}