{"id":4097,"date":"2025-07-25T12:11:44","date_gmt":"2025-07-25T12:11:44","guid":{"rendered":"https:\/\/ledenonciateur224.com\/?p=4097"},"modified":"2025-07-25T12:11:44","modified_gmt":"2025-07-25T12:11:44","slug":"projet-de-nouvelle-constitution-le-oui-nest-pas-une-faveur-au-regime-cest-un-acte-pour-la-republique-declare-ahmed-de-paris","status":"publish","type":"post","link":"https:\/\/ledenonciateur224.com\/index.php\/projet-de-nouvelle-constitution-le-oui-nest-pas-une-faveur-au-regime-cest-un-acte-pour-la-republique-declare-ahmed-de-paris\/","title":{"rendered":"Projet de nouvelle Constitution : \u00ab\u00a0Le OUI n\u2019est pas une faveur au r\u00e9gime, c\u2019est un acte pour la R\u00e9publique\u00a0\u00bb, d\u00e9clare Ahmed de Paris"},"content":{"rendered":"<h3><strong>Alors que la campagne de vulgarisation du projet de la nouvelle Constitution bat son plein en Guin\u00e9e, les d\u00e9bats s\u2019intensifient. Entre critiques virulentes et soutiens affich\u00e9s, la tension monte \u00e0 mesure que le r\u00e9f\u00e9rendum approche. Ce vendredi, la r\u00e9daction de <em>Ledenonciateur224.com<\/em> s\u2019est entretenue avec Ahmed S\u00e9kou Camara, coordinateur de plusieurs mouvements de soutien au CNRD. Cet homme politique d\u00e9fend sans ambages le texte soumis au peuple et appelle les Guin\u00e9ens \u00e0 voter massivement OUI.<\/strong><\/h3>\n<p><img loading=\"lazy\" decoding=\"async\" class=\"alignnone size-full wp-image-4098\" src=\"https:\/\/ledenonciateur224.com\/wp-content\/uploads\/2025\/07\/fb-img-1753445054561.jpg\" alt=\"\" width=\"2048\" height=\"1152\" srcset=\"https:\/\/ledenonciateur224.com\/wp-content\/uploads\/2025\/07\/fb-img-1753445054561.jpg 2048w, https:\/\/ledenonciateur224.com\/wp-content\/uploads\/2025\/07\/fb-img-1753445054561-300x169.jpg 300w, https:\/\/ledenonciateur224.com\/wp-content\/uploads\/2025\/07\/fb-img-1753445054561-1024x576.jpg 1024w, https:\/\/ledenonciateur224.com\/wp-content\/uploads\/2025\/07\/fb-img-1753445054561-768x432.jpg 768w, https:\/\/ledenonciateur224.com\/wp-content\/uploads\/2025\/07\/fb-img-1753445054561-1536x864.jpg 1536w, https:\/\/ledenonciateur224.com\/wp-content\/uploads\/2025\/07\/fb-img-1753445054561-150x84.jpg 150w, https:\/\/ledenonciateur224.com\/wp-content\/uploads\/2025\/07\/fb-img-1753445054561-696x392.jpg 696w, https:\/\/ledenonciateur224.com\/wp-content\/uploads\/2025\/07\/fb-img-1753445054561-1068x601.jpg 1068w, https:\/\/ledenonciateur224.com\/wp-content\/uploads\/2025\/07\/fb-img-1753445054561-1920x1080.jpg 1920w, https:\/\/ledenonciateur224.com\/wp-content\/uploads\/2025\/07\/fb-img-1753445054561-747x420.jpg 747w\" sizes=\"auto, (max-width: 2048px) 100vw, 2048px\" \/><\/p>\n<h4><em>\u00ab\u00a0Un texte pour r\u00e9concilier la Guin\u00e9e avec elle-m\u00eame\u00a0\u00bb<\/em><\/h4>\n<p>Interrog\u00e9 sur le contenu du projet de Constitution, Ahmed de Paris voit dans ce texte bien plus qu\u2019un simple changement l\u00e9gislatif.\u00ab Ce texte n\u2019est pas une simple r\u00e9vision juridique. Il est, en v\u00e9rit\u00e9, une tentative de r\u00e9conciliation entre la Guin\u00e9e et son propre r\u00eave interrompu \u00bb, affirme-t-il. Pour lui, cette Constitution marque une rupture avec les pr\u00e9c\u00e9dentes, souvent con\u00e7ues pour servir des int\u00e9r\u00eats personnels. \u00ab Celle-ci, pour la premi\u00e8re fois depuis longtemps, ne parle pas au nom d\u2019un homme. Elle parle \u00e0 hauteur de nation. Elle ne cherche pas \u00e0 briller par des slogans, mais \u00e0 tenir par des \u00e9quilibres. \u00bb<\/p>\n<p><img loading=\"lazy\" decoding=\"async\" class=\"alignnone size-full wp-image-4099\" src=\"https:\/\/ledenonciateur224.com\/wp-content\/uploads\/2025\/07\/fb-img-1753445049526.jpg\" alt=\"\" width=\"2048\" height=\"1152\" srcset=\"https:\/\/ledenonciateur224.com\/wp-content\/uploads\/2025\/07\/fb-img-1753445049526.jpg 2048w, https:\/\/ledenonciateur224.com\/wp-content\/uploads\/2025\/07\/fb-img-1753445049526-300x169.jpg 300w, https:\/\/ledenonciateur224.com\/wp-content\/uploads\/2025\/07\/fb-img-1753445049526-1024x576.jpg 1024w, https:\/\/ledenonciateur224.com\/wp-content\/uploads\/2025\/07\/fb-img-1753445049526-768x432.jpg 768w, https:\/\/ledenonciateur224.com\/wp-content\/uploads\/2025\/07\/fb-img-1753445049526-1536x864.jpg 1536w, https:\/\/ledenonciateur224.com\/wp-content\/uploads\/2025\/07\/fb-img-1753445049526-150x84.jpg 150w, https:\/\/ledenonciateur224.com\/wp-content\/uploads\/2025\/07\/fb-img-1753445049526-696x392.jpg 696w, https:\/\/ledenonciateur224.com\/wp-content\/uploads\/2025\/07\/fb-img-1753445049526-1068x601.jpg 1068w, https:\/\/ledenonciateur224.com\/wp-content\/uploads\/2025\/07\/fb-img-1753445049526-1920x1080.jpg 1920w, https:\/\/ledenonciateur224.com\/wp-content\/uploads\/2025\/07\/fb-img-1753445049526-747x420.jpg 747w\" sizes=\"auto, (max-width: 2048px) 100vw, 2048px\" \/><\/p>\n<p>Abordant les nouveaut\u00e9s introduites par le texte, Ahmed S\u00e9kou Camara insiste sur la port\u00e9e symbolique et concr\u00e8te des changements propos\u00e9s :\u00ab Limiter le pouvoir, c\u2019est ouvrir l\u2019avenir. Renforcer la justice, c\u2019est redonner au peuple le droit d\u2019avoir confiance. \u00bb Il \u00e9voque \u00e9galement un souffle nouveau insuffl\u00e9 \u00e0 la d\u00e9centralisation et \u00e0 l\u2019inclusion sociale :\u00ab Redonner de la voix aux collectivit\u00e9s, aux jeunes, aux femmes, c\u2019est reconna\u00eetre que la nation n\u2019appartient \u00e0 personne, si ce n\u2019est \u00e0 son peuple tout entier. \u00bb<\/p>\n<p>Pour le coordinateur des mouvements de soutien au CNRD, le r\u00e9f\u00e9rendum repr\u00e9sente un tournant historique.\u00ab Parce qu\u2019il est temps de rompre avec le cercle des recommencements douloureux. Parce que l\u2019Histoire ne nous pardonnera pas une \u00e9ni\u00e8me occasion manqu\u00e9e. \u00bb Il d\u00e9fend un vote lucide, responsable et tourn\u00e9 vers l\u2019avenir :\u00ab Le OUI que nous disons n\u2019est pas na\u00eff. Il est lucide. C\u2019est un OUI d\u2019architectes, pas de spectateurs. Un OUI qui veut b\u00e2tir sur du dur, et non r\u00eaver dans le vide. \u00bb<\/p>\n<p><img loading=\"lazy\" decoding=\"async\" class=\"alignnone size-full wp-image-4100\" src=\"https:\/\/ledenonciateur224.com\/wp-content\/uploads\/2025\/07\/fb-img-1753445017063.jpg\" alt=\"\" width=\"2048\" height=\"1152\" srcset=\"https:\/\/ledenonciateur224.com\/wp-content\/uploads\/2025\/07\/fb-img-1753445017063.jpg 2048w, https:\/\/ledenonciateur224.com\/wp-content\/uploads\/2025\/07\/fb-img-1753445017063-300x169.jpg 300w, https:\/\/ledenonciateur224.com\/wp-content\/uploads\/2025\/07\/fb-img-1753445017063-1024x576.jpg 1024w, https:\/\/ledenonciateur224.com\/wp-content\/uploads\/2025\/07\/fb-img-1753445017063-768x432.jpg 768w, https:\/\/ledenonciateur224.com\/wp-content\/uploads\/2025\/07\/fb-img-1753445017063-1536x864.jpg 1536w, https:\/\/ledenonciateur224.com\/wp-content\/uploads\/2025\/07\/fb-img-1753445017063-150x84.jpg 150w, https:\/\/ledenonciateur224.com\/wp-content\/uploads\/2025\/07\/fb-img-1753445017063-696x392.jpg 696w, https:\/\/ledenonciateur224.com\/wp-content\/uploads\/2025\/07\/fb-img-1753445017063-1068x601.jpg 1068w, https:\/\/ledenonciateur224.com\/wp-content\/uploads\/2025\/07\/fb-img-1753445017063-1920x1080.jpg 1920w, https:\/\/ledenonciateur224.com\/wp-content\/uploads\/2025\/07\/fb-img-1753445017063-747x420.jpg 747w\" sizes=\"auto, (max-width: 2048px) 100vw, 2048px\" \/><\/p>\n<h4><em>\u00ab\u00a0Debout, soyons nombreux\u00a0\u00bb<\/em><\/h4>\n<p>Enfin, Ahmed Sekou Camara lance un appel vibrant \u00e0 l\u2019ensemble de la population, en particulier \u00e0 la jeunesse :\u00ab \u00c0 la jeunesse qui doute, aux anciens qui observent, \u00e0 ceux qui ont trop entendu et trop peu vu\u2026 Nous avons trop pleur\u00e9 les rendez-vous manqu\u00e9s pour ignorer celui-ci. \u00bbIl conclut avec une phrase forte :\u00ab Le OUI n\u2019est pas une faveur que l\u2019on fait au r\u00e9gime. C\u2019est une responsabilit\u00e9 que l\u2019on prend pour la R\u00e9publique. Debout, soyons nombreux. Que chacun, \u00e0 sa place, \u00e9crive ce tournant de notre Histoire. \u00bb<\/p>\n<p><img loading=\"lazy\" decoding=\"async\" class=\"alignnone size-full wp-image-4101\" src=\"https:\/\/ledenonciateur224.com\/wp-content\/uploads\/2025\/07\/fb-img-1753445011937.jpg\" alt=\"\" width=\"2048\" height=\"1152\" srcset=\"https:\/\/ledenonciateur224.com\/wp-content\/uploads\/2025\/07\/fb-img-1753445011937.jpg 2048w, https:\/\/ledenonciateur224.com\/wp-content\/uploads\/2025\/07\/fb-img-1753445011937-300x169.jpg 300w, https:\/\/ledenonciateur224.com\/wp-content\/uploads\/2025\/07\/fb-img-1753445011937-1024x576.jpg 1024w, https:\/\/ledenonciateur224.com\/wp-content\/uploads\/2025\/07\/fb-img-1753445011937-768x432.jpg 768w, https:\/\/ledenonciateur224.com\/wp-content\/uploads\/2025\/07\/fb-img-1753445011937-1536x864.jpg 1536w, https:\/\/ledenonciateur224.com\/wp-content\/uploads\/2025\/07\/fb-img-1753445011937-150x84.jpg 150w, https:\/\/ledenonciateur224.com\/wp-content\/uploads\/2025\/07\/fb-img-1753445011937-696x392.jpg 696w, https:\/\/ledenonciateur224.com\/wp-content\/uploads\/2025\/07\/fb-img-1753445011937-1068x601.jpg 1068w, https:\/\/ledenonciateur224.com\/wp-content\/uploads\/2025\/07\/fb-img-1753445011937-1920x1080.jpg 1920w, https:\/\/ledenonciateur224.com\/wp-content\/uploads\/2025\/07\/fb-img-1753445011937-747x420.jpg 747w\" sizes=\"auto, (max-width: 2048px) 100vw, 2048px\" \/><\/p>\n<p>Aboubacar Moussa Camara<\/p>\n<p>611 70 39 84<\/p>\n","protected":false},"excerpt":{"rendered":"<p>Alors que la campagne de vulgarisation du projet de la nouvelle Constitution bat son plein en Guin\u00e9e, les d\u00e9bats s\u2019intensifient. Entre critiques virulentes et soutiens affich\u00e9s, la tension monte \u00e0 mesure que le r\u00e9f\u00e9rendum approche. Ce vendredi, la r\u00e9daction de Ledenonciateur224.com s\u2019est entretenue avec Ahmed S\u00e9kou Camara, coordinateur de plusieurs mouvements de soutien au CNRD. [&hellip;]<\/p>\n","protected":false},"author":2,"featured_media":4102,"comment_status":"open","ping_status":"open","sticky":false,"template":"","format":"standard","meta":{"_jetpack_memberships_contains_paid_content":false,"footnotes":"","jetpack_publicize_message":"","jetpack_publicize_feature_enabled":true,"jetpack_social_post_already_shared":true,"jetpack_social_options":{"image_generator_settings":{"template":"highway","default_image_id":0,"font":"","enabled":false},"version":2}},"categories":[24,27],"tags":[1006,920],"class_list":{"0":"post-4097","1":"post","2":"type-post","3":"status-publish","4":"format-standard","5":"has-post-thumbnail","7":"category-news","8":"category-politique","9":"tag-ahmed-de-paris","10":"tag-projet-de-constitution"},"jetpack_publicize_connections":[],"jetpack_featured_media_url":"https:\/\/ledenonciateur224.com\/wp-content\/uploads\/2025\/07\/fb-img-1753445040482.jpg","jetpack_sharing_enabled":true,"_links":{"self":[{"href":"https:\/\/ledenonciateur224.com\/index.php\/wp-json\/wp\/v2\/posts\/4097","targetHints":{"allow":["GET"]}}],"collection":[{"href":"https:\/\/ledenonciateur224.com\/index.php\/wp-json\/wp\/v2\/posts"}],"about":[{"href":"https:\/\/ledenonciateur224.com\/index.php\/wp-json\/wp\/v2\/types\/post"}],"author":[{"embeddable":true,"href":"https:\/\/ledenonciateur224.com\/index.php\/wp-json\/wp\/v2\/users\/2"}],"replies":[{"embeddable":true,"href":"https:\/\/ledenonciateur224.com\/index.php\/wp-json\/wp\/v2\/comments?post=4097"}],"version-history":[{"count":0,"href":"https:\/\/ledenonciateur224.com\/index.php\/wp-json\/wp\/v2\/posts\/4097\/revisions"}],"wp:featuredmedia":[{"embeddable":true,"href":"https:\/\/ledenonciateur224.com\/index.php\/wp-json\/wp\/v2\/media\/4102"}],"wp:attachment":[{"href":"https:\/\/ledenonciateur224.com\/index.php\/wp-json\/wp\/v2\/media?parent=4097"}],"wp:term":[{"taxonomy":"category","embeddable":true,"href":"https:\/\/ledenonciateur224.com\/index.php\/wp-json\/wp\/v2\/categories?post=4097"},{"taxonomy":"post_tag","embeddable":true,"href":"https:\/\/ledenonciateur224.com\/index.php\/wp-json\/wp\/v2\/tags?post=4097"}],"curies":[{"name":"wp","href":"https:\/\/api.w.org\/{rel}","templated":true}]}}