{"id":4107,"date":"2025-07-26T10:51:08","date_gmt":"2025-07-26T10:51:08","guid":{"rendered":"https:\/\/ledenonciateur224.com\/?p=4107"},"modified":"2025-07-26T10:51:08","modified_gmt":"2025-07-26T10:51:08","slug":"election-la-hac-recoit-une-mission-de-lunion-africaine","status":"publish","type":"post","link":"https:\/\/ledenonciateur224.com\/index.php\/election-la-hac-recoit-une-mission-de-lunion-africaine\/","title":{"rendered":"Election: la HAC re\u00e7oit une mission de l\u2019Union Africaine"},"content":{"rendered":"<p>Conakry, le 25 Juillet 2025\u00a0: Le Pr\u00e9sident de la Haute Autorit\u00e9 de la Communication (HAC), Boubacar Yacine Diallo, a re\u00e7u ce vendredi, 25 Juillet 2025 \u00e0 son si\u00e8ge, la Mission de l\u2019Union Africaine (UA) en charge de recueillir les besoins \u00e9lectoraux de l\u2019institution de r\u00e9gulation des m\u00e9dias en R\u00e9publique de Guin\u00e9e.<\/p>\n<p>Le Pr\u00e9sident de la HAC, Boubacar Yacine Diallo, en compagnie des membres de son coll\u00e8ge, a tout d\u2019abord fait un bref aper\u00e7u historique du Palais du 25 Ao\u00fbt qui abrite son institution et rappel\u00e9 tous les hauts faits qui s\u2019y sont d\u00e9roul\u00e9s de la p\u00e9riode coloniale \u00e0 nos jours.<\/p>\n<p>C\u2019est dans cette salle charg\u00e9e d\u2019histoire surtout que les \u00e9changes ont eu lieu entre les membres de la d\u00e9l\u00e9gation de l\u2019Union Africaine, dirig\u00e9s par l\u2019Ambassadeur Calixte Aristide Mbari et le Pr\u00e9sident de la HAC. Les \u00e9changes qui ont dur\u00e9 deux heures d\u2019affil\u00e9e ont permis de passer aux peignes fins les questions relatives au fonctionnement de la HAC, le r\u00f4le de la presse dans le processus \u00e9lectoral, la couverture responsable des \u00e9lections et les besoins \u00e9lectoraux en vue d\u2019un accompagnement par l\u2019organisation panafricaine.<\/p>\n<div dir=\"auto\">\n<div>\n<div><ins><\/p>\n<div><img loading=\"lazy\" decoding=\"async\" class=\"alignnone size-full wp-image-4108\" src=\"https:\/\/ledenonciateur224.com\/wp-content\/uploads\/2025\/07\/hac-mission-ua.jpg\" alt=\"\" width=\"700\" height=\"375\" srcset=\"https:\/\/ledenonciateur224.com\/wp-content\/uploads\/2025\/07\/hac-mission-ua.jpg 700w, https:\/\/ledenonciateur224.com\/wp-content\/uploads\/2025\/07\/hac-mission-ua-300x161.jpg 300w, https:\/\/ledenonciateur224.com\/wp-content\/uploads\/2025\/07\/hac-mission-ua-150x80.jpg 150w, https:\/\/ledenonciateur224.com\/wp-content\/uploads\/2025\/07\/hac-mission-ua-696x373.jpg 696w\" sizes=\"auto, (max-width: 700px) 100vw, 700px\" \/><\/div>\n<p><\/ins><\/div>\n<\/div>\n<\/div>\n<p>A la sortie de la r\u00e9union, les deux parties semblent satisfaites.<\/p>\n<p>\u00ab\u00a0<em>Dans le cadre de cette mission qui nous a conduit ici en R\u00e9publique de Guin\u00e9e, nous avons commenc\u00e9 les rencontres avec les diff\u00e9rentes institutions, les diff\u00e9rentes personnalit\u00e9s.\u00a0 Aujourd\u2019hui, nous avons \u00e9t\u00e9 re\u00e7us par le Pr\u00e9sident de la HAC avec ses coll\u00e8gues.\u00a0 Nous sommes venus nous informer sur le fonctionnement de la HAC.\u00a0 Nous avons \u00e9chang\u00e9 sur les d\u00e9fis auxquels ils font face en cette p\u00e9riode particuli\u00e8re de transition<\/em>\u00a0\u00bb explique le chef de mission, l\u2019Ambassadeur Calixte Arisitide \u00a0Mbari.<\/p>\n<p>\u00ab\u00a0<em>L\u2019objet de notre mission est d\u2019\u00e9couter les diff\u00e9rents acteurs, mettre notre organisation continentale, l\u2019UA, \u00e0 leur disposition afin de renforcer leurs capacit\u00e9s, contribuer \u00e0 ce que le processus qui se d\u00e9roule en ce qui concerne leur mandat se passe dans de bonnes conditions.\u00a0 Nous avons \u00e9t\u00e9 tr\u00e8s heureux d\u2019\u00eatre re\u00e7us par le Pr\u00e9sident de la HAC lui-m\u00eame et toute son \u00e9quipe. Le Pr\u00e9sident nous a fait part de tout le travail qu\u2019ils font pour permettre l\u2019information de la population et de l\u2019opinion sur toute la dynamique de l\u2019heure, \u00e9galement permettre \u00e0 ce que les professionnels de m\u00e9dias puissent remplir leurs obligations dans le respect du cadre l\u00e9gal, en ayant respect\u00e9 le cours de d\u00e9ontologie parce que c\u2019est de cela qu\u2019il s\u2019agit.\u00a0 A l\u2019occasion, nous avons \u00e9galement \u00e9chang\u00e9 avec le Pr\u00e9sident sur l\u2019apport de l\u2019Union africaine pour renforcer et encourager ses efforts pour permettre justement \u00e0 ce que l\u2019information puisse v\u00e9ritablement circuler et permettre \u00e0 la population d\u2019\u00eatre inform\u00e9e aussi bien sur le processus de fa\u00e7on particuli\u00e8re mais sur tout qui se fait en cette p\u00e9riode o\u00f9 le pays attend le scrutin r\u00e9f\u00e9rendaire qui va consacrer la mise en place de la nouvelle constitution<\/em>\u00a0\u00bb a-t-il poursuivi.<\/p>\n<p>A l\u2019image de ses h\u00f4tes, le Pr\u00e9sident de la HAC, Boubacar Yacine Diallo a exprim\u00e9 de son c\u00f4t\u00e9 toute sa satisfaction au sujet du renforcement des capacit\u00e9s des journalistes en vue d\u2019une meilleure couverture du r\u00e9f\u00e9rendum et autres \u00e9lections ainsi que celui de ses coll\u00e8gues Commissaires en mati\u00e8re du processus r\u00e9f\u00e9rendaire.<\/p>\n<p>\u00ab<em>\u00a0C\u2019est une satisfaction de voir l\u2019 Union Africaine accompagner le Pouvoir de Conakry, accompagner la soci\u00e9t\u00e9 civile, accompagner les institutions de la R\u00e9publique dans le cadre de l\u2019organisation du r\u00e9f\u00e9rendum du 21 septembre 2025. Deuxi\u00e8me satisfaction, cette mission nous a \u00e9cout\u00e9 avec beaucoup d\u2019attention.\u00a0 Nous lui avons fait part de tout ce que nous prenons comme mesures en vue de permettre \u00e0 la presse de travailler en toute libert\u00e9, mais \u00e9galement en toute responsabilit\u00e9. Nous avons expliqu\u00e9 \u00e0 la mission que tous- les membres du Coll\u00e8ge de la HAC- nous rentrions d\u2019une tourn\u00e9e \u00e0 l\u2019int\u00e9rieur du pays pour \u00e9changer avec les journalistes, les sensibiliser sur la n\u00e9cessit\u00e9 de pr\u00e9server la paix et la qui\u00e9tude sociale<\/em>\u00a0\u00bb affirme M. Diallo<\/p>\n<p>\u00ab\u00a0<em>Nous avons formul\u00e9 des demandes aupr\u00e8s de l\u2019UA\u00a0 \u00e0 sa demande<\/em>, pr\u00e9cise-t-il, \u00a0<em>concernant notamment le renforcement des capacit\u00e9s des journalistes.\u00a0 Nous avons demand\u00e9 aux organes de presse de designer d\u00e9j\u00e0 les journalistes qui vont couvrir le r\u00e9f\u00e9rendum.\u00a0 Nous avons demand\u00e9 \u00e0 l\u2019Union africaine de nous accompagner dans le renforcement de leurs capacit\u00e9s.\u00a0 Nous avons \u00e9galement demand\u00e9 l\u2019envoi dans des pays qui ont d\u00e9j\u00e0 organis\u00e9 des r\u00e9f\u00e9rendum quelques Commissaires pour que ces derniers puissent s\u2019approprier des conditions d\u2019organisation de la couverture m\u00e9diatique d\u2019un r\u00e9f\u00e9rendum<\/em>.\u00a0\u00bb<\/p>\n<p>Le chef de la mission de l\u2019UA a sollicit\u00e9 de la HAC une requ\u00eate formelle de ses besoins \u00e9lectoraux sans d\u00e9lais.\u00a0 Ce qui rassure le Pr\u00e9sident de la HAC.<\/p>\n<p>\u00ab\u00a0Je n\u2019ai pas de doute qu\u2019elle nous accompagnera dans la formation des journalistes et dans le perfectionnement des Commissaires en mati\u00e8re de r\u00e9gulation d\u2019une campagne \u00e9lectorale d\u2019un r\u00e9f\u00e9rendum\u00a0\u00bb se r\u00e9jouit-il.<\/p>\n<p>Alpha Ibrahima Tour\u00e9<\/p>\n<p>&nbsp;<\/p>\n<p>Service Communication de la HAC<\/p>\n","protected":false},"excerpt":{"rendered":"<p>Conakry, le 25 Juillet 2025\u00a0: Le Pr\u00e9sident de la Haute Autorit\u00e9 de la Communication (HAC), Boubacar Yacine Diallo, a re\u00e7u ce vendredi, 25 Juillet 2025 \u00e0 son si\u00e8ge, la Mission de l\u2019Union Africaine (UA) en charge de recueillir les besoins \u00e9lectoraux de l\u2019institution de r\u00e9gulation des m\u00e9dias en R\u00e9publique de Guin\u00e9e. Le Pr\u00e9sident de la [&hellip;]<\/p>\n","protected":false},"author":2,"featured_media":4109,"comment_status":"open","ping_status":"open","sticky":false,"template":"","format":"standard","meta":{"_jetpack_memberships_contains_paid_content":false,"footnotes":"","jetpack_publicize_message":"","jetpack_publicize_feature_enabled":true,"jetpack_social_post_already_shared":true,"jetpack_social_options":{"image_generator_settings":{"template":"highway","default_image_id":0,"font":"","enabled":false},"version":2}},"categories":[24,27],"tags":[865,767],"class_list":{"0":"post-4107","1":"post","2":"type-post","3":"status-publish","4":"format-standard","5":"has-post-thumbnail","7":"category-news","8":"category-politique","9":"tag-elections-en-guinee","10":"tag-hac-guinee"},"jetpack_publicize_connections":[],"jetpack_featured_media_url":"https:\/\/ledenonciateur224.com\/wp-content\/uploads\/2025\/07\/hac-mission-ua-1.jpg","jetpack_sharing_enabled":true,"_links":{"self":[{"href":"https:\/\/ledenonciateur224.com\/index.php\/wp-json\/wp\/v2\/posts\/4107","targetHints":{"allow":["GET"]}}],"collection":[{"href":"https:\/\/ledenonciateur224.com\/index.php\/wp-json\/wp\/v2\/posts"}],"about":[{"href":"https:\/\/ledenonciateur224.com\/index.php\/wp-json\/wp\/v2\/types\/post"}],"author":[{"embeddable":true,"href":"https:\/\/ledenonciateur224.com\/index.php\/wp-json\/wp\/v2\/users\/2"}],"replies":[{"embeddable":true,"href":"https:\/\/ledenonciateur224.com\/index.php\/wp-json\/wp\/v2\/comments?post=4107"}],"version-history":[{"count":0,"href":"https:\/\/ledenonciateur224.com\/index.php\/wp-json\/wp\/v2\/posts\/4107\/revisions"}],"wp:featuredmedia":[{"embeddable":true,"href":"https:\/\/ledenonciateur224.com\/index.php\/wp-json\/wp\/v2\/media\/4109"}],"wp:attachment":[{"href":"https:\/\/ledenonciateur224.com\/index.php\/wp-json\/wp\/v2\/media?parent=4107"}],"wp:term":[{"taxonomy":"category","embeddable":true,"href":"https:\/\/ledenonciateur224.com\/index.php\/wp-json\/wp\/v2\/categories?post=4107"},{"taxonomy":"post_tag","embeddable":true,"href":"https:\/\/ledenonciateur224.com\/index.php\/wp-json\/wp\/v2\/tags?post=4107"}],"curies":[{"name":"wp","href":"https:\/\/api.w.org\/{rel}","templated":true}]}}