{"id":411,"date":"2024-12-09T08:19:02","date_gmt":"2024-12-09T08:19:02","guid":{"rendered":"https:\/\/ledenonciateur224.com\/?p=411"},"modified":"2024-12-09T08:19:02","modified_gmt":"2024-12-09T08:19:02","slug":"deces-de-la-maman-du-journaliste-aboubacar-diallo-voici-le-programme-des-obseques","status":"publish","type":"post","link":"https:\/\/ledenonciateur224.com\/index.php\/deces-de-la-maman-du-journaliste-aboubacar-diallo-voici-le-programme-des-obseques\/","title":{"rendered":"D\u00e9c\u00e8s de la maman du journaliste Aboubacar Diallo : voici le programme des obs\u00e8ques\u00a0"},"content":{"rendered":"<p>Allahou Akbar! Dieu soit lou\u00e9 dans sa grandeur et sa mis\u00e9ricorde!<\/p>\n<p>Les familles Diallo, Sylla, Sangar\u00e9, Sidib\u00e9, Kaba, Camara, Diakit\u00e9, Cond\u00e9, Ciss\u00e9, Barry, parents, alli\u00e9s et amis, ont la profonde douleur de vous informer du rappel \u00e0 Dieu, ce dimanche 08 d\u00e9cembre 2024 \u00e0 Conakry, de Hadja Bintou Sylla. La d\u00e9funte \u00e9tait la m\u00e8re de Monsieur Aboubacar Diallo, le Directeur G\u00e9n\u00e9ral du Groupe Fr\u00e9quence M\u00e9dias (FIM FM).<\/p>\n<p>L\u2019enterrement est pr\u00e9vu \u00e0 Kankan, le mardi 10 d\u00e9cembre 2024, apr\u00e8s la pri\u00e8re de 14h, au quartier Mobil.<\/p>\n<p>La lev\u00e9e du corps de Hadja Bintou Sylla, aura lieu ce lundi 09 d\u00e9cembre 2024, \u00e0 10h00, \u00e0 la morgue de l\u2019H\u00f4pital sino-guin\u00e9en.<\/p>\n<p>Que l\u2019\u00e2me de l\u2019illustre d\u00e9funte repose en paix!<br \/>\nAmen.<\/p>\n","protected":false},"excerpt":{"rendered":"<p>Allahou Akbar! Dieu soit lou\u00e9 dans sa grandeur et sa mis\u00e9ricorde! Les familles Diallo, Sylla, Sangar\u00e9, Sidib\u00e9, Kaba, Camara, Diakit\u00e9, Cond\u00e9, Ciss\u00e9, Barry, parents, alli\u00e9s et amis, ont la profonde douleur de vous informer du rappel \u00e0 Dieu, ce dimanche 08 d\u00e9cembre 2024 \u00e0 Conakry, de Hadja Bintou Sylla. La d\u00e9funte \u00e9tait la m\u00e8re de [&hellip;]<\/p>\n","protected":false},"author":2,"featured_media":412,"comment_status":"open","ping_status":"open","sticky":false,"template":"","format":"standard","meta":{"_jetpack_memberships_contains_paid_content":false,"footnotes":"","jetpack_publicize_message":"","jetpack_publicize_feature_enabled":true,"jetpack_social_post_already_shared":false,"jetpack_social_options":{"image_generator_settings":{"template":"highway","default_image_id":0,"font":"","enabled":false},"version":2}},"categories":[30,24],"tags":[36,77,35,40],"class_list":{"0":"post-411","1":"post","2":"type-post","3":"status-publish","4":"format-standard","5":"has-post-thumbnail","7":"category-faits-divers","8":"category-news","9":"tag-conakry","10":"tag-deces","11":"tag-guinee","12":"tag-journaliste"},"jetpack_publicize_connections":[],"jetpack_featured_media_url":"https:\/\/ledenonciateur224.com\/wp-content\/uploads\/2024\/12\/fb-img-1733681709123-1080x570-1.jpg","jetpack_sharing_enabled":true,"_links":{"self":[{"href":"https:\/\/ledenonciateur224.com\/index.php\/wp-json\/wp\/v2\/posts\/411","targetHints":{"allow":["GET"]}}],"collection":[{"href":"https:\/\/ledenonciateur224.com\/index.php\/wp-json\/wp\/v2\/posts"}],"about":[{"href":"https:\/\/ledenonciateur224.com\/index.php\/wp-json\/wp\/v2\/types\/post"}],"author":[{"embeddable":true,"href":"https:\/\/ledenonciateur224.com\/index.php\/wp-json\/wp\/v2\/users\/2"}],"replies":[{"embeddable":true,"href":"https:\/\/ledenonciateur224.com\/index.php\/wp-json\/wp\/v2\/comments?post=411"}],"version-history":[{"count":0,"href":"https:\/\/ledenonciateur224.com\/index.php\/wp-json\/wp\/v2\/posts\/411\/revisions"}],"wp:featuredmedia":[{"embeddable":true,"href":"https:\/\/ledenonciateur224.com\/index.php\/wp-json\/wp\/v2\/media\/412"}],"wp:attachment":[{"href":"https:\/\/ledenonciateur224.com\/index.php\/wp-json\/wp\/v2\/media?parent=411"}],"wp:term":[{"taxonomy":"category","embeddable":true,"href":"https:\/\/ledenonciateur224.com\/index.php\/wp-json\/wp\/v2\/categories?post=411"},{"taxonomy":"post_tag","embeddable":true,"href":"https:\/\/ledenonciateur224.com\/index.php\/wp-json\/wp\/v2\/tags?post=411"}],"curies":[{"name":"wp","href":"https:\/\/api.w.org\/{rel}","templated":true}]}}