{"id":4114,"date":"2025-07-26T13:00:36","date_gmt":"2025-07-26T13:00:36","guid":{"rendered":"https:\/\/ledenonciateur224.com\/?p=4114"},"modified":"2025-07-26T13:00:36","modified_gmt":"2025-07-26T13:00:36","slug":"deux-ans-apres-le-coup-detat-le-general-tiani-fustige-limperialisme-dans-son-discours","status":"publish","type":"post","link":"https:\/\/ledenonciateur224.com\/index.php\/deux-ans-apres-le-coup-detat-le-general-tiani-fustige-limperialisme-dans-son-discours\/","title":{"rendered":"Deux ans apr\u00e8s le coup d\u2019\u00c9tat, le G\u00e9n\u00e9ral Tiani fustige l&rsquo;imp\u00e9rialisme dans son discours"},"content":{"rendered":"<p><em>Le leader nig\u00e9rien critique fermement les ing\u00e9rences ext\u00e9rieures et appelle \u00e0 l&rsquo;unit\u00e9 nationale face aux menaces imp\u00e9rialistes, deux ans apr\u00e8s le renversement du r\u00e9gime d\u00e9mocratiquement \u00e9lu.<\/em><\/p>\n<p>&nbsp;<\/p>\n<p>Cela fait deux ans ce samedi 26 juillet que le g\u00e9n\u00e9ral Abdourahamane Tiani est aux commandes du Niger apr\u00e8s avoir renvers\u00e9 le pr\u00e9sident Mohamed Bazoum. Pour c\u00e9l\u00e9brer ses deux ans au pouvoir, le g\u00e9n\u00e9ral Tiani s&rsquo;est adress\u00e9 le soir du 25 juillet \u00e0 ses concitoyens dans un message radiot\u00e9l\u00e9vis\u00e9. Comme \u00e0 son habitude, il a accus\u00e9 les forces n\u00e9ocoloniales d&rsquo;entraver le d\u00e9veloppement de son pays souverain.<\/p>\n<p>Au\u00a0<a href=\"https:\/\/www.rfi.fr\/fr\/tag\/niger\/\">Niger<\/a>, ce 25 juillet, c&rsquo;est dans une tenue militaire impeccable et coiff\u00e9 d&rsquo;un b\u00e9ret vert frapp\u00e9 de ses cinq \u00e9toiles que le g\u00e9n\u00e9ral Tiani est apparu \u00e0 la t\u00e9l\u00e9vision nationale. L&rsquo;homme fort du pays n&rsquo;y est pas all\u00e9 par quatre chemins pour d\u00e9noncer ce qu&rsquo;il a appel\u00e9 les forces imp\u00e9rialistes qui d\u00e9stabilisent son pays. Selon lui, ces forces influencent n\u00e9gativement le quotidien des Nig\u00e9riens et emp\u00eachent le pays et sa population de r\u00e9aliser les progr\u00e8s accomplis par son gouvernement.<\/p>\n<p>Tout en reconnaissant ses difficult\u00e9s devant ce qu&rsquo;il a appel\u00e9 les attaques multiformes venues de l&rsquo;ext\u00e9rieur, le\u00a0<a href=\"https:\/\/www.rfi.fr\/fr\/tag\/abdourahamane-tchiani\/\">g\u00e9n\u00e9ral Tiani<\/a>\u00a0a affirm\u00e9 aux Nig\u00e9riens qu&rsquo;il n&rsquo;y a que deux choix qui s&rsquo;offrent \u00e0 eux pour sauver le pays des forces imp\u00e9rialistes : le chaos et la soumission ou le refus de la soumission, \u00ab\u00a0<em>le choix de la dignit\u00e9 dans l&rsquo;honneur<\/em>\u00a0\u00bb a-t-il affirm\u00e9. Le g\u00e9n\u00e9ral n&rsquo;a pas fait mention des centaines de soldats et des populations civiles tu\u00e9s lors des derni\u00e8res attaques terroristes. Il a cependant appel\u00e9 les Nig\u00e9riens \u00e0 prier pour un Niger radieux.<\/p>\n<p>&nbsp;<\/p>\n<p>Rfi<\/p>\n","protected":false},"excerpt":{"rendered":"<p>Le leader nig\u00e9rien critique fermement les ing\u00e9rences ext\u00e9rieures et appelle \u00e0 l&rsquo;unit\u00e9 nationale face aux menaces imp\u00e9rialistes, deux ans apr\u00e8s le renversement du r\u00e9gime d\u00e9mocratiquement \u00e9lu. &nbsp; Cela fait deux ans ce samedi 26 juillet que le g\u00e9n\u00e9ral Abdourahamane Tiani est aux commandes du Niger apr\u00e8s avoir renvers\u00e9 le pr\u00e9sident Mohamed Bazoum. Pour c\u00e9l\u00e9brer ses [&hellip;]<\/p>\n","protected":false},"author":2,"featured_media":4115,"comment_status":"open","ping_status":"open","sticky":false,"template":"","format":"standard","meta":{"_jetpack_memberships_contains_paid_content":false,"footnotes":"","jetpack_publicize_message":"","jetpack_publicize_feature_enabled":true,"jetpack_social_post_already_shared":true,"jetpack_social_options":{"image_generator_settings":{"template":"highway","default_image_id":0,"font":"","enabled":false},"version":2}},"categories":[38,24],"tags":[1009,141],"class_list":{"0":"post-4114","1":"post","2":"type-post","3":"status-publish","4":"format-standard","5":"has-post-thumbnail","7":"category-international","8":"category-news","9":"tag-general-tiani","10":"tag-niger"},"jetpack_publicize_connections":[],"jetpack_featured_media_url":"https:\/\/ledenonciateur224.com\/wp-content\/uploads\/2025\/07\/screenshot-20250726-125153-chrome.jpg","jetpack_sharing_enabled":true,"_links":{"self":[{"href":"https:\/\/ledenonciateur224.com\/index.php\/wp-json\/wp\/v2\/posts\/4114","targetHints":{"allow":["GET"]}}],"collection":[{"href":"https:\/\/ledenonciateur224.com\/index.php\/wp-json\/wp\/v2\/posts"}],"about":[{"href":"https:\/\/ledenonciateur224.com\/index.php\/wp-json\/wp\/v2\/types\/post"}],"author":[{"embeddable":true,"href":"https:\/\/ledenonciateur224.com\/index.php\/wp-json\/wp\/v2\/users\/2"}],"replies":[{"embeddable":true,"href":"https:\/\/ledenonciateur224.com\/index.php\/wp-json\/wp\/v2\/comments?post=4114"}],"version-history":[{"count":0,"href":"https:\/\/ledenonciateur224.com\/index.php\/wp-json\/wp\/v2\/posts\/4114\/revisions"}],"wp:featuredmedia":[{"embeddable":true,"href":"https:\/\/ledenonciateur224.com\/index.php\/wp-json\/wp\/v2\/media\/4115"}],"wp:attachment":[{"href":"https:\/\/ledenonciateur224.com\/index.php\/wp-json\/wp\/v2\/media?parent=4114"}],"wp:term":[{"taxonomy":"category","embeddable":true,"href":"https:\/\/ledenonciateur224.com\/index.php\/wp-json\/wp\/v2\/categories?post=4114"},{"taxonomy":"post_tag","embeddable":true,"href":"https:\/\/ledenonciateur224.com\/index.php\/wp-json\/wp\/v2\/tags?post=4114"}],"curies":[{"name":"wp","href":"https:\/\/api.w.org\/{rel}","templated":true}]}}