{"id":4126,"date":"2025-07-27T01:11:26","date_gmt":"2025-07-27T01:11:26","guid":{"rendered":"https:\/\/ledenonciateur224.com\/?p=4126"},"modified":"2025-07-27T01:11:26","modified_gmt":"2025-07-27T01:11:26","slug":"les-meres-de-la-liberte-quand-kadiatou-konate-redonne-voix-aux-oubliees-de-lhistoire-guineenne","status":"publish","type":"post","link":"https:\/\/ledenonciateur224.com\/index.php\/les-meres-de-la-liberte-quand-kadiatou-konate-redonne-voix-aux-oubliees-de-lhistoire-guineenne\/","title":{"rendered":"\u00ab\u00a0Les m\u00e8res de la libert\u00e9\u00a0\u00bb : Quand Kadiatou Konat\u00e9 redonne voix aux oubli\u00e9es de l\u2019histoire guin\u00e9enne"},"content":{"rendered":"<h4><em>Une \u0153uvre puissante qui revisite le r\u00f4le fondamental des femmes dans la lutte pour l\u2019ind\u00e9pendance et la construction de la Guin\u00e9e<\/em><\/h4>\n<p>Ce samedi 26 juillet \u00e0 Conakry, Kadiatou Konat\u00e9, militante f\u00e9ministe et engag\u00e9e pour la m\u00e9moire collective, a pr\u00e9sent\u00e9 au public son premier ouvrage intitul\u00e9\u00a0<em>Les M\u00e8res de la Libert\u00e9 \u2013 Femmes et luttes pour l\u2019ind\u00e9pendance en Guin\u00e9e<\/em>. Publi\u00e9 par les \u00e9ditions L\u2019Harmattan Guin\u00e9e, ce livre de 134 pages, structur\u00e9 en cinq chapitres, s\u2019impose comme un v\u00e9ritable hommage aux pionni\u00e8res de l\u2019ind\u00e9pendance, longtemps invisibilis\u00e9es par l\u2019histoire officielle.<\/p>\n<h3><img loading=\"lazy\" decoding=\"async\" class=\"alignnone size-full wp-image-4127\" src=\"https:\/\/ledenonciateur224.com\/wp-content\/uploads\/2025\/07\/20250726-133711-scaled-1.jpg\" alt=\"\" width=\"2560\" height=\"1735\" srcset=\"https:\/\/ledenonciateur224.com\/wp-content\/uploads\/2025\/07\/20250726-133711-scaled-1.jpg 2560w, https:\/\/ledenonciateur224.com\/wp-content\/uploads\/2025\/07\/20250726-133711-scaled-1-300x203.jpg 300w, https:\/\/ledenonciateur224.com\/wp-content\/uploads\/2025\/07\/20250726-133711-scaled-1-1024x694.jpg 1024w, https:\/\/ledenonciateur224.com\/wp-content\/uploads\/2025\/07\/20250726-133711-scaled-1-768x521.jpg 768w, https:\/\/ledenonciateur224.com\/wp-content\/uploads\/2025\/07\/20250726-133711-scaled-1-1536x1041.jpg 1536w, https:\/\/ledenonciateur224.com\/wp-content\/uploads\/2025\/07\/20250726-133711-scaled-1-2048x1388.jpg 2048w, https:\/\/ledenonciateur224.com\/wp-content\/uploads\/2025\/07\/20250726-133711-scaled-1-150x102.jpg 150w, https:\/\/ledenonciateur224.com\/wp-content\/uploads\/2025\/07\/20250726-133711-scaled-1-696x472.jpg 696w, https:\/\/ledenonciateur224.com\/wp-content\/uploads\/2025\/07\/20250726-133711-scaled-1-1068x724.jpg 1068w, https:\/\/ledenonciateur224.com\/wp-content\/uploads\/2025\/07\/20250726-133711-scaled-1-1920x1301.jpg 1920w, https:\/\/ledenonciateur224.com\/wp-content\/uploads\/2025\/07\/20250726-133711-scaled-1-620x420.jpg 620w\" sizes=\"auto, (max-width: 2560px) 100vw, 2560px\" \/><\/h3>\n<p>\u00ab\u00a0<em>Les M\u00e8res de la Libert\u00e9<\/em>\u00a0est un livre qui parle de la femme guin\u00e9enne. De nos m\u00e8res, qui ont milit\u00e9 aux c\u00f4t\u00e9s des hommes pour permettre \u00e0 la Guin\u00e9e d\u2019acc\u00e9der \u00e0 son ind\u00e9pendance \u00bb, explique Kadiatou Konat\u00e9. \u00ab Mais \u00e7a ne s\u2019arr\u00eate pas l\u00e0. C\u2019est aussi pour ces femmes qui, aujourd\u2019hui encore, participent activement \u00e0 la construction de notre cher pays, parce qu\u2019elles n\u2019ont jamais \u00e9t\u00e9 en marge. \u00bb<\/p>\n<p>L\u2019autrice livre une r\u00e9flexion profonde sur l\u2019engagement des femmes guin\u00e9ennes, depuis l\u2019\u00e8re coloniale jusqu\u2019\u00e0 nos jours. Le premier chapitre propose une analyse critique du positionnement des femmes dans la soci\u00e9t\u00e9 guin\u00e9enne \u00e0 travers le temps. Le second met en lumi\u00e8re des figures embl\u00e9matiques comme Hadja Mafory Bangoura ou M\u2019Ballia Camara, tout en soulignant que d&rsquo;autres femmes, moins connues mais tout aussi actives, ont \u00e9galement marqu\u00e9 cette lutte collective.<\/p>\n<p><img loading=\"lazy\" decoding=\"async\" class=\"alignnone size-full wp-image-4128\" src=\"https:\/\/ledenonciateur224.com\/wp-content\/uploads\/2025\/07\/20250726-134128-scaled-1.jpg\" alt=\"\" width=\"2560\" height=\"1203\" srcset=\"https:\/\/ledenonciateur224.com\/wp-content\/uploads\/2025\/07\/20250726-134128-scaled-1.jpg 2560w, https:\/\/ledenonciateur224.com\/wp-content\/uploads\/2025\/07\/20250726-134128-scaled-1-300x141.jpg 300w, https:\/\/ledenonciateur224.com\/wp-content\/uploads\/2025\/07\/20250726-134128-scaled-1-1024x481.jpg 1024w, https:\/\/ledenonciateur224.com\/wp-content\/uploads\/2025\/07\/20250726-134128-scaled-1-768x361.jpg 768w, https:\/\/ledenonciateur224.com\/wp-content\/uploads\/2025\/07\/20250726-134128-scaled-1-1536x722.jpg 1536w, https:\/\/ledenonciateur224.com\/wp-content\/uploads\/2025\/07\/20250726-134128-scaled-1-2048x962.jpg 2048w, https:\/\/ledenonciateur224.com\/wp-content\/uploads\/2025\/07\/20250726-134128-scaled-1-150x70.jpg 150w, https:\/\/ledenonciateur224.com\/wp-content\/uploads\/2025\/07\/20250726-134128-scaled-1-696x327.jpg 696w, https:\/\/ledenonciateur224.com\/wp-content\/uploads\/2025\/07\/20250726-134128-scaled-1-1068x502.jpg 1068w, https:\/\/ledenonciateur224.com\/wp-content\/uploads\/2025\/07\/20250726-134128-scaled-1-1920x902.jpg 1920w, https:\/\/ledenonciateur224.com\/wp-content\/uploads\/2025\/07\/20250726-134128-scaled-1-894x420.jpg 894w\" sizes=\"auto, (max-width: 2560px) 100vw, 2560px\" \/><\/p>\n<p>Dans le troisi\u00e8me chapitre, l\u2019autrice dresse une cartographie des femmes oubli\u00e9es : ces militantes de l\u2019ombre issues des r\u00e9gions, des pr\u00e9fectures, des communaut\u00e9s rurales, qui ont contribu\u00e9 \u00e0 leur mani\u00e8re \u00e0 l\u2019\u00e9mancipation nationale. Elle retrace \u00e9galement des moments forts comme la r\u00e9volte des femmes de 1977, en protestation contre la politique \u00e9conomique d\u2019Ahmed S\u00e9kou Tour\u00e9.<\/p>\n<p>Le dernier chapitre projette cette m\u00e9moire dans le pr\u00e9sent : il c\u00e9l\u00e8bre les femmes d\u2019aujourd\u2019hui, ces actrices du changement qui poursuivent la lutte pour l\u2019\u00e9galit\u00e9 et la justice sociale. Un message fort adress\u00e9 \u00e0 la jeune g\u00e9n\u00e9ration, invit\u00e9e \u00e0 s\u2019inscrire dans cette continuit\u00e9 historique.<\/p>\n<h3><\/h3>\n<p>Lors de la c\u00e9r\u00e9monie, le directeur des \u00e9ditions L\u2019Harmattan Guin\u00e9e, Sansy Kaba Diakit\u00e9, a salu\u00e9 un ouvrage qu\u2019il qualifie de \u00ab puissance f\u00e9minine \u00bb. Il a rappel\u00e9 que cette publication s\u2019inscrit dans une dynamique \u00e9ditoriale qui valorise la voix des femmes : \u00ab Il y a quelques jours, Bo Mariame nous donnait un beau recueil. Puis Amada Kad\u00e9 Tour\u00e9, une jeune fille de 14 ans, nous livrait une belle histoire. Aujourd\u2019hui, c\u2019est encore une jeune femme qui nous pr\u00e9sente ce livre admirable. \u00bb<\/p>\n<p>De son c\u00f4t\u00e9, Hadja Maimouna Yombouno, premi\u00e8re vice-pr\u00e9sidente du Conseil National de la Transition (CNT), a f\u00e9licit\u00e9 l\u2019autrice pour son \u0153uvre engag\u00e9e : \u00ab Cette femme, par sa simplicit\u00e9, sa d\u00e9termination et son humilit\u00e9, force l\u2019admiration. Elle doit inspirer toute une g\u00e9n\u00e9ration de jeunes filles. \u00bb<\/p>\n<h3><\/h3>\n<p>Ce travail de m\u00e9moire a \u00e9t\u00e9 pr\u00e9fac\u00e9 par une autre grande figure f\u00e9minine : Hadja Saran Daraba, renfor\u00e7ant ainsi la l\u00e9gitimit\u00e9 et la port\u00e9e symbolique de l\u2019ouvrage.<\/p>\n<p><em>Les M\u00e8res de la Libert\u00e9<\/em>\u00a0est bien plus qu\u2019un livre : c\u2019est un acte de reconnaissance, un cri contre l\u2019oubli, une passerelle entre les g\u00e9n\u00e9rations, et une puissante r\u00e9affirmation du r\u00f4le crucial des femmes dans l\u2019histoire guin\u00e9enne.<\/p>\n<p>&nbsp;<\/p>\n<p>Ledenonciateur224.com<\/p>\n","protected":false},"excerpt":{"rendered":"<p>Une \u0153uvre puissante qui revisite le r\u00f4le fondamental des femmes dans la lutte pour l\u2019ind\u00e9pendance et la construction de la Guin\u00e9e Ce samedi 26 juillet \u00e0 Conakry, Kadiatou Konat\u00e9, militante f\u00e9ministe et engag\u00e9e pour la m\u00e9moire collective, a pr\u00e9sent\u00e9 au public son premier ouvrage intitul\u00e9\u00a0Les M\u00e8res de la Libert\u00e9 \u2013 Femmes et luttes pour l\u2019ind\u00e9pendance [&hellip;]<\/p>\n","protected":false},"author":2,"featured_media":4129,"comment_status":"open","ping_status":"open","sticky":false,"template":"","format":"standard","meta":{"_jetpack_memberships_contains_paid_content":false,"footnotes":"","jetpack_publicize_message":"","jetpack_publicize_feature_enabled":true,"jetpack_social_post_already_shared":true,"jetpack_social_options":{"image_generator_settings":{"template":"highway","default_image_id":0,"font":"","enabled":false},"version":2}},"categories":[30,24],"tags":[1015,518],"class_list":{"0":"post-4126","1":"post","2":"type-post","3":"status-publish","4":"format-standard","5":"has-post-thumbnail","7":"category-faits-divers","8":"category-news","9":"tag-kadiatou-konate","10":"tag-litterature"},"jetpack_publicize_connections":[],"jetpack_featured_media_url":"https:\/\/ledenonciateur224.com\/wp-content\/uploads\/2025\/07\/20250726-134055-750x375-1.jpg","jetpack_sharing_enabled":true,"_links":{"self":[{"href":"https:\/\/ledenonciateur224.com\/index.php\/wp-json\/wp\/v2\/posts\/4126","targetHints":{"allow":["GET"]}}],"collection":[{"href":"https:\/\/ledenonciateur224.com\/index.php\/wp-json\/wp\/v2\/posts"}],"about":[{"href":"https:\/\/ledenonciateur224.com\/index.php\/wp-json\/wp\/v2\/types\/post"}],"author":[{"embeddable":true,"href":"https:\/\/ledenonciateur224.com\/index.php\/wp-json\/wp\/v2\/users\/2"}],"replies":[{"embeddable":true,"href":"https:\/\/ledenonciateur224.com\/index.php\/wp-json\/wp\/v2\/comments?post=4126"}],"version-history":[{"count":0,"href":"https:\/\/ledenonciateur224.com\/index.php\/wp-json\/wp\/v2\/posts\/4126\/revisions"}],"wp:featuredmedia":[{"embeddable":true,"href":"https:\/\/ledenonciateur224.com\/index.php\/wp-json\/wp\/v2\/media\/4129"}],"wp:attachment":[{"href":"https:\/\/ledenonciateur224.com\/index.php\/wp-json\/wp\/v2\/media?parent=4126"}],"wp:term":[{"taxonomy":"category","embeddable":true,"href":"https:\/\/ledenonciateur224.com\/index.php\/wp-json\/wp\/v2\/categories?post=4126"},{"taxonomy":"post_tag","embeddable":true,"href":"https:\/\/ledenonciateur224.com\/index.php\/wp-json\/wp\/v2\/tags?post=4126"}],"curies":[{"name":"wp","href":"https:\/\/api.w.org\/{rel}","templated":true}]}}