{"id":4141,"date":"2025-07-28T14:16:57","date_gmt":"2025-07-28T14:16:57","guid":{"rendered":"https:\/\/ledenonciateur224.com\/?p=4141"},"modified":"2025-07-28T14:16:57","modified_gmt":"2025-07-28T14:16:57","slug":"guinee-sous-les-eaux-lurgence-climatique-frappe-a-la-porte","status":"publish","type":"post","link":"https:\/\/ledenonciateur224.com\/index.php\/guinee-sous-les-eaux-lurgence-climatique-frappe-a-la-porte\/","title":{"rendered":"Guin\u00e9e sous les eaux : l&rsquo;urgence climatique frappe \u00e0 la porte"},"content":{"rendered":"<h4><strong>En un mois, 15 morts, 1 200 m\u00e9nages sinistr\u00e9s : face \u00e0 des pluies d\u00e9vastatrices, les autorit\u00e9s appellent \u00e0 une r\u00e9ponse collective et structur\u00e9e<\/strong><\/h4>\n<p>Alors que les pluies diluviennes s\u2019abattent sans rel\u00e2che sur Conakry et la r\u00e9gion de la Basse Guin\u00e9e, le bilan humain et mat\u00e9riel s\u2019alourdit de jour en jour. Du 28 juin au 28 juillet 2025, pas moins de\u00a0<strong>15 personnes ont perdu la vie<\/strong>,\u00a0<strong>19 ont \u00e9t\u00e9 bless\u00e9es<\/strong>\u00a0et\u00a0<strong>environ 1 200 m\u00e9nages ont \u00e9t\u00e9 durement affect\u00e9s<\/strong>, selon un rapport alarmant de l\u2019<strong>Agence Nationale de Gestion des Urgences et des Catastrophes Humanitaires (ANGUCH)<\/strong>.<\/p>\n<p><img loading=\"lazy\" decoding=\"async\" class=\"alignnone size-full wp-image-4142\" src=\"https:\/\/ledenonciateur224.com\/wp-content\/uploads\/2025\/07\/img-20250728-wa0012-768x511-1.jpg\" alt=\"\" width=\"768\" height=\"511\" srcset=\"https:\/\/ledenonciateur224.com\/wp-content\/uploads\/2025\/07\/img-20250728-wa0012-768x511-1.jpg 768w, https:\/\/ledenonciateur224.com\/wp-content\/uploads\/2025\/07\/img-20250728-wa0012-768x511-1-300x200.jpg 300w, https:\/\/ledenonciateur224.com\/wp-content\/uploads\/2025\/07\/img-20250728-wa0012-768x511-1-150x100.jpg 150w, https:\/\/ledenonciateur224.com\/wp-content\/uploads\/2025\/07\/img-20250728-wa0012-768x511-1-696x463.jpg 696w, https:\/\/ledenonciateur224.com\/wp-content\/uploads\/2025\/07\/img-20250728-wa0012-768x511-1-631x420.jpg 631w\" sizes=\"auto, (max-width: 768px) 100vw, 768px\" \/><\/p>\n<p>Ces drames sont directement li\u00e9s aux inondations caus\u00e9es par des pr\u00e9cipitations exceptionnelles, comme l\u2019a confirm\u00e9\u00a0<strong>Lancei Tour\u00e9<\/strong>, Directeur G\u00e9n\u00e9ral de l\u2019ANGUCH. Il pr\u00e9cise que plusieurs victimes ont \u00e9t\u00e9 emport\u00e9es par les eaux, dans des zones devenues soudainement dangereuses \u00e0 la suite de la mont\u00e9e rapide des eaux.<\/p>\n<h3><\/h3>\n<p>Interrog\u00e9 par\u00a0<em>Africaguinee.com<\/em>, M. Tour\u00e9 a tenu \u00e0 replacer le ph\u00e9nom\u00e8ne dans un cadre plus large :<em>\u00ab Chaque ann\u00e9e, ce ne sont pas seulement la Guin\u00e9e, mais aussi les pays de la sous-r\u00e9gion et du monde entier qui sont confront\u00e9s aux cons\u00e9quences du d\u00e9r\u00e8glement climatique. La forte pluviom\u00e9trie en est l\u2019un des aspects majeurs, provoquant des inondations qui touchent surtout les pays insuffisamment pr\u00e9par\u00e9s. \u00bb<\/em><\/p>\n<p><img loading=\"lazy\" decoding=\"async\" class=\"alignnone size-full wp-image-4143\" src=\"https:\/\/ledenonciateur224.com\/wp-content\/uploads\/2025\/07\/img-20250728-wa0009-768x511-1.jpg\" alt=\"\" width=\"768\" height=\"511\" srcset=\"https:\/\/ledenonciateur224.com\/wp-content\/uploads\/2025\/07\/img-20250728-wa0009-768x511-1.jpg 768w, https:\/\/ledenonciateur224.com\/wp-content\/uploads\/2025\/07\/img-20250728-wa0009-768x511-1-300x200.jpg 300w, https:\/\/ledenonciateur224.com\/wp-content\/uploads\/2025\/07\/img-20250728-wa0009-768x511-1-150x100.jpg 150w, https:\/\/ledenonciateur224.com\/wp-content\/uploads\/2025\/07\/img-20250728-wa0009-768x511-1-696x463.jpg 696w, https:\/\/ledenonciateur224.com\/wp-content\/uploads\/2025\/07\/img-20250728-wa0009-768x511-1-631x420.jpg 631w\" sizes=\"auto, (max-width: 768px) 100vw, 768px\" \/><\/p>\n<p>En Guin\u00e9e, les causes de ces inondations sont bien identifi\u00e9es :\u00a0<strong>constructions anarchiques<\/strong>,\u00a0<strong>absence de planification urbaine<\/strong>,\u00a0<strong>caniveaux bouch\u00e9s ou mal entretenus<\/strong>, et\u00a0<strong>exutoires mal con\u00e7us<\/strong>. Des facteurs aggrav\u00e9s par une r\u00e9ponse encore in\u00e9gale sur le terrain, malgr\u00e9 les efforts fournis par les institutions comp\u00e9tentes.<\/p>\n<h3><\/h3>\n<p>Face \u00e0 la r\u00e9currence des inondations, l\u2019ANGUCH a mis en place une\u00a0<strong>cartographie des zones \u00e0 risque<\/strong>\u00a0\u00e0 travers le pays, en identifiant les points critiques. Ces informations sont transmises aux\u00a0<strong>\u00e9lus locaux<\/strong>\u00a0et aux\u00a0<strong>acteurs de la gestion des urgences<\/strong>, dans l\u2019objectif d\u2019anticiper les catastrophes \u00e0 venir.<\/p>\n<p>Cependant, l\u2019efficacit\u00e9 de ces dispositifs d\u00e9pend de la capacit\u00e9 des structures sectorielles \u00e0 agir rapidement. Parmi les institutions impliqu\u00e9es :\u00a0<strong>l\u2019AGEROUTE<\/strong>,\u00a0<strong>l\u2019Observatoire National des Routes<\/strong>,\u00a0<strong>le Fonds d\u2019Entretien Routier (FER)<\/strong>,\u00a0<strong>l\u2019ANSP<\/strong>, ou encore\u00a0<strong>le Minist\u00e8re de l\u2019Habitat<\/strong>. En cas de d\u00e9faillance ou d\u2019inaction,\u00a0<strong>l\u2019ANGUCH prend le relais<\/strong>\u00a0pour coordonner la r\u00e9ponse humanitaire d\u2019urgence.<em>\u00ab L\u2019un des principaux probl\u00e8mes \u00e9tait que les habitants, surpris par la mont\u00e9e des eaux, se retrouvaient bloqu\u00e9s dans leurs maisons. Nous avons donc identifi\u00e9 58 lieux publics \u00e0 travers le pays pour accueillir temporairement les populations vivant dans les zones \u00e0 risque \u00bb,<\/em>\u00a0explique Lancei Tour\u00e9.<\/p>\n<p>Ce syst\u00e8me d\u2019<strong>abris s\u00e9curis\u00e9s<\/strong>\u00a0permet aujourd\u2019hui de limiter les d\u00e9placements de derni\u00e8re minute et les sauvetages p\u00e9rilleux en pleine temp\u00eate.<\/p>\n<h3><\/h3>\n<p>\u00c0 travers ce t\u00e9moignage, le Directeur G\u00e9n\u00e9ral de l\u2019ANGUCH appelle \u00e0\u00a0<strong>une action collective, urgente et durable<\/strong>. Il insiste sur le fait que la\u00a0<strong>gestion des catastrophes naturelles<\/strong>\u00a0ne peut reposer uniquement sur une agence ou un minist\u00e8re, mais doit mobiliser\u00a0<strong>tous les acteurs : pouvoirs publics, collectivit\u00e9s locales, partenaires techniques, organisations de la soci\u00e9t\u00e9 civile et citoyens<\/strong>.<\/p>\n<p>Sans un v\u00e9ritable\u00a0<strong>changement de culture urbaine<\/strong>\u00a0et un\u00a0<strong>engagement transversal<\/strong>, les pertes humaines et mat\u00e9rielles risquent de se r\u00e9p\u00e9ter, voire de s\u2019aggraver, au fil des saisons pluvieuses.<\/p>\n<p>Ledenonciateur224.com<\/p>\n","protected":false},"excerpt":{"rendered":"<p>En un mois, 15 morts, 1 200 m\u00e9nages sinistr\u00e9s : face \u00e0 des pluies d\u00e9vastatrices, les autorit\u00e9s appellent \u00e0 une r\u00e9ponse collective et structur\u00e9e Alors que les pluies diluviennes s\u2019abattent sans rel\u00e2che sur Conakry et la r\u00e9gion de la Basse Guin\u00e9e, le bilan humain et mat\u00e9riel s\u2019alourdit de jour en jour. Du 28 juin au [&hellip;]<\/p>\n","protected":false},"author":2,"featured_media":3923,"comment_status":"open","ping_status":"open","sticky":false,"template":"","format":"standard","meta":{"_jetpack_memberships_contains_paid_content":false,"footnotes":"","jetpack_publicize_message":"","jetpack_publicize_feature_enabled":true,"jetpack_social_post_already_shared":true,"jetpack_social_options":{"image_generator_settings":{"template":"highway","default_image_id":0,"font":"","enabled":false},"version":2}},"categories":[30,24],"tags":[967],"class_list":{"0":"post-4141","1":"post","2":"type-post","3":"status-publish","4":"format-standard","5":"has-post-thumbnail","7":"category-faits-divers","8":"category-news","9":"tag-pluies-diluviennes"},"jetpack_publicize_connections":[],"jetpack_featured_media_url":"https:\/\/ledenonciateur224.com\/wp-content\/uploads\/2025\/07\/inondations-anguch-2.jpg","jetpack_sharing_enabled":true,"_links":{"self":[{"href":"https:\/\/ledenonciateur224.com\/index.php\/wp-json\/wp\/v2\/posts\/4141","targetHints":{"allow":["GET"]}}],"collection":[{"href":"https:\/\/ledenonciateur224.com\/index.php\/wp-json\/wp\/v2\/posts"}],"about":[{"href":"https:\/\/ledenonciateur224.com\/index.php\/wp-json\/wp\/v2\/types\/post"}],"author":[{"embeddable":true,"href":"https:\/\/ledenonciateur224.com\/index.php\/wp-json\/wp\/v2\/users\/2"}],"replies":[{"embeddable":true,"href":"https:\/\/ledenonciateur224.com\/index.php\/wp-json\/wp\/v2\/comments?post=4141"}],"version-history":[{"count":0,"href":"https:\/\/ledenonciateur224.com\/index.php\/wp-json\/wp\/v2\/posts\/4141\/revisions"}],"wp:featuredmedia":[{"embeddable":true,"href":"https:\/\/ledenonciateur224.com\/index.php\/wp-json\/wp\/v2\/media\/3923"}],"wp:attachment":[{"href":"https:\/\/ledenonciateur224.com\/index.php\/wp-json\/wp\/v2\/media?parent=4141"}],"wp:term":[{"taxonomy":"category","embeddable":true,"href":"https:\/\/ledenonciateur224.com\/index.php\/wp-json\/wp\/v2\/categories?post=4141"},{"taxonomy":"post_tag","embeddable":true,"href":"https:\/\/ledenonciateur224.com\/index.php\/wp-json\/wp\/v2\/tags?post=4141"}],"curies":[{"name":"wp","href":"https:\/\/api.w.org\/{rel}","templated":true}]}}