{"id":4164,"date":"2025-07-29T14:56:36","date_gmt":"2025-07-29T14:56:36","guid":{"rendered":"https:\/\/ledenonciateur224.com\/?p=4164"},"modified":"2025-07-29T14:56:36","modified_gmt":"2025-07-29T14:56:36","slug":"presidentielle-en-cote-divoire-alassane-ouattara-repart-pour-un-quatrieme-mandat","status":"publish","type":"post","link":"https:\/\/ledenonciateur224.com\/index.php\/presidentielle-en-cote-divoire-alassane-ouattara-repart-pour-un-quatrieme-mandat\/","title":{"rendered":"Pr\u00e9sidentielle en C\u00f4te d\u2019Ivoire : Alassane Ouattara repart pour un quatri\u00e8me mandat"},"content":{"rendered":"<p><strong>\u00c0 83 ans, le chef de l\u2019\u00c9tat ivoirien annonce sa candidature \u00e0 la pr\u00e9sidentielle du 25 octobre, invoquant les d\u00e9fis s\u00e9curitaires et \u00e9conomiques du pays.<\/strong><\/p>\n<p>Dans une allocution solennelle diffus\u00e9e ce mardi 29 juillet 2025 sur les r\u00e9seaux sociaux, Alassane Ouattara a mis fin au suspense : il sera candidat \u00e0 sa propre succession lors de la prochaine \u00e9lection pr\u00e9sidentielle, pr\u00e9vue le 25 octobre. \u00ab Apr\u00e8s m\u00fbre r\u00e9flexion et en toute conscience, je vous annonce aujourd\u2019hui que j\u2019ai d\u00e9cid\u00e9 d\u2019\u00eatre candidat \u00bb, a d\u00e9clar\u00e9 le pr\u00e9sident ivoirien.<\/p>\n<p>\u00c0 83 ans, celui qui dirige la C\u00f4te d\u2019Ivoire depuis 2011 ambitionne ainsi un <strong>quatri\u00e8me mandat<\/strong>, apr\u00e8s ses r\u00e9\u00e9lections en 2015 et 2020. Face \u00e0 une conjoncture qu\u2019il qualifie de \u00ab sans pr\u00e9c\u00e9dent \u00bb, Ouattara estime que son exp\u00e9rience est un atout majeur. \u00ab Notre pays fait face \u00e0 des d\u00e9fis s\u00e9curitaires, \u00e9conomiques et mon\u00e9taires dont la gestion exige de l\u2019exp\u00e9rience. La menace terroriste grandit dans la sous-r\u00e9gion et les incertitudes \u00e9conomiques \u00e0 l\u2019\u00e9chelle mondiale constituent un risque r\u00e9el \u00bb, a-t-il soulign\u00e9.<\/p>\n<p>Le pr\u00e9sident sortant affirme \u00eatre en bonne sant\u00e9 et promet que ce nouveau mandat, s\u2019il est \u00e9lu, sera celui de la <strong>\u00ab transmission g\u00e9n\u00e9rationnelle \u00bb<\/strong>, une allusion \u00e0 une possible transition politique \u00e0 venir.<\/p>\n<p>&nbsp;<\/p>\n<p>Ledenonciateur224.com<\/p>\n","protected":false},"excerpt":{"rendered":"<p>\u00c0 83 ans, le chef de l\u2019\u00c9tat ivoirien annonce sa candidature \u00e0 la pr\u00e9sidentielle du 25 octobre, invoquant les d\u00e9fis s\u00e9curitaires et \u00e9conomiques du pays. Dans une allocution solennelle diffus\u00e9e ce mardi 29 juillet 2025 sur les r\u00e9seaux sociaux, Alassane Ouattara a mis fin au suspense : il sera candidat \u00e0 sa propre succession lors [&hellip;]<\/p>\n","protected":false},"author":2,"featured_media":4165,"comment_status":"open","ping_status":"open","sticky":false,"template":"","format":"standard","meta":{"_jetpack_memberships_contains_paid_content":false,"footnotes":"","jetpack_publicize_message":"","jetpack_publicize_feature_enabled":true,"jetpack_social_post_already_shared":true,"jetpack_social_options":{"image_generator_settings":{"template":"highway","default_image_id":0,"font":"","enabled":false},"version":2}},"categories":[38,24],"tags":[187,189],"class_list":{"0":"post-4164","1":"post","2":"type-post","3":"status-publish","4":"format-standard","5":"has-post-thumbnail","7":"category-international","8":"category-news","9":"tag-cote-divoire","10":"tag-election-presidentielle"},"jetpack_publicize_connections":[],"jetpack_featured_media_url":"https:\/\/ledenonciateur224.com\/wp-content\/uploads\/2025\/07\/000-62qg6cp.jpg","jetpack_sharing_enabled":true,"_links":{"self":[{"href":"https:\/\/ledenonciateur224.com\/index.php\/wp-json\/wp\/v2\/posts\/4164","targetHints":{"allow":["GET"]}}],"collection":[{"href":"https:\/\/ledenonciateur224.com\/index.php\/wp-json\/wp\/v2\/posts"}],"about":[{"href":"https:\/\/ledenonciateur224.com\/index.php\/wp-json\/wp\/v2\/types\/post"}],"author":[{"embeddable":true,"href":"https:\/\/ledenonciateur224.com\/index.php\/wp-json\/wp\/v2\/users\/2"}],"replies":[{"embeddable":true,"href":"https:\/\/ledenonciateur224.com\/index.php\/wp-json\/wp\/v2\/comments?post=4164"}],"version-history":[{"count":0,"href":"https:\/\/ledenonciateur224.com\/index.php\/wp-json\/wp\/v2\/posts\/4164\/revisions"}],"wp:featuredmedia":[{"embeddable":true,"href":"https:\/\/ledenonciateur224.com\/index.php\/wp-json\/wp\/v2\/media\/4165"}],"wp:attachment":[{"href":"https:\/\/ledenonciateur224.com\/index.php\/wp-json\/wp\/v2\/media?parent=4164"}],"wp:term":[{"taxonomy":"category","embeddable":true,"href":"https:\/\/ledenonciateur224.com\/index.php\/wp-json\/wp\/v2\/categories?post=4164"},{"taxonomy":"post_tag","embeddable":true,"href":"https:\/\/ledenonciateur224.com\/index.php\/wp-json\/wp\/v2\/tags?post=4164"}],"curies":[{"name":"wp","href":"https:\/\/api.w.org\/{rel}","templated":true}]}}