{"id":4170,"date":"2025-07-29T21:24:32","date_gmt":"2025-07-29T21:24:32","guid":{"rendered":"https:\/\/ledenonciateur224.com\/?p=4170"},"modified":"2025-07-29T21:24:32","modified_gmt":"2025-07-29T21:24:32","slug":"urgent-le-chef-de-letat-signe-un-important-decret","status":"publish","type":"post","link":"https:\/\/ledenonciateur224.com\/index.php\/urgent-le-chef-de-letat-signe-un-important-decret\/","title":{"rendered":"Urgent : le chef de l&rsquo;\u00c9tat signe un important d\u00e9cret"},"content":{"rendered":"<p>Apr\u00e8s la modification de l\u2019architecture du gouvernementale, le G\u00e9n\u00e9ral Mamadi Doumbouya a proc\u00e9d\u00e9 ce mardi 29 juillet 2025, \u00e0 la nomination de ses membres. Ledenonciateur224.com vous propose ci-dessous la liste.<\/p>\n<ul>\n<li>Ministre de la Justice et des Droits de l\u2019Homme\u00a0:\u00a0<strong>M. Yaya Kairaba Kaba<\/strong><\/li>\n<li>Ministre de la D\u00e9fense nationale\u00a0:\u00a0<strong>M. Aboubacar Sidiki Camara<\/strong><\/li>\n<li>Ministre de l\u2019Administration du territoire et de la D\u00e9centralisation\u00a0:\u00a0<strong>M. Ibrahima Kalil Cond\u00e9<\/strong><\/li>\n<li>Ministre de la S\u00e9curit\u00e9 et de la Protection Civile\u00a0:\u00a0<strong>M. Bachir Diallo<\/strong><\/li>\n<li>Ministre des Affaires \u00c9trang\u00e8res de l\u2019Int\u00e9gration Africaine et des guin\u00e9ens \u00e9tablis \u00e0 l\u2019\u00c9tranger\u00a0:\u00a0<strong>Dr. Morissanda Kouyat\u00e9<\/strong><\/li>\n<li>Ministre de l\u2019\u00c9conomie et des Finances\u00a0:\u00a0<strong>M. Mourana Soumah<\/strong><\/li>\n<li>Ministre du Budget\u00a0:\u00a0<strong>M. Facinet Sylla<\/strong><\/li>\n<li>Ministre du Plan et de la Coop\u00e9ration Internationale\u00a0:\u00a0<strong>M. Ismael Nab\u00e9<\/strong><\/li>\n<li>Ministre du Travail et de la Fonction Publique\u00a0:\u00a0<strong>M. Faya Fran\u00e7ois Bourouno<\/strong><\/li>\n<li>Ministre des Mines et de la G\u00e9ologie\u00a0:\u00a0<strong>M. Bouna Sylla<\/strong><\/li>\n<li>Ministre de l\u2019Industrie, des petites et moyennes entreprises :<strong>\u00a0Dre Diaka Sidib\u00e9<\/strong><\/li>\n<li>Ministre de l\u2019Agriculture:<strong>\u00a0Madame Mariama Cir\u00e9 Sylla,\u00a0<\/strong>pr\u00e9c\u00e9demment repr\u00e9sentante r\u00e9sidente du groupe de la Banque mondiale en Namibie<\/li>\n<li>Ministre du Commerce:\u00a0<strong>Madame Fatima Camara<\/strong>, pr\u00e9c\u00e9demment ministre de la p\u00eache et de l\u2019\u00e9conomie maritime<\/li>\n<li>Ministre de l\u2019Enseignement sup\u00e9rieur de la recherche scientifique et de l\u2019innovation\u00a0:\u00a0<strong>M. Alpha Bacar Barry<\/strong><\/li>\n<li>Ministre de l\u2019Enseignement pr\u00e9-universitaire et de l\u2019Alphab\u00e9tisation\u00a0:\u00a0<strong>M. Jean Paul C\u00e9dy<\/strong><\/li>\n<li>Ministre de l\u2019enseignement technique de la formation professionnelle et de l\u2019emploi\u00a0:\u00a0<strong>Mme Aminata Kaba<\/strong><\/li>\n<li>Ministre de la Culture et de l\u2019artisanat\u00a0:\u00a0<strong>M. Moussa Moise Sylla<\/strong><\/li>\n<li>Ministre de la Sant\u00e9 et de l\u2019hygi\u00e8ne Publique\u00a0:\u00a0<strong>Dr Oumar Diouh\u00e9 Bah<\/strong><\/li>\n<li>Ministre de l\u2019Environnement et du D\u00e9veloppement Durable :\u00a0<strong>madame Diami Diallo<\/strong><\/li>\n<li>Ministre des Infrastructures et des travaux publics\u00a0:\u00a0<strong>M. Laye S\u00e9kou Camara,\u00a0<\/strong>ing\u00e9nieur \u00e9lectro \u00e9nerg\u00e9ticien<\/li>\n<li>Ministre de l\u2019Energie\u00a0<strong>: M. Namory Camara<\/strong>, pr\u00e9c\u00e9demment Directeur g\u00e9n\u00e9ral de la SOGEAC SA<\/li>\n<li>Ministre de l\u2019Hydraulique\u00a0et des hydrocarbures\u00a0:\u00a0<strong>M. Aboubacar Camara<\/strong><\/li>\n<li>Ministre de l\u2019Urbanisme, de l\u2019habitat et de l\u2019Am\u00e9nagement du territoire charg\u00e9 de la r\u00e9cup\u00e9ration des domaines spoli\u00e9s de l\u2019Etat\u00a0:\u00a0<strong>M. Mory Cond\u00e9<\/strong><\/li>\n<li>Ministre des Transports\u00a0et porte-parole du Gouvernement :\u00a0<strong>M. Ousmane Gaoual Diallo<\/strong>, porte-parole du Gouvernement<\/li>\n<li>Ministre des Potes, des T\u00e9l\u00e9communications et de l\u2019\u00c9conomie num\u00e9rique\u00a0:\u00a0<strong>Mme Pola Rose Pric\u00e9mou<\/strong><\/li>\n<li>Ministre de la P\u00eache et de l\u2019\u00c9conomie Maritime\u00a0:\u00a0<strong>M. Th\u00e9a, conseiller \u00e0 la Primature<\/strong><\/li>\n<li>Ministre de l\u2019Information et de la Communication\u00a0:\u00a0<strong>M. Fana Soumah<\/strong><\/li>\n<li>Ministre de la Jeunesse: M. Mamadou Cellou Bald\u00e9, pr\u00e9c\u00e9demment d\u00e9put\u00e9 \u00e0 l\u2019Assembl\u00e9e Nationale<\/li>\n<li>Ministre des Sports\u00a0:\u00a0<strong>M. Keamou Bogola Haba<\/strong><\/li>\n<li>Ministre de la promotion f\u00e9minine, de l\u2019enfance et des personnes vuln\u00e9rables\u00a0:\u00a0<strong>Mme. Charlotte Daff\u00e9<\/strong><\/li>\n<li><strong>Ministre du Tourisme et de l\u2019h\u00f4telerie: M. Mahamadou Abdoulaye Diallo,\u00a0<\/strong>pr\u00e9c\u00e9demment ministre des infrastructures et des travaux publics,<\/li>\n<li>Ministre de l\u2019Elevage\u00a0:\u00a0<strong>M. F\u00e9lix Lamah,\u00a0<\/strong>pr\u00e9c\u00e9demment ministre de l\u2019Agriculture et de l\u2019Elevage,<\/li>\n<li>Secr\u00e9taire G\u00e9n\u00e9ral du Gouvernement\u00a0avec rang de ministre :\u00a0<strong>M. Benois Kamano<\/strong><\/li>\n<li>Le Secr\u00e9taire G\u00e9n\u00e9ral aux affaires religieuses\u00a0avec rang de ministre :\u00a0<strong>M. Karamo Diawara<\/strong><\/li>\n<\/ul>\n<p>Nous y reviendrons\u00a0!<\/p>\n","protected":false},"excerpt":{"rendered":"<p>Apr\u00e8s la modification de l\u2019architecture du gouvernementale, le G\u00e9n\u00e9ral Mamadi Doumbouya a proc\u00e9d\u00e9 ce mardi 29 juillet 2025, \u00e0 la nomination de ses membres. Ledenonciateur224.com vous propose ci-dessous la liste. Ministre de la Justice et des Droits de l\u2019Homme\u00a0:\u00a0M. Yaya Kairaba Kaba Ministre de la D\u00e9fense nationale\u00a0:\u00a0M. Aboubacar Sidiki Camara Ministre de l\u2019Administration du territoire [&hellip;]<\/p>\n","protected":false},"author":2,"featured_media":4016,"comment_status":"open","ping_status":"open","sticky":false,"template":"","format":"standard","meta":{"_jetpack_memberships_contains_paid_content":false,"footnotes":"","jetpack_publicize_message":"","jetpack_publicize_feature_enabled":true,"jetpack_social_post_already_shared":true,"jetpack_social_options":{"image_generator_settings":{"template":"highway","default_image_id":0,"font":"","enabled":false},"version":2}},"categories":[24,27],"tags":[579],"class_list":{"0":"post-4170","1":"post","2":"type-post","3":"status-publish","4":"format-standard","5":"has-post-thumbnail","7":"category-news","8":"category-politique","9":"tag-decrets-du-chef-de-letat"},"jetpack_publicize_connections":[],"jetpack_featured_media_url":"https:\/\/ledenonciateur224.com\/wp-content\/uploads\/2025\/07\/fb-img-1752972816902.jpg","jetpack_sharing_enabled":true,"_links":{"self":[{"href":"https:\/\/ledenonciateur224.com\/index.php\/wp-json\/wp\/v2\/posts\/4170","targetHints":{"allow":["GET"]}}],"collection":[{"href":"https:\/\/ledenonciateur224.com\/index.php\/wp-json\/wp\/v2\/posts"}],"about":[{"href":"https:\/\/ledenonciateur224.com\/index.php\/wp-json\/wp\/v2\/types\/post"}],"author":[{"embeddable":true,"href":"https:\/\/ledenonciateur224.com\/index.php\/wp-json\/wp\/v2\/users\/2"}],"replies":[{"embeddable":true,"href":"https:\/\/ledenonciateur224.com\/index.php\/wp-json\/wp\/v2\/comments?post=4170"}],"version-history":[{"count":0,"href":"https:\/\/ledenonciateur224.com\/index.php\/wp-json\/wp\/v2\/posts\/4170\/revisions"}],"wp:featuredmedia":[{"embeddable":true,"href":"https:\/\/ledenonciateur224.com\/index.php\/wp-json\/wp\/v2\/media\/4016"}],"wp:attachment":[{"href":"https:\/\/ledenonciateur224.com\/index.php\/wp-json\/wp\/v2\/media?parent=4170"}],"wp:term":[{"taxonomy":"category","embeddable":true,"href":"https:\/\/ledenonciateur224.com\/index.php\/wp-json\/wp\/v2\/categories?post=4170"},{"taxonomy":"post_tag","embeddable":true,"href":"https:\/\/ledenonciateur224.com\/index.php\/wp-json\/wp\/v2\/tags?post=4170"}],"curies":[{"name":"wp","href":"https:\/\/api.w.org\/{rel}","templated":true}]}}