{"id":4172,"date":"2025-07-29T21:36:43","date_gmt":"2025-07-29T21:36:43","guid":{"rendered":"https:\/\/ledenonciateur224.com\/?p=4172"},"modified":"2025-07-29T21:36:43","modified_gmt":"2025-07-29T21:36:43","slug":"cellou-balde-entre-au-gouvernement-nomme-ministre-de-la-jeunesse","status":"publish","type":"post","link":"https:\/\/ledenonciateur224.com\/index.php\/cellou-balde-entre-au-gouvernement-nomme-ministre-de-la-jeunesse\/","title":{"rendered":"Cellou Bald\u00e9 entre au gouvernement : nomm\u00e9 ministre de la Jeunesse"},"content":{"rendered":"<p><strong>L\u2019ancien d\u00e9put\u00e9 de Lab\u00e9, figure de l\u2019UFDG, fait son entr\u00e9e dans l\u2019ex\u00e9cutif sur d\u00e9cision du pr\u00e9sident de la transition.<\/strong><\/p>\n<p>C\u2019est officiel : <strong>Mamadou Cellou Bald\u00e9<\/strong>, ex-d\u00e9put\u00e9 de Lab\u00e9 et ancien responsable des f\u00e9d\u00e9rations de l\u2019int\u00e9rieur de l\u2019UFDG, rejoint le gouvernement de transition. Sa nomination au poste de <strong>ministre de la Jeunesse<\/strong> a \u00e9t\u00e9 annonc\u00e9e ce <strong>mardi 29 juillet<\/strong>, par d\u00e9cret pr\u00e9sidentiel lu en soir\u00e9e \u00e0 la t\u00e9l\u00e9vision nationale.<\/p>\n<p>Cette entr\u00e9e au sein de l\u2019\u00e9quipe gouvernementale marque un tournant dans le parcours politique de cette figure de l\u2019opposition, longtemps engag\u00e9e aux c\u00f4t\u00e9s de l\u2019UFDG. Sa d\u00e9signation par le <strong>G\u00e9n\u00e9ral Mamadi Doumbouya<\/strong> suscite d\u00e9j\u00e0 de nombreuses r\u00e9actions, tant dans les milieux politiques que chez les jeunes qu\u2019il est d\u00e9sormais appel\u00e9 \u00e0 repr\u00e9senter.<\/p>\n<p>&nbsp;<\/p>\n<p>Ledenonciateur224.com<\/p>\n","protected":false},"excerpt":{"rendered":"<p>L\u2019ancien d\u00e9put\u00e9 de Lab\u00e9, figure de l\u2019UFDG, fait son entr\u00e9e dans l\u2019ex\u00e9cutif sur d\u00e9cision du pr\u00e9sident de la transition. C\u2019est officiel : Mamadou Cellou Bald\u00e9, ex-d\u00e9put\u00e9 de Lab\u00e9 et ancien responsable des f\u00e9d\u00e9rations de l\u2019int\u00e9rieur de l\u2019UFDG, rejoint le gouvernement de transition. Sa nomination au poste de ministre de la Jeunesse a \u00e9t\u00e9 annonc\u00e9e ce [&hellip;]<\/p>\n","protected":false},"author":2,"featured_media":4173,"comment_status":"open","ping_status":"open","sticky":false,"template":"","format":"standard","meta":{"_jetpack_memberships_contains_paid_content":false,"footnotes":"","jetpack_publicize_message":"","jetpack_publicize_feature_enabled":true,"jetpack_social_post_already_shared":true,"jetpack_social_options":{"image_generator_settings":{"template":"highway","default_image_id":0,"font":"","enabled":false},"version":2}},"categories":[24,27],"tags":[100],"class_list":{"0":"post-4172","1":"post","2":"type-post","3":"status-publish","4":"format-standard","5":"has-post-thumbnail","7":"category-news","8":"category-politique","9":"tag-decret-du-president"},"jetpack_publicize_connections":[],"jetpack_featured_media_url":"https:\/\/ledenonciateur224.com\/wp-content\/uploads\/2025\/07\/fb-img-1753824798874.jpg","jetpack_sharing_enabled":true,"_links":{"self":[{"href":"https:\/\/ledenonciateur224.com\/index.php\/wp-json\/wp\/v2\/posts\/4172","targetHints":{"allow":["GET"]}}],"collection":[{"href":"https:\/\/ledenonciateur224.com\/index.php\/wp-json\/wp\/v2\/posts"}],"about":[{"href":"https:\/\/ledenonciateur224.com\/index.php\/wp-json\/wp\/v2\/types\/post"}],"author":[{"embeddable":true,"href":"https:\/\/ledenonciateur224.com\/index.php\/wp-json\/wp\/v2\/users\/2"}],"replies":[{"embeddable":true,"href":"https:\/\/ledenonciateur224.com\/index.php\/wp-json\/wp\/v2\/comments?post=4172"}],"version-history":[{"count":0,"href":"https:\/\/ledenonciateur224.com\/index.php\/wp-json\/wp\/v2\/posts\/4172\/revisions"}],"wp:featuredmedia":[{"embeddable":true,"href":"https:\/\/ledenonciateur224.com\/index.php\/wp-json\/wp\/v2\/media\/4173"}],"wp:attachment":[{"href":"https:\/\/ledenonciateur224.com\/index.php\/wp-json\/wp\/v2\/media?parent=4172"}],"wp:term":[{"taxonomy":"category","embeddable":true,"href":"https:\/\/ledenonciateur224.com\/index.php\/wp-json\/wp\/v2\/categories?post=4172"},{"taxonomy":"post_tag","embeddable":true,"href":"https:\/\/ledenonciateur224.com\/index.php\/wp-json\/wp\/v2\/tags?post=4172"}],"curies":[{"name":"wp","href":"https:\/\/api.w.org\/{rel}","templated":true}]}}