{"id":4178,"date":"2025-07-30T15:27:26","date_gmt":"2025-07-30T15:27:26","guid":{"rendered":"https:\/\/ledenonciateur224.com\/?p=4178"},"modified":"2025-07-30T15:27:26","modified_gmt":"2025-07-30T15:27:26","slug":"traite-humaine-un-fleau-silencieux-que-la-guinee-refuse-dignorer","status":"publish","type":"post","link":"https:\/\/ledenonciateur224.com\/index.php\/traite-humaine-un-fleau-silencieux-que-la-guinee-refuse-dignorer\/","title":{"rendered":"Traite humaine : un fl\u00e9au silencieux que la Guin\u00e9e refuse d\u2019ignorer"},"content":{"rendered":"<div dir=\"auto\"><strong>Le gouvernement guin\u00e9en et ses partenaires redoublent d\u2019efforts pour combattre un ph\u00e9nom\u00e8ne aux multiples visages. Le 30 juillet, \u00e0 l\u2019occasion de la Journ\u00e9e mondiale de lutte contre la traite des personnes, les autorit\u00e9s ont r\u00e9affirm\u00e9 leur engagement, malgr\u00e9 les d\u00e9fis persistants.<\/strong><\/div>\n<div dir=\"auto\">\n<p>\u00c0 l\u2019occasion de la\u00a0<strong>Journ\u00e9e mondiale de lutte contre la traite des \u00eatres humains<\/strong>, c\u00e9l\u00e9br\u00e9e chaque 30 juillet, le\u00a0<strong>minist\u00e8re de la Promotion f\u00e9minine, de l\u2019Enfance et des Personnes vuln\u00e9rables<\/strong>\u00a0a organis\u00e9 une conf\u00e9rence de presse ce mercredi 30 juillet 2025. Objectif : dresser un \u00e9tat des lieux d\u2019un fl\u00e9au qui ronge encore les fondations sociales, malgr\u00e9 les efforts d\u00e9ploy\u00e9s.<\/p>\n<h3><img loading=\"lazy\" decoding=\"async\" class=\"alignnone size-full wp-image-4179\" src=\"https:\/\/ledenonciateur224.com\/wp-content\/uploads\/2025\/07\/img-20250730-wa0173.jpg\" alt=\"\" width=\"1020\" height=\"471\" srcset=\"https:\/\/ledenonciateur224.com\/wp-content\/uploads\/2025\/07\/img-20250730-wa0173.jpg 1020w, https:\/\/ledenonciateur224.com\/wp-content\/uploads\/2025\/07\/img-20250730-wa0173-300x139.jpg 300w, https:\/\/ledenonciateur224.com\/wp-content\/uploads\/2025\/07\/img-20250730-wa0173-768x355.jpg 768w, https:\/\/ledenonciateur224.com\/wp-content\/uploads\/2025\/07\/img-20250730-wa0173-150x69.jpg 150w, https:\/\/ledenonciateur224.com\/wp-content\/uploads\/2025\/07\/img-20250730-wa0173-696x321.jpg 696w, https:\/\/ledenonciateur224.com\/wp-content\/uploads\/2025\/07\/img-20250730-wa0173-910x420.jpg 910w\" sizes=\"auto, (max-width: 1020px) 100vw, 1020px\" \/><\/h3>\n<p>La rencontre a r\u00e9uni\u00a0<strong>des partenaires techniques, des repr\u00e9sentants d\u2019organisations de la soci\u00e9t\u00e9 civile<\/strong>\u00a0et des acteurs institutionnels engag\u00e9s dans cette lutte. Mme\u00a0<strong>Davi Kossiwa Didi<\/strong>, repr\u00e9sentante adjointe du\u00a0<strong>Haut Commissariat des Nations Unies aux droits de l\u2019homme (HCDH)<\/strong>, a rappel\u00e9 la gravit\u00e9 du ph\u00e9nom\u00e8ne tout en saluant l\u2019implication de l\u2019\u00c9tat guin\u00e9en.<\/p>\n<p><img loading=\"lazy\" decoding=\"async\" class=\"alignnone size-full wp-image-4180\" src=\"https:\/\/ledenonciateur224.com\/wp-content\/uploads\/2025\/07\/img-20250730-wa0171.jpg\" alt=\"\" width=\"1020\" height=\"471\" srcset=\"https:\/\/ledenonciateur224.com\/wp-content\/uploads\/2025\/07\/img-20250730-wa0171.jpg 1020w, https:\/\/ledenonciateur224.com\/wp-content\/uploads\/2025\/07\/img-20250730-wa0171-300x139.jpg 300w, https:\/\/ledenonciateur224.com\/wp-content\/uploads\/2025\/07\/img-20250730-wa0171-768x355.jpg 768w, https:\/\/ledenonciateur224.com\/wp-content\/uploads\/2025\/07\/img-20250730-wa0171-150x69.jpg 150w, https:\/\/ledenonciateur224.com\/wp-content\/uploads\/2025\/07\/img-20250730-wa0171-696x321.jpg 696w, https:\/\/ledenonciateur224.com\/wp-content\/uploads\/2025\/07\/img-20250730-wa0171-910x420.jpg 910w\" sizes=\"auto, (max-width: 1020px) 100vw, 1020px\" \/><\/p>\n<p><em>\u00ab C\u2019est avec un grand honneur que je prends la parole, au nom du Haut-Commissariat des Nations Unies aux droits de l\u2019homme, \u00e0 l\u2019occasion de cette Journ\u00e9e mondiale de la dignit\u00e9 des victimes de la traite des personnes, c\u00e9l\u00e9br\u00e9e cette ann\u00e9e sous le th\u00e8me : \u201cLa traite des personnes est un crime organis\u00e9, mettons fin \u00e0 l\u2019exploitation\u201d \u00bb<\/em>, a-t-elle d\u00e9clar\u00e9.<\/p>\n<p>Le\u00a0<strong>HCDH<\/strong>\u00a0a renouvel\u00e9 son\u00a0<strong>engagement \u00e0 accompagner la Guin\u00e9e<\/strong>, en particulier le\u00a0<strong>Comit\u00e9 National de Lutte contre la Traite des Personnes et les Pratiques Assimil\u00e9es (CNLTPPA)<\/strong>, \u00e0 travers un plan d\u2019appui triennal (2025\u20132027) articul\u00e9 autour de six axes strat\u00e9giques, dont :<\/p>\n<ul>\n<li>le\u00a0<strong>renforcement du cadre l\u00e9gal<\/strong>,<\/li>\n<li>la\u00a0<strong>coordination entre acteurs<\/strong>,<\/li>\n<li>la\u00a0<strong>formation des professionnels<\/strong>,<\/li>\n<li>la\u00a0<strong>sensibilisation des communaut\u00e9s<\/strong>,<\/li>\n<li>l\u2019<strong>appui logistique<\/strong>,<\/li>\n<li>et le\u00a0<strong>suivi des engagements internationaux<\/strong>.<\/li>\n<\/ul>\n<h3><img loading=\"lazy\" decoding=\"async\" class=\"alignnone size-full wp-image-4181\" src=\"https:\/\/ledenonciateur224.com\/wp-content\/uploads\/2025\/07\/img-20250730-wa0172.jpg\" alt=\"\" width=\"1020\" height=\"471\" srcset=\"https:\/\/ledenonciateur224.com\/wp-content\/uploads\/2025\/07\/img-20250730-wa0172.jpg 1020w, https:\/\/ledenonciateur224.com\/wp-content\/uploads\/2025\/07\/img-20250730-wa0172-300x139.jpg 300w, https:\/\/ledenonciateur224.com\/wp-content\/uploads\/2025\/07\/img-20250730-wa0172-768x355.jpg 768w, https:\/\/ledenonciateur224.com\/wp-content\/uploads\/2025\/07\/img-20250730-wa0172-150x69.jpg 150w, https:\/\/ledenonciateur224.com\/wp-content\/uploads\/2025\/07\/img-20250730-wa0172-696x321.jpg 696w, https:\/\/ledenonciateur224.com\/wp-content\/uploads\/2025\/07\/img-20250730-wa0172-910x420.jpg 910w\" sizes=\"auto, (max-width: 1020px) 100vw, 1020px\" \/><\/h3>\n<p>Lors de la conf\u00e9rence, le\u00a0<strong>pr\u00e9sident du CNLTPPA<\/strong>, \u00e9galement\u00a0<strong>conseiller juridique<\/strong>, a abord\u00e9 avec franchise les limites du syst\u00e8me de collecte de donn\u00e9es sur la traite en Guin\u00e9e.<em>\u00ab C\u2019est un d\u00e9fi pour nous en termes de collecte, de traitement et de diffusion des informations statistiques \u00bb<\/em>, a-t-il reconnu.\u00a0<em>\u00ab Chaque acteur a sa m\u00e9thode, et nous devons croiser les bases de donn\u00e9es pour aboutir \u00e0 un tableau plus ou moins consensuel. \u00bb<\/em><\/p>\n<p>Malgr\u00e9 cette complexit\u00e9, certaines tendances \u00e9mergent clairement. Sur les\u00a0<strong>cas d\u2019exploitation sexuelle<\/strong>\u00a0document\u00e9s :<\/p>\n<ul>\n<li><strong>80 % concernent des femmes adultes<\/strong>,<\/li>\n<li><strong>30 % des enfants<\/strong>, en particulier des\u00a0<strong>jeunes filles recrut\u00e9es et exploit\u00e9es<\/strong>, souvent dans des r\u00e9seaux de prox\u00e9n\u00e9tisme.<\/li>\n<\/ul>\n<p>En mati\u00e8re de\u00a0<strong>travail forc\u00e9<\/strong>, les chiffres sont tout aussi pr\u00e9occupants :<\/p>\n<ul>\n<li><strong>30 % de femmes<\/strong>\u00a0et<\/li>\n<li><strong>15 % de jeunes filles<\/strong>\u00a0victimes, souvent\u00a0<strong>issues de zones rurales et plac\u00e9es comme domestiques \u00e0 Conakry<\/strong>\u00a0sans percevoir de revenus, leurs recruteurs tirant profit de leur labeur.<\/li>\n<\/ul>\n<p>D\u2019autres formes de traite apparaissent \u00e9galement dans les rapports, telles que le\u00a0<strong>trafic d\u2019organes<\/strong>, m\u00eame si\u00a0<strong>aucun cas n\u2019a \u00e9t\u00e9 officiellement enregistr\u00e9 jusqu\u2019\u00e0 pr\u00e9sent<\/strong>.<\/p>\n<h3><\/h3>\n<p>La Guin\u00e9e s\u2019est dot\u00e9e en\u00a0<strong>2024 d\u2019une loi sp\u00e9cifique<\/strong>\u00a0sur la traite des personnes. Toutefois,\u00a0<strong>quatre textes d\u2019application sont encore attendus<\/strong>, indispensables pour rendre le dispositif pleinement op\u00e9rationnel. Trois d\u2019entre eux sont finalis\u00e9s. Le dernier, concernant la cr\u00e9ation d\u2019un\u00a0<strong>fonds national de lutte contre la traite<\/strong>, fait encore l\u2019objet de d\u00e9bats.<em>\u00ab Le CNT nous a d\u00e9conseill\u00e9s d\u2019opter pour un \u00e9tablissement public autonome \u00bb,<\/em>\u00a0explique le pr\u00e9sident du comit\u00e9.\u00a0<em>\u00ab L\u2019option actuelle est d\u2019int\u00e9grer la prise en charge des victimes dans les services existants du minist\u00e8re, \u00e0 travers une allocation budg\u00e9taire d\u00e9di\u00e9e. \u00bb<\/em><\/p>\n<h3><\/h3>\n<p>En conclusion, tous les intervenants ont insist\u00e9 sur la n\u00e9cessit\u00e9 d\u2019<strong>adopter une approche centr\u00e9e sur les droits humains<\/strong>, ax\u00e9e \u00e0 la fois sur\u00a0<strong>la pr\u00e9vention, la protection des victimes et la poursuite des auteurs<\/strong>.<em>\u00ab Nous r\u00e9affirmons notre disponibilit\u00e9 \u00e0 poursuivre ce partenariat strat\u00e9gique et solidaire, au service de la dignit\u00e9 humaine \u00bb<\/em>, a conclu Mme Davi Kossiwa Didi.<\/p>\n<p>Alors que la Guin\u00e9e renforce ses instruments juridiques et son dispositif institutionnel, la lutte contre la traite des \u00eatres humains reste un\u00a0<strong>combat de longue haleine<\/strong>\u00a0qui n\u00e9cessite\u00a0<strong>coordination, courage et constance<\/strong>.<\/p>\n<p>&nbsp;<\/p>\n<p>Aboubacar Moussa Camara<\/p>\n<p>611 70 39 84<\/p>\n<\/div>\n","protected":false},"excerpt":{"rendered":"<p>Le gouvernement guin\u00e9en et ses partenaires redoublent d\u2019efforts pour combattre un ph\u00e9nom\u00e8ne aux multiples visages. Le 30 juillet, \u00e0 l\u2019occasion de la Journ\u00e9e mondiale de lutte contre la traite des personnes, les autorit\u00e9s ont r\u00e9affirm\u00e9 leur engagement, malgr\u00e9 les d\u00e9fis persistants. \u00c0 l\u2019occasion de la\u00a0Journ\u00e9e mondiale de lutte contre la traite des \u00eatres humains, c\u00e9l\u00e9br\u00e9e [&hellip;]<\/p>\n","protected":false},"author":2,"featured_media":4181,"comment_status":"open","ping_status":"open","sticky":false,"template":"","format":"standard","meta":{"_jetpack_memberships_contains_paid_content":false,"footnotes":"","jetpack_publicize_message":"","jetpack_publicize_feature_enabled":true,"jetpack_social_post_already_shared":true,"jetpack_social_options":{"image_generator_settings":{"template":"highway","default_image_id":0,"font":"","enabled":false},"version":2}},"categories":[30,24],"tags":[1023],"class_list":{"0":"post-4178","1":"post","2":"type-post","3":"status-publish","4":"format-standard","5":"has-post-thumbnail","7":"category-faits-divers","8":"category-news","9":"tag-traite-des-personnes"},"jetpack_publicize_connections":[],"jetpack_featured_media_url":"https:\/\/ledenonciateur224.com\/wp-content\/uploads\/2025\/07\/img-20250730-wa0172.jpg","jetpack_sharing_enabled":true,"_links":{"self":[{"href":"https:\/\/ledenonciateur224.com\/index.php\/wp-json\/wp\/v2\/posts\/4178","targetHints":{"allow":["GET"]}}],"collection":[{"href":"https:\/\/ledenonciateur224.com\/index.php\/wp-json\/wp\/v2\/posts"}],"about":[{"href":"https:\/\/ledenonciateur224.com\/index.php\/wp-json\/wp\/v2\/types\/post"}],"author":[{"embeddable":true,"href":"https:\/\/ledenonciateur224.com\/index.php\/wp-json\/wp\/v2\/users\/2"}],"replies":[{"embeddable":true,"href":"https:\/\/ledenonciateur224.com\/index.php\/wp-json\/wp\/v2\/comments?post=4178"}],"version-history":[{"count":0,"href":"https:\/\/ledenonciateur224.com\/index.php\/wp-json\/wp\/v2\/posts\/4178\/revisions"}],"wp:featuredmedia":[{"embeddable":true,"href":"https:\/\/ledenonciateur224.com\/index.php\/wp-json\/wp\/v2\/media\/4181"}],"wp:attachment":[{"href":"https:\/\/ledenonciateur224.com\/index.php\/wp-json\/wp\/v2\/media?parent=4178"}],"wp:term":[{"taxonomy":"category","embeddable":true,"href":"https:\/\/ledenonciateur224.com\/index.php\/wp-json\/wp\/v2\/categories?post=4178"},{"taxonomy":"post_tag","embeddable":true,"href":"https:\/\/ledenonciateur224.com\/index.php\/wp-json\/wp\/v2\/tags?post=4178"}],"curies":[{"name":"wp","href":"https:\/\/api.w.org\/{rel}","templated":true}]}}