{"id":4199,"date":"2025-07-31T21:14:10","date_gmt":"2025-07-31T21:14:10","guid":{"rendered":"https:\/\/ledenonciateur224.com\/?p=4199"},"modified":"2025-07-31T21:14:10","modified_gmt":"2025-07-31T21:14:10","slug":"decharge-de-dar-es-salam-le-premier-ministre-amadou-oury-bah-sengage-pour-une-solution-urgente-et-durable","status":"publish","type":"post","link":"https:\/\/ledenonciateur224.com\/index.php\/decharge-de-dar-es-salam-le-premier-ministre-amadou-oury-bah-sengage-pour-une-solution-urgente-et-durable\/","title":{"rendered":"D\u00e9charge de Dar-es-Salam : Le Premier ministre Amadou Oury Bah s\u2019engage pour une solution urgente et durable"},"content":{"rendered":"<p><strong>Face \u00e0 la d\u00e9tresse des habitants, le chef du gouvernement promet des actions concr\u00e8tes pour s\u00e9curiser les zones \u00e0 risque et faire appliquer la volont\u00e9 pr\u00e9sidentielle.<\/strong><\/p>\n<h3><\/h3>\n<p><strong>Conform\u00e9ment \u00e0 son engagement aupr\u00e8s de la jeunesse de Dar-es-Salam, le Premier ministre et chef du gouvernement, M. Amadou Oury Bah, s\u2019est rendu ce jeudi 31 juillet 2025 sur le site de la d\u00e9charge d\u2019ordures de Gbessia.<\/strong><\/p>\n<p><img loading=\"lazy\" decoding=\"async\" class=\"alignnone size-full wp-image-4203\" src=\"https:\/\/ledenonciateur224.com\/wp-content\/uploads\/2025\/07\/fb-img-1753996117140.jpg\" alt=\"\" width=\"2048\" height=\"1366\" srcset=\"https:\/\/ledenonciateur224.com\/wp-content\/uploads\/2025\/07\/fb-img-1753996117140.jpg 2048w, https:\/\/ledenonciateur224.com\/wp-content\/uploads\/2025\/07\/fb-img-1753996117140-300x200.jpg 300w, https:\/\/ledenonciateur224.com\/wp-content\/uploads\/2025\/07\/fb-img-1753996117140-1024x683.jpg 1024w, https:\/\/ledenonciateur224.com\/wp-content\/uploads\/2025\/07\/fb-img-1753996117140-768x512.jpg 768w, https:\/\/ledenonciateur224.com\/wp-content\/uploads\/2025\/07\/fb-img-1753996117140-1536x1025.jpg 1536w, https:\/\/ledenonciateur224.com\/wp-content\/uploads\/2025\/07\/fb-img-1753996117140-150x100.jpg 150w, https:\/\/ledenonciateur224.com\/wp-content\/uploads\/2025\/07\/fb-img-1753996117140-696x464.jpg 696w, https:\/\/ledenonciateur224.com\/wp-content\/uploads\/2025\/07\/fb-img-1753996117140-1068x712.jpg 1068w, https:\/\/ledenonciateur224.com\/wp-content\/uploads\/2025\/07\/fb-img-1753996117140-1920x1281.jpg 1920w, https:\/\/ledenonciateur224.com\/wp-content\/uploads\/2025\/07\/fb-img-1753996117140-630x420.jpg 630w\" sizes=\"auto, (max-width: 2048px) 100vw, 2048px\" \/><\/p>\n<p>&nbsp;<\/p>\n<p>Accueilli par les autorit\u00e9s communales, notamment le Pr\u00e9sident de la D\u00e9l\u00e9gation sp\u00e9ciale de Gbessia, M. Mory Diakit\u00e9, cette visite de terrain avait pour objectif une prise de contact directe avec les populations locales, confront\u00e9es chaque saison aux cons\u00e9quences sanitaires, sociales et environnementales de cette d\u00e9charge.<\/p>\n<p>\u00c0 travers un collectif structur\u00e9, baptis\u00e9\u00a0<strong>\u00ab Collectif Citoyen pour un Environnement Sain \u00bb<\/strong>, les jeunes leaders du quartier ont remis un\u00a0<strong>m\u00e9morandum<\/strong>\u00a0au chef du gouvernement, dans lequel ils exposent leurs pr\u00e9occupations et revendications urgentes.<\/p>\n<p><img loading=\"lazy\" decoding=\"async\" class=\"alignnone size-full wp-image-4201\" src=\"https:\/\/ledenonciateur224.com\/wp-content\/uploads\/2025\/07\/fb-img-1753996110120-1.jpg\" alt=\"\" width=\"2048\" height=\"1246\" srcset=\"https:\/\/ledenonciateur224.com\/wp-content\/uploads\/2025\/07\/fb-img-1753996110120-1.jpg 2048w, https:\/\/ledenonciateur224.com\/wp-content\/uploads\/2025\/07\/fb-img-1753996110120-1-300x183.jpg 300w, https:\/\/ledenonciateur224.com\/wp-content\/uploads\/2025\/07\/fb-img-1753996110120-1-1024x623.jpg 1024w, https:\/\/ledenonciateur224.com\/wp-content\/uploads\/2025\/07\/fb-img-1753996110120-1-768x467.jpg 768w, https:\/\/ledenonciateur224.com\/wp-content\/uploads\/2025\/07\/fb-img-1753996110120-1-1536x935.jpg 1536w, https:\/\/ledenonciateur224.com\/wp-content\/uploads\/2025\/07\/fb-img-1753996110120-1-150x91.jpg 150w, https:\/\/ledenonciateur224.com\/wp-content\/uploads\/2025\/07\/fb-img-1753996110120-1-696x423.jpg 696w, https:\/\/ledenonciateur224.com\/wp-content\/uploads\/2025\/07\/fb-img-1753996110120-1-1068x650.jpg 1068w, https:\/\/ledenonciateur224.com\/wp-content\/uploads\/2025\/07\/fb-img-1753996110120-1-1920x1168.jpg 1920w, https:\/\/ledenonciateur224.com\/wp-content\/uploads\/2025\/07\/fb-img-1753996110120-1-690x420.jpg 690w\" sizes=\"auto, (max-width: 2048px) 100vw, 2048px\" \/><\/p>\n<p>Prenant la parole \u00e0 la suite de cette remise, le Premier ministre a rappel\u00e9 que la fermeture de la d\u00e9charge de Dar-es-Salam n\u2019est pas un simple v\u0153u populaire, mais un engagement formel du chef de l\u2019\u00c9tat :<em>\u00ab Je suis venu ce matin parce que c\u2019\u00e9tait n\u00e9cessaire. Depuis deux ans, le pr\u00e9sident de la R\u00e9publique, le G\u00e9n\u00e9ral d\u2019arm\u00e9e Mamadi Doumbouya, a exprim\u00e9 sa volont\u00e9 de voir cette d\u00e9charge ferm\u00e9e. Plusieurs r\u00e9unions ont eu lieu, des discussions ont \u00e9t\u00e9 engag\u00e9es, mais nous devons d\u00e9sormais passer \u00e0 l\u2019action. Il est imp\u00e9ratif que les instructions pr\u00e9sidentielles soient appliqu\u00e9es dans les plus brefs d\u00e9lais. \u00bb<\/em><\/p>\n<p><img loading=\"lazy\" decoding=\"async\" class=\"alignnone size-full wp-image-4202\" src=\"https:\/\/ledenonciateur224.com\/wp-content\/uploads\/2025\/07\/fb-img-1753995741755.jpg\" alt=\"\" width=\"1440\" height=\"960\" srcset=\"https:\/\/ledenonciateur224.com\/wp-content\/uploads\/2025\/07\/fb-img-1753995741755.jpg 1440w, https:\/\/ledenonciateur224.com\/wp-content\/uploads\/2025\/07\/fb-img-1753995741755-300x200.jpg 300w, https:\/\/ledenonciateur224.com\/wp-content\/uploads\/2025\/07\/fb-img-1753995741755-1024x683.jpg 1024w, https:\/\/ledenonciateur224.com\/wp-content\/uploads\/2025\/07\/fb-img-1753995741755-768x512.jpg 768w, https:\/\/ledenonciateur224.com\/wp-content\/uploads\/2025\/07\/fb-img-1753995741755-150x100.jpg 150w, https:\/\/ledenonciateur224.com\/wp-content\/uploads\/2025\/07\/fb-img-1753995741755-696x464.jpg 696w, https:\/\/ledenonciateur224.com\/wp-content\/uploads\/2025\/07\/fb-img-1753995741755-1068x712.jpg 1068w, https:\/\/ledenonciateur224.com\/wp-content\/uploads\/2025\/07\/fb-img-1753995741755-630x420.jpg 630w\" sizes=\"auto, (max-width: 1440px) 100vw, 1440px\" \/><\/p>\n<p>Conscient des dangers accrus par la saison des pluies en cours, le Premier ministre a insist\u00e9 sur la n\u00e9cessit\u00e9 d\u2019une approche rigoureuse et planifi\u00e9e :<em>\u00ab Ce que j\u2019ai demand\u00e9 au pr\u00e9sident de la D\u00e9l\u00e9gation sp\u00e9ciale, aux chefs de quartier et \u00e0 l\u2019ANSP, c\u2019est de nous identifier les zones les plus sensibles. Avec les fortes pluies, un glissement de terrain peut survenir \u00e0 tout moment. Il faut anticiper, il faut agir. \u00bb<\/em><\/p>\n<p>Dans ce sens, M. Amadou Oury Bah a annonc\u00e9 que des\u00a0<strong>rapports d\u00e9taill\u00e9s et des propositions concr\u00e8tes<\/strong>\u00a0lui seront remis\u00a0<strong>d\u2019ici lundi<\/strong>, en vue de la mise en \u0153uvre de\u00a0<strong>mesures imm\u00e9diates<\/strong>\u00a0pour s\u00e9curiser les habitations les plus expos\u00e9es.<\/p>\n<p>Au-del\u00e0 de l\u2019urgence, cette visite traduit une volont\u00e9 politique claire : celle de ne plus laisser les habitants de Dar-es-Salam seuls face \u00e0 une menace persistante. La mise en \u0153uvre d\u2019une solution durable \u2014 allant de la\u00a0<strong>fermeture progressive de la d\u00e9charge<\/strong>\u00a0\u00e0 sa\u00a0<strong>r\u00e9habilitation<\/strong>\u00a0\u2014 reste d\u00e9sormais une attente forte, autant pour les citoyens que pour les autorit\u00e9s locales.<\/p>\n<p>&nbsp;<\/p>\n<p>Alpha Soumah<\/p>\n","protected":false},"excerpt":{"rendered":"<p>Face \u00e0 la d\u00e9tresse des habitants, le chef du gouvernement promet des actions concr\u00e8tes pour s\u00e9curiser les zones \u00e0 risque et faire appliquer la volont\u00e9 pr\u00e9sidentielle. Conform\u00e9ment \u00e0 son engagement aupr\u00e8s de la jeunesse de Dar-es-Salam, le Premier ministre et chef du gouvernement, M. Amadou Oury Bah, s\u2019est rendu ce jeudi 31 juillet 2025 sur [&hellip;]<\/p>\n","protected":false},"author":2,"featured_media":4204,"comment_status":"open","ping_status":"open","sticky":false,"template":"","format":"standard","meta":{"_jetpack_memberships_contains_paid_content":false,"footnotes":"","jetpack_publicize_message":"","jetpack_publicize_feature_enabled":true,"jetpack_social_post_already_shared":true,"jetpack_social_options":{"image_generator_settings":{"template":"highway","default_image_id":0,"font":"","enabled":false},"version":2}},"categories":[30,24],"tags":[1028,1027],"class_list":{"0":"post-4199","1":"post","2":"type-post","3":"status-publish","4":"format-standard","5":"has-post-thumbnail","7":"category-faits-divers","8":"category-news","9":"tag-dar-es-salam","10":"tag-decharge"},"jetpack_publicize_connections":[],"jetpack_featured_media_url":"https:\/\/ledenonciateur224.com\/wp-content\/uploads\/2025\/07\/fb-img-1753995718234.jpg","jetpack_sharing_enabled":true,"_links":{"self":[{"href":"https:\/\/ledenonciateur224.com\/index.php\/wp-json\/wp\/v2\/posts\/4199","targetHints":{"allow":["GET"]}}],"collection":[{"href":"https:\/\/ledenonciateur224.com\/index.php\/wp-json\/wp\/v2\/posts"}],"about":[{"href":"https:\/\/ledenonciateur224.com\/index.php\/wp-json\/wp\/v2\/types\/post"}],"author":[{"embeddable":true,"href":"https:\/\/ledenonciateur224.com\/index.php\/wp-json\/wp\/v2\/users\/2"}],"replies":[{"embeddable":true,"href":"https:\/\/ledenonciateur224.com\/index.php\/wp-json\/wp\/v2\/comments?post=4199"}],"version-history":[{"count":0,"href":"https:\/\/ledenonciateur224.com\/index.php\/wp-json\/wp\/v2\/posts\/4199\/revisions"}],"wp:featuredmedia":[{"embeddable":true,"href":"https:\/\/ledenonciateur224.com\/index.php\/wp-json\/wp\/v2\/media\/4204"}],"wp:attachment":[{"href":"https:\/\/ledenonciateur224.com\/index.php\/wp-json\/wp\/v2\/media?parent=4199"}],"wp:term":[{"taxonomy":"category","embeddable":true,"href":"https:\/\/ledenonciateur224.com\/index.php\/wp-json\/wp\/v2\/categories?post=4199"},{"taxonomy":"post_tag","embeddable":true,"href":"https:\/\/ledenonciateur224.com\/index.php\/wp-json\/wp\/v2\/tags?post=4199"}],"curies":[{"name":"wp","href":"https:\/\/api.w.org\/{rel}","templated":true}]}}