{"id":4224,"date":"2025-08-01T22:24:08","date_gmt":"2025-08-01T22:24:08","guid":{"rendered":"https:\/\/ledenonciateur224.com\/?p=4224"},"modified":"2025-08-01T22:24:09","modified_gmt":"2025-08-01T22:24:09","slug":"namory-camara-prend-les-renes-de-lenergie-une-nouvelle-dynamique-pour-la-guinee","status":"publish","type":"post","link":"https:\/\/ledenonciateur224.com\/index.php\/namory-camara-prend-les-renes-de-lenergie-une-nouvelle-dynamique-pour-la-guinee\/","title":{"rendered":"Namory Camara prend les r\u00eanes de l\u2019\u00c9nergie : une nouvelle dynamique pour la Guin\u00e9e"},"content":{"rendered":"<div dir=\"auto\"><strong style=\"color: #111111;font-family: Roboto, sans-serif\">Transition minist\u00e9rielle sous le signe de la continuit\u00e9 et de l\u2019innovation dans un secteur strat\u00e9gique<\/strong><\/div>\n<div dir=\"auto\"><\/div>\n<div dir=\"auto\">\n<p>Ce vendredi 1er ao\u00fbt, Namory Camara a officiellement \u00e9t\u00e9 install\u00e9 dans ses fonctions de ministre de l\u2019\u00c9nergie, lors d\u2019une c\u00e9r\u00e9monie solennelle tenue au si\u00e8ge du minist\u00e8re. Il succ\u00e8de \u00e0 Aboubacar Camara, en pr\u00e9sence d\u2019un large public compos\u00e9 de membres du gouvernement, de cadres du d\u00e9partement, de partenaires techniques et financiers ainsi que de nombreuses personnalit\u00e9s.<\/p>\n<p><img loading=\"lazy\" decoding=\"async\" class=\"alignnone size-full wp-image-4226\" src=\"https:\/\/ledenonciateur224.com\/wp-content\/uploads\/2025\/08\/fb-img-1754066501723.jpg\" alt=\"\" width=\"2048\" height=\"1852\" srcset=\"https:\/\/ledenonciateur224.com\/wp-content\/uploads\/2025\/08\/fb-img-1754066501723.jpg 2048w, https:\/\/ledenonciateur224.com\/wp-content\/uploads\/2025\/08\/fb-img-1754066501723-300x271.jpg 300w, https:\/\/ledenonciateur224.com\/wp-content\/uploads\/2025\/08\/fb-img-1754066501723-1024x926.jpg 1024w, https:\/\/ledenonciateur224.com\/wp-content\/uploads\/2025\/08\/fb-img-1754066501723-768x695.jpg 768w, https:\/\/ledenonciateur224.com\/wp-content\/uploads\/2025\/08\/fb-img-1754066501723-1536x1389.jpg 1536w, https:\/\/ledenonciateur224.com\/wp-content\/uploads\/2025\/08\/fb-img-1754066501723-150x136.jpg 150w, https:\/\/ledenonciateur224.com\/wp-content\/uploads\/2025\/08\/fb-img-1754066501723-696x629.jpg 696w, https:\/\/ledenonciateur224.com\/wp-content\/uploads\/2025\/08\/fb-img-1754066501723-1068x966.jpg 1068w, https:\/\/ledenonciateur224.com\/wp-content\/uploads\/2025\/08\/fb-img-1754066501723-1920x1736.jpg 1920w, https:\/\/ledenonciateur224.com\/wp-content\/uploads\/2025\/08\/fb-img-1754066501723-464x420.jpg 464w\" sizes=\"auto, (max-width: 2048px) 100vw, 2048px\" \/><\/p>\n<p>Le ministre sortant, Aboubacar Camara, a dress\u00e9 un bilan positif de son passage \u00e0 la t\u00eate de ce d\u00e9partement strat\u00e9gique. Il a soulign\u00e9 les progr\u00e8s accomplis sous son mandat et n\u2019a pas manqu\u00e9 d\u2019exprimer sa reconnaissance au Pr\u00e9sident de la R\u00e9publique, le G\u00e9n\u00e9ral Mamadi Doumbouya, pour la confiance plac\u00e9e en lui. Dans un esprit de continuit\u00e9, il a adress\u00e9 ses encouragements et ses v\u0153ux de r\u00e9ussite \u00e0 son successeur.<\/p>\n<p>Prenant la parole, Namory Camara a exprim\u00e9 sa profonde gratitude au Chef de l\u2019\u00c9tat pour la confiance renouvel\u00e9e, tout en mesurant les d\u00e9fis li\u00e9s \u00e0 sa nouvelle mission. Il a d\u00e9clin\u00e9 les grandes lignes de sa feuille de route, articul\u00e9e autour de\u00a0<strong>trois axes prioritaires<\/strong>\u00a0:<\/p>\n<p><img loading=\"lazy\" decoding=\"async\" class=\"alignnone size-full wp-image-4227\" src=\"https:\/\/ledenonciateur224.com\/wp-content\/uploads\/2025\/08\/fb-img-1754066521295.jpg\" alt=\"\" width=\"2048\" height=\"1482\" srcset=\"https:\/\/ledenonciateur224.com\/wp-content\/uploads\/2025\/08\/fb-img-1754066521295.jpg 2048w, https:\/\/ledenonciateur224.com\/wp-content\/uploads\/2025\/08\/fb-img-1754066521295-300x217.jpg 300w, https:\/\/ledenonciateur224.com\/wp-content\/uploads\/2025\/08\/fb-img-1754066521295-1024x741.jpg 1024w, https:\/\/ledenonciateur224.com\/wp-content\/uploads\/2025\/08\/fb-img-1754066521295-768x556.jpg 768w, https:\/\/ledenonciateur224.com\/wp-content\/uploads\/2025\/08\/fb-img-1754066521295-1536x1112.jpg 1536w, https:\/\/ledenonciateur224.com\/wp-content\/uploads\/2025\/08\/fb-img-1754066521295-150x109.jpg 150w, https:\/\/ledenonciateur224.com\/wp-content\/uploads\/2025\/08\/fb-img-1754066521295-696x504.jpg 696w, https:\/\/ledenonciateur224.com\/wp-content\/uploads\/2025\/08\/fb-img-1754066521295-1068x773.jpg 1068w, https:\/\/ledenonciateur224.com\/wp-content\/uploads\/2025\/08\/fb-img-1754066521295-1920x1389.jpg 1920w, https:\/\/ledenonciateur224.com\/wp-content\/uploads\/2025\/08\/fb-img-1754066521295-580x420.jpg 580w, https:\/\/ledenonciateur224.com\/wp-content\/uploads\/2025\/08\/fb-img-1754066521295-324x235.jpg 324w\" sizes=\"auto, (max-width: 2048px) 100vw, 2048px\" \/><\/p>\n<ol>\n<li><strong>Mobilisation des investissements<\/strong>\u00a0pour renforcer les capacit\u00e9s \u00e9nerg\u00e9tiques du pays ;<\/li>\n<li><strong>Promotion des partenariats public-priv\u00e9<\/strong>\u00a0afin d\u2019assurer une gestion efficace et durable du secteur ;<\/li>\n<li><strong>Acc\u00e9l\u00e9ration de la transition \u00e9nerg\u00e9tique<\/strong>, avec un objectif clair : garantir \u00e0 chaque Guin\u00e9en un acc\u00e8s \u00e9quitable \u00e0 une \u00e9nergie fiable, propre et abordable.<\/li>\n<\/ol>\n<p>Dans un contexte mondial de mutation \u00e9nerg\u00e9tique, le nouveau ministre a r\u00e9affirm\u00e9 son ambition de positionner la Guin\u00e9e comme un acteur cl\u00e9 de l\u2019\u00e9nergie durable en Afrique de l\u2019Ouest. Cette passation de t\u00e9moin marque donc le d\u00e9but d\u2019une nouvelle dynamique, empreinte d\u2019ambition, d\u2019innovation et d\u2019engagement en faveur du d\u00e9veloppement durable.<\/p>\n<p>Avec cette nouvelle impulsion, le minist\u00e8re de l\u2019\u00c9nergie r\u00e9affirme son r\u00f4le central dans la transformation \u00e9conomique et sociale du pays, au service des populations et du progr\u00e8s national.<\/p>\n<p>AMC<\/p>\n<p>611 70 39 84<\/p>\n<\/div>\n","protected":false},"excerpt":{"rendered":"<p>Transition minist\u00e9rielle sous le signe de la continuit\u00e9 et de l\u2019innovation dans un secteur strat\u00e9gique Ce vendredi 1er ao\u00fbt, Namory Camara a officiellement \u00e9t\u00e9 install\u00e9 dans ses fonctions de ministre de l\u2019\u00c9nergie, lors d\u2019une c\u00e9r\u00e9monie solennelle tenue au si\u00e8ge du minist\u00e8re. Il succ\u00e8de \u00e0 Aboubacar Camara, en pr\u00e9sence d\u2019un large public compos\u00e9 de membres du [&hellip;]<\/p>\n","protected":false},"author":2,"featured_media":4225,"comment_status":"open","ping_status":"open","sticky":false,"template":"","format":"standard","meta":{"_jetpack_memberships_contains_paid_content":false,"footnotes":"","jetpack_publicize_message":"","jetpack_publicize_feature_enabled":true,"jetpack_social_post_already_shared":true,"jetpack_social_options":{"image_generator_settings":{"template":"highway","default_image_id":0,"font":"","enabled":false},"version":2}},"categories":[24,27],"tags":[1032,1033],"class_list":{"0":"post-4224","1":"post","2":"type-post","3":"status-publish","4":"format-standard","5":"has-post-thumbnail","7":"category-news","8":"category-politique","9":"tag-energetique","10":"tag-ministre-namory-camara"},"jetpack_publicize_connections":[],"jetpack_featured_media_url":"https:\/\/ledenonciateur224.com\/wp-content\/uploads\/2025\/08\/fb-img-1754066540916.jpg","jetpack_sharing_enabled":true,"_links":{"self":[{"href":"https:\/\/ledenonciateur224.com\/index.php\/wp-json\/wp\/v2\/posts\/4224","targetHints":{"allow":["GET"]}}],"collection":[{"href":"https:\/\/ledenonciateur224.com\/index.php\/wp-json\/wp\/v2\/posts"}],"about":[{"href":"https:\/\/ledenonciateur224.com\/index.php\/wp-json\/wp\/v2\/types\/post"}],"author":[{"embeddable":true,"href":"https:\/\/ledenonciateur224.com\/index.php\/wp-json\/wp\/v2\/users\/2"}],"replies":[{"embeddable":true,"href":"https:\/\/ledenonciateur224.com\/index.php\/wp-json\/wp\/v2\/comments?post=4224"}],"version-history":[{"count":0,"href":"https:\/\/ledenonciateur224.com\/index.php\/wp-json\/wp\/v2\/posts\/4224\/revisions"}],"wp:featuredmedia":[{"embeddable":true,"href":"https:\/\/ledenonciateur224.com\/index.php\/wp-json\/wp\/v2\/media\/4225"}],"wp:attachment":[{"href":"https:\/\/ledenonciateur224.com\/index.php\/wp-json\/wp\/v2\/media?parent=4224"}],"wp:term":[{"taxonomy":"category","embeddable":true,"href":"https:\/\/ledenonciateur224.com\/index.php\/wp-json\/wp\/v2\/categories?post=4224"},{"taxonomy":"post_tag","embeddable":true,"href":"https:\/\/ledenonciateur224.com\/index.php\/wp-json\/wp\/v2\/tags?post=4224"}],"curies":[{"name":"wp","href":"https:\/\/api.w.org\/{rel}","templated":true}]}}