{"id":4229,"date":"2025-08-01T22:47:12","date_gmt":"2025-08-01T22:47:12","guid":{"rendered":"https:\/\/ledenonciateur224.com\/?p=4229"},"modified":"2025-08-01T22:47:12","modified_gmt":"2025-08-01T22:47:12","slug":"makanera-kake-meme-sil-faut-traverser-le-feu-je-soutiendrai-le-general-doumbouya","status":"publish","type":"post","link":"https:\/\/ledenonciateur224.com\/index.php\/makanera-kake-meme-sil-faut-traverser-le-feu-je-soutiendrai-le-general-doumbouya\/","title":{"rendered":"Makan\u00e9ra Kak\u00e9 : \u00ab M\u00eame s\u2019il faut traverser le feu, je soutiendrai le G\u00e9n\u00e9ral Doumbouya \u00bb"},"content":{"rendered":"<h4><strong>L\u2019ancien ministre d\u2019Alpha Cond\u00e9 affiche un soutien sans faille au pr\u00e9sident de la transition, qu\u2019il d\u00e9crit comme un \u00ab faiseur de miracles \u00bb pour la Guin\u00e9e<\/strong><\/h4>\n<p>Conakry, 1er ao\u00fbt 2025 \u2014<br \/>\nDans une conf\u00e9rence de presse tenue ce vendredi \u00e0 Conakry,\u00a0<strong>Alhousseiny Makan\u00e9ra Kak\u00e9<\/strong>, homme politique influent et ancien ministre sous le r\u00e9gime d\u2019Alpha Cond\u00e9, a exprim\u00e9 avec une rare ferveur son\u00a0<strong>soutien \u00ab ind\u00e9fectible \u00bb<\/strong>\u00a0au G\u00e9n\u00e9ral Mamadi Doumbouya. Pour le pr\u00e9sident du\u00a0<strong>Front National pour le D\u00e9veloppement (FND)<\/strong>, par ailleurs\u00a0<strong>coordinateur national de la Synergie G\u00e9n\u00e9ral Mamadi Doumbouya 2025<\/strong>, ce soutien ne rel\u00e8ve ni de la strat\u00e9gie politique ni de l\u2019ambition personnelle, mais d\u2019un engagement profond au service de ce qu\u2019il qualifie de \u00ab r\u00e9volution concr\u00e8te \u00bb.\u00ab M\u00eame s\u2019il faut traverser le feu pour aller le soutenir, je le soutiendrai \u00bb, a-t-il martel\u00e9 devant les journalistes, d\u00e9non\u00e7ant au passage ceux qui soup\u00e7onnent la Synergie d\u2019agir par calcul politique.<\/p>\n<h3><\/h3>\n<p>Alhousseiny Makan\u00e9ra Kak\u00e9 n\u2019a pas manqu\u00e9 de rappeler sa place centrale dans le dispositif de soutien \u00e0 Mamadi Doumbouya.\u00ab Je suis triplement Synergie : mon ONG N\u2019dimbor\u00e9 en fait partie, mon parti politique aussi, et je suis moi-m\u00eame le coordinateur national. \u00bbUn engagement qu\u2019il qualifie de\u00a0<strong>total, assum\u00e9 et sans arri\u00e8re-pens\u00e9e<\/strong>.<\/p>\n<h3><\/h3>\n<p>Saluant le bilan du G\u00e9n\u00e9ral Doumbouya, Makan\u00e9ra Kak\u00e9 a insist\u00e9 sur le caract\u00e8re\u00a0<strong>exceptionnel<\/strong>\u00a0des r\u00e9alisations accomplies en seulement trois ans, l\u00e0 o\u00f9, selon lui, beaucoup doutaient :\u00ab Tous les projets qui semblaient \u00eatre utopiques, irr\u00e9alisables, en trois ans, il a r\u00e9alis\u00e9 \u00e7a. Mais on cherche quoi ? Ce n\u2019est pas le bonheur du peuple ? Il nous a donn\u00e9 ce bonheur-l\u00e0. On est satisfait. \u00bb<\/p>\n<h3><\/h3>\n<p>Face aux critiques insinuant que certains membres de la Synergie cherchent uniquement des postes ou des avantages personnels, Makan\u00e9ra s\u2019est voulu ferme :\u00ab On peut \u00eatre heureux sans \u00eatre pr\u00e9sident, sans \u00eatre ministre. Le meilleur Guin\u00e9en, ce n\u2019est pas celui qui a un poste, c\u2019est celui qui excelle dans sa fonction, m\u00eame s\u2019il est menuisier. \u00bb<\/p>\n<h3><\/h3>\n<p>Au-del\u00e0 de la personne du pr\u00e9sident de la transition, Makan\u00e9ra Kak\u00e9 place son combat sous le signe du patriotisme et de la qu\u00eate de bien-\u00eatre collectif :\u00ab Notre combat pour le G\u00e9n\u00e9ral Mamadi Doumbouya, ce n\u2019est pas pour lui, c\u2019est pour le peuple de Guin\u00e9e, parce que lui, il fait l\u2019affaire de la Guin\u00e9e. \u00bb<\/p>\n<p>En conclusion, Makan\u00e9ra Kak\u00e9 a r\u00e9affirm\u00e9 avec fiert\u00e9 que\u00a0<strong>le G\u00e9n\u00e9ral incarne aujourd\u2019hui, \u00e0 ses yeux, l\u2019espoir d\u2019une nation<\/strong>\u00a0en qu\u00eate de justice sociale, d\u2019infrastructures modernes et de souverainet\u00e9 affirm\u00e9e. La Synergie, dit-il, poursuivra ce combat avec foi, conviction et loyaut\u00e9.<\/p>\n<p>&nbsp;<\/p>\n<p>AMC pour Ledenonciateur224.com<\/p>\n<p>&nbsp;<\/p>\n<p>611 70 39 84<\/p>\n","protected":false},"excerpt":{"rendered":"<p>L\u2019ancien ministre d\u2019Alpha Cond\u00e9 affiche un soutien sans faille au pr\u00e9sident de la transition, qu\u2019il d\u00e9crit comme un \u00ab faiseur de miracles \u00bb pour la Guin\u00e9e Conakry, 1er ao\u00fbt 2025 \u2014 Dans une conf\u00e9rence de presse tenue ce vendredi \u00e0 Conakry,\u00a0Alhousseiny Makan\u00e9ra Kak\u00e9, homme politique influent et ancien ministre sous le r\u00e9gime d\u2019Alpha Cond\u00e9, a [&hellip;]<\/p>\n","protected":false},"author":2,"featured_media":4230,"comment_status":"open","ping_status":"open","sticky":false,"template":"","format":"standard","meta":{"_jetpack_memberships_contains_paid_content":false,"footnotes":"","jetpack_publicize_message":"","jetpack_publicize_feature_enabled":true,"jetpack_social_post_already_shared":true,"jetpack_social_options":{"image_generator_settings":{"template":"highway","default_image_id":0,"font":"","enabled":false},"version":2}},"categories":[24,27],"tags":[1034,149],"class_list":{"0":"post-4229","1":"post","2":"type-post","3":"status-publish","4":"format-standard","5":"has-post-thumbnail","7":"category-news","8":"category-politique","9":"tag-synergie-m25","10":"tag-makanera-kake"},"jetpack_publicize_connections":[],"jetpack_featured_media_url":"https:\/\/ledenonciateur224.com\/wp-content\/uploads\/2025\/08\/alhousseyni-makanera-kake-president-du-fnd.jpg","jetpack_sharing_enabled":true,"_links":{"self":[{"href":"https:\/\/ledenonciateur224.com\/index.php\/wp-json\/wp\/v2\/posts\/4229","targetHints":{"allow":["GET"]}}],"collection":[{"href":"https:\/\/ledenonciateur224.com\/index.php\/wp-json\/wp\/v2\/posts"}],"about":[{"href":"https:\/\/ledenonciateur224.com\/index.php\/wp-json\/wp\/v2\/types\/post"}],"author":[{"embeddable":true,"href":"https:\/\/ledenonciateur224.com\/index.php\/wp-json\/wp\/v2\/users\/2"}],"replies":[{"embeddable":true,"href":"https:\/\/ledenonciateur224.com\/index.php\/wp-json\/wp\/v2\/comments?post=4229"}],"version-history":[{"count":0,"href":"https:\/\/ledenonciateur224.com\/index.php\/wp-json\/wp\/v2\/posts\/4229\/revisions"}],"wp:featuredmedia":[{"embeddable":true,"href":"https:\/\/ledenonciateur224.com\/index.php\/wp-json\/wp\/v2\/media\/4230"}],"wp:attachment":[{"href":"https:\/\/ledenonciateur224.com\/index.php\/wp-json\/wp\/v2\/media?parent=4229"}],"wp:term":[{"taxonomy":"category","embeddable":true,"href":"https:\/\/ledenonciateur224.com\/index.php\/wp-json\/wp\/v2\/categories?post=4229"},{"taxonomy":"post_tag","embeddable":true,"href":"https:\/\/ledenonciateur224.com\/index.php\/wp-json\/wp\/v2\/tags?post=4229"}],"curies":[{"name":"wp","href":"https:\/\/api.w.org\/{rel}","templated":true}]}}