{"id":4236,"date":"2025-08-02T20:56:28","date_gmt":"2025-08-02T20:56:28","guid":{"rendered":"https:\/\/ledenonciateur224.com\/?p=4236"},"modified":"2025-08-02T20:56:28","modified_gmt":"2025-08-02T20:56:28","slug":"synergie-gmd25-fracture-au-sommet-deux-leaders-sopposent-publiquement","status":"publish","type":"post","link":"https:\/\/ledenonciateur224.com\/index.php\/synergie-gmd25-fracture-au-sommet-deux-leaders-sopposent-publiquement\/","title":{"rendered":"Synergie GMD25 : Fracture au sommet, deux leaders s\u2019opposent publiquement"},"content":{"rendered":"<p><strong>Quand la d\u00e9sunion \u00e9clate au grand jour entre Alhousseiny Makanera Kak\u00e9 et Cheick Traor\u00e9<\/strong><\/p>\n<p>Rien ne va plus au sein de la coordination nationale de la Synergie GMD25. Le vernis de l\u2019unit\u00e9 vient de se fissurer brutalement, r\u00e9v\u00e9lant des dissensions internes qui ne peuvent plus \u00eatre dissimul\u00e9es. Une situation qui inqui\u00e8te les observateurs et partenaires du mouvement.<\/p>\n<p>Tout est parti d\u2019une publication faite ce samedi 2 ao\u00fbt par Alhousseiny Makanera Kak\u00e9, coordinateur national de la Synergie GMD25 et leader du parti FND. Sur sa page officielle, il annonce le lancement imminent d\u2019une tourn\u00e9e dans la r\u00e9gion foresti\u00e8re et une partie de la Haute Guin\u00e9e, pr\u00e9vue du 8 au 18 ao\u00fbt 2025. Selon ses propos, cette mission aurait pour objectifs \u00ab la vulgarisation de la nouvelle Constitution ainsi que la validation des coordinations pr\u00e9fectorales et r\u00e9gionales. \u00bb<\/p>\n<p>Mais \u00e0 peine quelques heures plus tard, c\u2019est une douche froide : Cheick Traor\u00e9, secr\u00e9taire ex\u00e9cutif national de la m\u00eame structure, publie un\u00a0<strong>communiqu\u00e9 cinglant<\/strong>\u00a0sur sa propre page, remettant en cause la l\u00e9gitimit\u00e9 de cette initiative.<\/p>\n<p>Dans une d\u00e9claration sans \u00e9quivoque, il affirme :<em>\u00ab Ce texte n\u2019engage en rien la Coordination Nationale dans son ensemble et n\u2019a fait l\u2019objet d\u2019aucune concertation ou validation officielle. \u00c0 ce titre, la Synergie GMD25 informe ses partenaires et sympathisants \u00e0 faire preuve de vigilance et \u00e0 ne tenir compte que des communications authentifi\u00e9es et valid\u00e9es par les canaux habituels de la coordination. Nous r\u00e9affirmons notre attachement \u00e0 la rigueur, \u00e0 la transparence et \u00e0 l\u2019ordre dans la conduite de nos activit\u00e9s. Tout acte de communication publique doit imp\u00e9rativement refl\u00e9ter l\u2019esprit collectif de la Synergie GMD25 et ne saurait en aucun cas \u00eatre fond\u00e9 sur des initiatives personnelles non concert\u00e9es. \u00bb<\/em><\/p>\n<p>Ce d\u00e9saveu public a pris de court de nombreux membres et sympathisants de la Synergie GMD25, d\u2019autant que les deux hommes occupent des postes de responsabilit\u00e9 au plus haut niveau de la coordination. Le choc est d\u2019autant plus grand que la Synergie s\u2019\u00e9tait jusqu\u2019ici illustr\u00e9e par une communication relativement unifi\u00e9e et disciplin\u00e9e.<\/p>\n<p><strong>Cette passe d\u2019armes publique soul\u00e8ve de nombreuses questions sur la coh\u00e9sion interne de la Synergie GMD25. Une fracture qui, si elle n\u2019est pas rapidement r\u00e9sorb\u00e9e, pourrait fragiliser la l\u00e9gitimit\u00e9 du mouvement aupr\u00e8s de ses partenaires et de l\u2019opinion publique.<\/strong><\/p>\n<p>&nbsp;<\/p>\n<p>AMC<\/p>\n<p>&nbsp;<\/p>\n<p>611 70 39 84<\/p>\n","protected":false},"excerpt":{"rendered":"<p>Quand la d\u00e9sunion \u00e9clate au grand jour entre Alhousseiny Makanera Kak\u00e9 et Cheick Traor\u00e9 Rien ne va plus au sein de la coordination nationale de la Synergie GMD25. Le vernis de l\u2019unit\u00e9 vient de se fissurer brutalement, r\u00e9v\u00e9lant des dissensions internes qui ne peuvent plus \u00eatre dissimul\u00e9es. Une situation qui inqui\u00e8te les observateurs et partenaires [&hellip;]<\/p>\n","protected":false},"author":2,"featured_media":4237,"comment_status":"open","ping_status":"open","sticky":false,"template":"","format":"standard","meta":{"_jetpack_memberships_contains_paid_content":false,"footnotes":"","jetpack_publicize_message":"","jetpack_publicize_feature_enabled":true,"jetpack_social_post_already_shared":true,"jetpack_social_options":{"image_generator_settings":{"template":"highway","default_image_id":0,"font":"","enabled":false},"version":2}},"categories":[24,27],"tags":[1035],"class_list":{"0":"post-4236","1":"post","2":"type-post","3":"status-publish","4":"format-standard","5":"has-post-thumbnail","7":"category-news","8":"category-politique","9":"tag-synergie-gmd25"},"jetpack_publicize_connections":[],"jetpack_featured_media_url":"https:\/\/ledenonciateur224.com\/wp-content\/uploads\/2025\/08\/20250802-204920-scaled.jpg","jetpack_sharing_enabled":true,"_links":{"self":[{"href":"https:\/\/ledenonciateur224.com\/index.php\/wp-json\/wp\/v2\/posts\/4236","targetHints":{"allow":["GET"]}}],"collection":[{"href":"https:\/\/ledenonciateur224.com\/index.php\/wp-json\/wp\/v2\/posts"}],"about":[{"href":"https:\/\/ledenonciateur224.com\/index.php\/wp-json\/wp\/v2\/types\/post"}],"author":[{"embeddable":true,"href":"https:\/\/ledenonciateur224.com\/index.php\/wp-json\/wp\/v2\/users\/2"}],"replies":[{"embeddable":true,"href":"https:\/\/ledenonciateur224.com\/index.php\/wp-json\/wp\/v2\/comments?post=4236"}],"version-history":[{"count":0,"href":"https:\/\/ledenonciateur224.com\/index.php\/wp-json\/wp\/v2\/posts\/4236\/revisions"}],"wp:featuredmedia":[{"embeddable":true,"href":"https:\/\/ledenonciateur224.com\/index.php\/wp-json\/wp\/v2\/media\/4237"}],"wp:attachment":[{"href":"https:\/\/ledenonciateur224.com\/index.php\/wp-json\/wp\/v2\/media?parent=4236"}],"wp:term":[{"taxonomy":"category","embeddable":true,"href":"https:\/\/ledenonciateur224.com\/index.php\/wp-json\/wp\/v2\/categories?post=4236"},{"taxonomy":"post_tag","embeddable":true,"href":"https:\/\/ledenonciateur224.com\/index.php\/wp-json\/wp\/v2\/tags?post=4236"}],"curies":[{"name":"wp","href":"https:\/\/api.w.org\/{rel}","templated":true}]}}