{"id":4283,"date":"2025-08-06T18:54:51","date_gmt":"2025-08-06T18:54:51","guid":{"rendered":"https:\/\/ledenonciateur224.com\/?p=4283"},"modified":"2025-08-06T18:54:51","modified_gmt":"2025-08-06T18:54:51","slug":"un-souffle-despoir-contre-le-paludisme-quand-la-solidarite-communautaire-prend-le-dessus-dans-les-zones-minieres","status":"publish","type":"post","link":"https:\/\/ledenonciateur224.com\/index.php\/un-souffle-despoir-contre-le-paludisme-quand-la-solidarite-communautaire-prend-le-dessus-dans-les-zones-minieres\/","title":{"rendered":"Un souffle d\u2019espoir contre le paludisme : Quand la solidarit\u00e9 communautaire prend le dessus dans les zones mini\u00e8res"},"content":{"rendered":"<h4><strong>Un projet de pulv\u00e9risation domiciliaire port\u00e9 par l\u2019ONG CAM, financ\u00e9 par Rio Tinto Simfer, redonne espoir aux habitants de Beyla, For\u00e9cariah et K\u00e9rouan\u00e9, durement impact\u00e9s par le projet Simandou.<\/strong><\/h4>\n<p>Le\u00a0<strong>Club des Amis du Monde (CAM)<\/strong>\u00a0a lanc\u00e9 un ambitieux projet sanitaire dans les pr\u00e9fectures de\u00a0<strong>Beyla, For\u00e9cariah et K\u00e9rouan\u00e9<\/strong>, r\u00e9gions directement touch\u00e9es par le projet minier\u00a0<strong>Simandou<\/strong>. Intitul\u00e9e\u00a0<em>\u00ab Projet communautaire de lutte contre le paludisme \u00e0 travers la pulv\u00e9risation intra domiciliaire \u00bb<\/em>, cette initiative a \u00e9t\u00e9 chaleureusement salu\u00e9e par les citoyens des zones concern\u00e9es.<\/p>\n<p>Ce projet est\u00a0<strong>financ\u00e9 par la soci\u00e9t\u00e9 Rio Tinto Simfer \u00e0 hauteur de 7,5 milliards de francs guin\u00e9ens<\/strong>, et vise une\u00a0<strong>r\u00e9duction significative du taux de paludisme<\/strong>\u00a0dans les localit\u00e9s riveraines du projet Simandou. Il s\u2019appuie notamment sur\u00a0<strong>la pulv\u00e9risation intra domiciliaire<\/strong>\u00a0et la\u00a0<strong>mobilisation communautaire<\/strong>, pour atteindre durablement ses objectifs.<\/p>\n<p>C\u2019est \u00e0\u00a0<strong>Conakry<\/strong>, ce\u00a0<strong>mercredi 6 ao\u00fbt 2025<\/strong>, que les responsables de l\u2019ONG CAM, en collaboration avec leurs partenaires, ont organis\u00e9 une\u00a0<strong>revue \u00e0 mi-parcours<\/strong>\u00a0afin d\u2019\u00e9valuer les r\u00e9sultats obtenus durant les deux premi\u00e8res ann\u00e9es de mise en \u0153uvre.<\/p>\n<p><img loading=\"lazy\" decoding=\"async\" class=\"alignnone size-full wp-image-4285\" src=\"https:\/\/ledenonciateur224.com\/wp-content\/uploads\/2025\/08\/20250806-111527-scaled.jpg\" alt=\"\" width=\"2560\" height=\"1152\" srcset=\"https:\/\/ledenonciateur224.com\/wp-content\/uploads\/2025\/08\/20250806-111527-scaled.jpg 2560w, https:\/\/ledenonciateur224.com\/wp-content\/uploads\/2025\/08\/20250806-111527-300x135.jpg 300w, https:\/\/ledenonciateur224.com\/wp-content\/uploads\/2025\/08\/20250806-111527-1024x461.jpg 1024w, https:\/\/ledenonciateur224.com\/wp-content\/uploads\/2025\/08\/20250806-111527-768x346.jpg 768w, https:\/\/ledenonciateur224.com\/wp-content\/uploads\/2025\/08\/20250806-111527-1536x691.jpg 1536w, https:\/\/ledenonciateur224.com\/wp-content\/uploads\/2025\/08\/20250806-111527-2048x922.jpg 2048w, https:\/\/ledenonciateur224.com\/wp-content\/uploads\/2025\/08\/20250806-111527-150x68.jpg 150w, https:\/\/ledenonciateur224.com\/wp-content\/uploads\/2025\/08\/20250806-111527-696x313.jpg 696w, https:\/\/ledenonciateur224.com\/wp-content\/uploads\/2025\/08\/20250806-111527-1068x481.jpg 1068w, https:\/\/ledenonciateur224.com\/wp-content\/uploads\/2025\/08\/20250806-111527-1920x864.jpg 1920w, https:\/\/ledenonciateur224.com\/wp-content\/uploads\/2025\/08\/20250806-111527-933x420.jpg 933w\" sizes=\"auto, (max-width: 2560px) 100vw, 2560px\" \/><\/p>\n<p><strong>Aboubacar Sylla<\/strong>, pr\u00e9sident du CAM, a expliqu\u00e9 que cette rencontre s\u2019inscrivait dans une\u00a0<strong>d\u00e9marche de transparence<\/strong>\u00a0vis-\u00e0-vis des partenaires et des communaut\u00e9s b\u00e9n\u00e9ficiaires :\u00ab Aujourd\u2019hui, nous avons invit\u00e9 tous les partenaires cl\u00e9s pour pouvoir pr\u00e9senter ces r\u00e9sultats, d\u2019une part, mais aussi les r\u00e9sultats d\u2019une \u00e9tude d\u2019impact que nous avons men\u00e9e sous la conduite de la direction pr\u00e9fectorale de la sant\u00e9 de For\u00e9cariah. Aussi, nous avons pr\u00e9sent\u00e9 la perception des communaut\u00e9s impact\u00e9es le long du corridor de Beyla, For\u00e9cariah, sur l\u2019importance de nos interventions avec l\u2019appui technique et financier de Rio Tinto \u00bb, a-t-il d\u00e9clar\u00e9.<\/p>\n<h3><\/h3>\n<p>Apr\u00e8s deux ans d\u2019intervention, les effets sont tangibles sur le terrain. Le pr\u00e9sident du CAM rapporte une\u00a0<strong>forte baisse des cas de paludisme<\/strong>, due notamment \u00e0\u00a0<strong>l\u2019efficacit\u00e9 des produits utilis\u00e9s<\/strong>\u00a0pour la pulv\u00e9risation :\u00ab J\u2019avoue, apr\u00e8s deux ans d\u2019intervention, c\u2019est une satisfaction totale dans le village o\u00f9 nous sommes intervenus. Les produits que nous utilisons \u2013 m\u00eame si je ne les nomme pas ici \u2013 sont tr\u00e8s efficaces. Une fois les structures pulv\u00e9ris\u00e9es, il faut au moins six mois pour qu\u2019un autre moustique entre dans les maisons. \u00bb<\/p>\n<p>Le projet ne se limite pas \u00e0 la pulv\u00e9risation. Il s\u2019inscrit aussi dans une\u00a0<strong>dynamique d\u2019hygi\u00e8ne communautaire<\/strong>\u00a0et de\u00a0<strong>transfert de comp\u00e9tences<\/strong>. Le CAM a mis en place des laboratoires d\u2019entomologie \u00e0\u00a0<strong>Beyla<\/strong>\u00a0et \u00e0\u00a0<strong>Maferinya<\/strong>, permettant de suivre l\u2019\u00e9volution de la pr\u00e9sence des moustiques et d\u2019identifier les foyers larvaires.\u00ab Nous avons un laboratoire d\u2019\u00e9l\u00e9vation des moustiques pour pouvoir faire les tests de r\u00e9manence sur les murs que nous pulv\u00e9risons&#8230; Nous avons des entomologistes qui travaillent dans nos deux labos. \u00bb<\/p>\n<h3><img loading=\"lazy\" decoding=\"async\" class=\"alignnone size-full wp-image-4286\" src=\"https:\/\/ledenonciateur224.com\/wp-content\/uploads\/2025\/08\/20250806-113456-scaled.jpg\" alt=\"\" width=\"2560\" height=\"1152\" srcset=\"https:\/\/ledenonciateur224.com\/wp-content\/uploads\/2025\/08\/20250806-113456-scaled.jpg 2560w, https:\/\/ledenonciateur224.com\/wp-content\/uploads\/2025\/08\/20250806-113456-300x135.jpg 300w, https:\/\/ledenonciateur224.com\/wp-content\/uploads\/2025\/08\/20250806-113456-1024x461.jpg 1024w, https:\/\/ledenonciateur224.com\/wp-content\/uploads\/2025\/08\/20250806-113456-768x346.jpg 768w, https:\/\/ledenonciateur224.com\/wp-content\/uploads\/2025\/08\/20250806-113456-1536x691.jpg 1536w, https:\/\/ledenonciateur224.com\/wp-content\/uploads\/2025\/08\/20250806-113456-2048x922.jpg 2048w, https:\/\/ledenonciateur224.com\/wp-content\/uploads\/2025\/08\/20250806-113456-150x68.jpg 150w, https:\/\/ledenonciateur224.com\/wp-content\/uploads\/2025\/08\/20250806-113456-696x313.jpg 696w, https:\/\/ledenonciateur224.com\/wp-content\/uploads\/2025\/08\/20250806-113456-1068x481.jpg 1068w, https:\/\/ledenonciateur224.com\/wp-content\/uploads\/2025\/08\/20250806-113456-1920x864.jpg 1920w, https:\/\/ledenonciateur224.com\/wp-content\/uploads\/2025\/08\/20250806-113456-933x420.jpg 933w\" sizes=\"auto, (max-width: 2560px) 100vw, 2560px\" \/><\/h3>\n<p>Pr\u00e9sente \u00e0 la c\u00e9r\u00e9monie,\u00a0<strong>Mme Candace Ramcharan<\/strong>, Directrice G\u00e9n\u00e9rale de CSP Simfer, a soulign\u00e9 la dimension humaine de cette initiative :\u00ab Ce projet financ\u00e9 par Rio Tinto\/Simfer et port\u00e9 par l&rsquo;ONG le Club des Amis du Monde en collaboration avec les autorit\u00e9s sanitaires rev\u00eat d&rsquo;une importance capitale. Il incarne notre engagement commun \u00e0 soutenir les efforts du gouvernement dans l&rsquo;am\u00e9lioration de la sant\u00e9 des communaut\u00e9s riveraines. \u00bb<\/p>\n<p>Estim\u00e9 \u00e0\u00a0<strong>7 milliards de francs guin\u00e9ens<\/strong>, le projet couvre\u00a0<strong>12 localit\u00e9s<\/strong>\u00a0dans les trois pr\u00e9fectures cibl\u00e9es et combine\u00a0<strong>sensibilisation, destruction des g\u00eetes larvaires<\/strong>, et\u00a0<strong>pulv\u00e9risation intra domiciliaire<\/strong>. Il place les\u00a0<strong>femmes, enfants et personnes \u00e2g\u00e9es<\/strong>\u00a0au c\u0153ur de sa strat\u00e9gie d\u2019impact.\u00ab Ce projet est avant tout une initiative humaine. Il s&rsquo;agit de prot\u00e9ger les enfants, les femmes enceintes, les personnes \u00e2g\u00e9es&#8230; une mani\u00e8re de b\u00e2tir ensemble un avenir plus sain et plus serein. \u00bb<\/p>\n<h3><\/h3>\n<p>Le repr\u00e9sentant du\u00a0<strong>Comit\u00e9 national de lutte contre le paludisme<\/strong>\u00a0a, quant \u00e0 lui, salu\u00e9 cette initiative qui\u00a0<strong>rejoint les priorit\u00e9s du gouvernement guin\u00e9en<\/strong>\u00a0\u00e0 travers le\u00a0<strong>minist\u00e8re de la Sant\u00e9 et de l\u2019Hygi\u00e8ne Publique<\/strong>. Le paludisme reste en effet\u00a0<strong>la premi\u00e8re cause d\u2019hospitalisation<\/strong>\u00a0dans les structures sanitaires du pays.<\/p>\n<p>Ce projet illustre parfaitement ce que peut produire une\u00a0<strong>coop\u00e9ration entre ONG, entreprises priv\u00e9es et autorit\u00e9s locales<\/strong>\u00a0: une action cibl\u00e9e, structur\u00e9e, communautaire et durable. \u00c0 l\u2019heure o\u00f9 la Guin\u00e9e cherche \u00e0 conjuguer\u00a0<strong>d\u00e9veloppement minier et bien-\u00eatre des populations<\/strong>, le CAM et ses partenaires montrent qu\u2019il est possible de\u00a0<strong>concilier croissance \u00e9conomique et justice sanitaire<\/strong>.<\/p>\n<p><img loading=\"lazy\" decoding=\"async\" class=\"alignnone size-full wp-image-4287\" src=\"https:\/\/ledenonciateur224.com\/wp-content\/uploads\/2025\/08\/20250806-131525-scaled.jpg\" alt=\"\" width=\"2560\" height=\"1152\" srcset=\"https:\/\/ledenonciateur224.com\/wp-content\/uploads\/2025\/08\/20250806-131525-scaled.jpg 2560w, https:\/\/ledenonciateur224.com\/wp-content\/uploads\/2025\/08\/20250806-131525-300x135.jpg 300w, https:\/\/ledenonciateur224.com\/wp-content\/uploads\/2025\/08\/20250806-131525-1024x461.jpg 1024w, https:\/\/ledenonciateur224.com\/wp-content\/uploads\/2025\/08\/20250806-131525-768x346.jpg 768w, https:\/\/ledenonciateur224.com\/wp-content\/uploads\/2025\/08\/20250806-131525-1536x691.jpg 1536w, https:\/\/ledenonciateur224.com\/wp-content\/uploads\/2025\/08\/20250806-131525-2048x922.jpg 2048w, https:\/\/ledenonciateur224.com\/wp-content\/uploads\/2025\/08\/20250806-131525-150x68.jpg 150w, https:\/\/ledenonciateur224.com\/wp-content\/uploads\/2025\/08\/20250806-131525-696x313.jpg 696w, https:\/\/ledenonciateur224.com\/wp-content\/uploads\/2025\/08\/20250806-131525-1068x481.jpg 1068w, https:\/\/ledenonciateur224.com\/wp-content\/uploads\/2025\/08\/20250806-131525-1920x864.jpg 1920w, https:\/\/ledenonciateur224.com\/wp-content\/uploads\/2025\/08\/20250806-131525-933x420.jpg 933w\" sizes=\"auto, (max-width: 2560px) 100vw, 2560px\" \/><\/p>\n<p>Aboubacar Moussa Camara<\/p>\n<p>611 70 39 84<\/p>\n","protected":false},"excerpt":{"rendered":"<p>Un projet de pulv\u00e9risation domiciliaire port\u00e9 par l\u2019ONG CAM, financ\u00e9 par Rio Tinto Simfer, redonne espoir aux habitants de Beyla, For\u00e9cariah et K\u00e9rouan\u00e9, durement impact\u00e9s par le projet Simandou. Le\u00a0Club des Amis du Monde (CAM)\u00a0a lanc\u00e9 un ambitieux projet sanitaire dans les pr\u00e9fectures de\u00a0Beyla, For\u00e9cariah et K\u00e9rouan\u00e9, r\u00e9gions directement touch\u00e9es par le projet minier\u00a0Simandou. Intitul\u00e9e\u00a0\u00ab [&hellip;]<\/p>\n","protected":false},"author":2,"featured_media":4284,"comment_status":"open","ping_status":"open","sticky":false,"template":"","format":"standard","meta":{"_jetpack_memberships_contains_paid_content":false,"footnotes":"","jetpack_publicize_message":"","jetpack_publicize_feature_enabled":true,"jetpack_social_post_already_shared":true,"jetpack_social_options":{"image_generator_settings":{"template":"highway","default_image_id":0,"font":"","enabled":false},"version":2}},"categories":[30,24],"tags":[1042,209],"class_list":{"0":"post-4283","1":"post","2":"type-post","3":"status-publish","4":"format-standard","5":"has-post-thumbnail","7":"category-faits-divers","8":"category-news","9":"tag-ong-cam","10":"tag-sante-publique"},"jetpack_publicize_connections":[],"jetpack_featured_media_url":"https:\/\/ledenonciateur224.com\/wp-content\/uploads\/2025\/08\/20250806-131528-scaled.jpg","jetpack_sharing_enabled":true,"_links":{"self":[{"href":"https:\/\/ledenonciateur224.com\/index.php\/wp-json\/wp\/v2\/posts\/4283","targetHints":{"allow":["GET"]}}],"collection":[{"href":"https:\/\/ledenonciateur224.com\/index.php\/wp-json\/wp\/v2\/posts"}],"about":[{"href":"https:\/\/ledenonciateur224.com\/index.php\/wp-json\/wp\/v2\/types\/post"}],"author":[{"embeddable":true,"href":"https:\/\/ledenonciateur224.com\/index.php\/wp-json\/wp\/v2\/users\/2"}],"replies":[{"embeddable":true,"href":"https:\/\/ledenonciateur224.com\/index.php\/wp-json\/wp\/v2\/comments?post=4283"}],"version-history":[{"count":0,"href":"https:\/\/ledenonciateur224.com\/index.php\/wp-json\/wp\/v2\/posts\/4283\/revisions"}],"wp:featuredmedia":[{"embeddable":true,"href":"https:\/\/ledenonciateur224.com\/index.php\/wp-json\/wp\/v2\/media\/4284"}],"wp:attachment":[{"href":"https:\/\/ledenonciateur224.com\/index.php\/wp-json\/wp\/v2\/media?parent=4283"}],"wp:term":[{"taxonomy":"category","embeddable":true,"href":"https:\/\/ledenonciateur224.com\/index.php\/wp-json\/wp\/v2\/categories?post=4283"},{"taxonomy":"post_tag","embeddable":true,"href":"https:\/\/ledenonciateur224.com\/index.php\/wp-json\/wp\/v2\/tags?post=4283"}],"curies":[{"name":"wp","href":"https:\/\/api.w.org\/{rel}","templated":true}]}}