{"id":4296,"date":"2025-08-07T08:12:57","date_gmt":"2025-08-07T08:12:57","guid":{"rendered":"https:\/\/ledenonciateur224.com\/?p=4296"},"modified":"2025-08-07T08:12:57","modified_gmt":"2025-08-07T08:12:57","slug":"remaniement-strategique-mamadi-doumbouya-procede-a-une-vague-de-nominations-au-ministere-de-ladministration-du-territoire","status":"publish","type":"post","link":"https:\/\/ledenonciateur224.com\/index.php\/remaniement-strategique-mamadi-doumbouya-procede-a-une-vague-de-nominations-au-ministere-de-ladministration-du-territoire\/","title":{"rendered":"Remaniement strat\u00e9gique : Mamadi Doumbouya proc\u00e8de \u00e0 une vague de nominations au minist\u00e8re de l\u2019Administration du Territoire"},"content":{"rendered":"<p><strong>Conakry, 6 ao\u00fbt 2025<\/strong>\u00a0\u2013 \u00c0 travers un d\u00e9cret lu \u00e0 la t\u00e9l\u00e9vision nationale ce mercredi soir, le pr\u00e9sident de la transition, le G\u00e9n\u00e9ral Mamadi Doumbouya, a proc\u00e9d\u00e9 \u00e0 une s\u00e9rie de nominations de hauts cadres au minist\u00e8re de l\u2019Administration du Territoire et de la D\u00e9centralisation.<\/p>\n<p>Cette nouvelle vague de promotions, qui concerne pr\u00e8s de 40 postes strat\u00e9giques, marque une volont\u00e9 affirm\u00e9e de renforcer la gouvernance territoriale, d\u2019am\u00e9liorer l\u2019encadrement administratif local et de structurer davantage les services rattach\u00e9s \u00e0 la d\u00e9centralisation, \u00e0 la citoyennet\u00e9, \u00e0 la gestion des urgences et \u00e0 l\u2019\u00e9tat civil.<\/p>\n<p>Parmi les personnalit\u00e9s nomm\u00e9es figurent des administrateurs civils chevronn\u00e9s, des juristes, des \u00e9conomistes, des sociologues, des enseignants-chercheurs, ainsi que des experts en d\u00e9veloppement durable et en gestion de crise.<\/p>\n<p>Ledenonciateur224.com vous propose ci-dessous la\u00a0<strong>liste compl\u00e8te des cadres promus<\/strong>\u00a0dans ce vaste remaniement administratif.<\/p>\n<ol>\n<li>Conseiller principal: \u00a0Dr Mamadi Yamory Cond\u00e9, administrateur civil, matricule 592721 F<\/li>\n<li>Conseiller politique\u00a0:\u00a0Monsieur Aziz Diop, administrateur civil, matricule 583152 R<\/li>\n<li>Conseiller juridique\u00a0:\u00a0docteur Khalil Aissata Ke\u00efta, enseignant-chercheur, matricule 337497 V<\/li>\n<li>Conseill\u00e8re charg\u00e9e de mission: madame Nansira Sandiana Camara, administrateur civil, matricule 322900 H<\/li>\n<li>Conseiller charg\u00e9 de la gouvernance territoriale participative: monsieur Ousmane Sacko, administrateur civil, matricule 585890 Q<\/li>\n<li>Inspecteur g\u00e9n\u00e9ral\u00a0:\u00a0Monsieur C\u00e9c\u00e9 Loua, juriste, matricule 198269 S<\/li>\n<li>Inspecteur g\u00e9n\u00e9ral adjoint: Monsieur Mamadou Cond\u00e9, \u00e9conomiste, matricule 242208 E<\/li>\n<li>Directeur g\u00e9n\u00e9ral du bureau de strat\u00e9gie et de d\u00e9veloppement: Monsieur Oumar 1 Sanoh, linguiste, matricule 250945 D<\/li>\n<li>Directeur g\u00e9n\u00e9ral adjoint du bureau de strat\u00e9gie et de d\u00e9veloppement\u00a0: Monsieur Mamadou Saliou Wora Diallo, gestionnaire, matricule 266006 S<\/li>\n<li>Directeur national de l\u2019administration du territoire: Monsieur Mohamed Lamine Doumbouya, administrateur civil, matricule 200814 M<\/li>\n<li>Directeur national adjoint de l\u2019administration du territoire: Monsieur Moustapha Barry, administrateur civil, matricule 590202 J<\/li>\n<li>Directeur national des collectivit\u00e9s locales: Dr Mohamed Faro, g\u00e9o-\u00e9conomiste, matricule 212334 N<\/li>\n<li>Directeur national adjoint des collectivit\u00e9s locales: Monsieur Issiagha 2 Sylla, sociologue, matricule 211648 J<\/li>\n<li>Directrice nationale de la promotion et de la r\u00e9gulation des organisations non-gouvernementales et mouvements associatifs\u00a0: Madame Delphine Ouendouno, juriste, matricule 245994 M<\/li>\n<li>Directeur national adjoint de la promotion et de la r\u00e9gulation des organisations non-gouvernementales et mouvements associatifs: Monsieur Cheikh Alioune Diallo, administrateur des affaires<\/li>\n<li>Directeur national des libert\u00e9s publiques et des fronti\u00e8res\u00a0: Monsieur Moriba Madassouba, juriste, matricule 250989 J<\/li>\n<li>Directrice nationale adjointe des libert\u00e9s publiques et des fronti\u00e8res: Monsieur Aminata Sobra Bangoura, administratrice des affaires, matricule 268201 P<\/li>\n<li>Directeur g\u00e9n\u00e9ral des affaires politiques\u00a0: Monsieur Souma\u00efla Djoubat\u00e9, politologue, matricule 305734 S<\/li>\n<li>Directeur g\u00e9n\u00e9ral adjoint des affaires politiques: Monsieur Alpha Issiagha Diallo, administrateur civil, matricule 229979 X<\/li>\n<li>Directeur g\u00e9n\u00e9ral de la promotion de la citoyennet\u00e9 et de la paix: Monsieur Amirou Diawara, juriste, matricule 279100 C<\/li>\n<li>Directrice g\u00e9n\u00e9rale adjointe de la promotion de la citoyennet\u00e9 et de la paix: Madame Oumou Mara, juriste, matricule 262759 X<\/li>\n<li>Directeur g\u00e9n\u00e9ral de l\u2019Agence nationale d\u2019assainissement et de salubrit\u00e9 publique: Monsieur Mamoudou Dian\u00e9, \u00e9conomiste, sp\u00e9cialis\u00e9 en administration socio-\u00e9conomique et en d\u00e9veloppement durable<\/li>\n<li>Directeur g\u00e9n\u00e9ral adjoint de l\u2019Agence nationale d\u2019assainissement et de salubrit\u00e9 publique\u00a0: Moussa Yes Kaba, \u00e9conomiste<\/li>\n<li>Directeur g\u00e9n\u00e9ral du Centre national de formation et de perfectionnement des cadres et lieux locaux\u00a0:\u00a0Monsieur Mamadi Magasouba, administrateur civil, matricule 246501 J<\/li>\n<li>Directeur g\u00e9n\u00e9ral adjoint du Centre national de formation et de perfectionnement des cadres et lieux locaux\u00a0: Monsieur Mamadi Camara, linguiste, matricule 246379 J<\/li>\n<li>Directeur g\u00e9n\u00e9ral de l\u2019Agence nationale de gestion des urgences et catastrophes humanitaires: Monsieur Lancei Tour\u00e9, journaliste,<\/li>\n<li>Directeur g\u00e9n\u00e9ral adjoint de l\u2019Agence nationale de gestion des urgences et catastrophes humanitaires\u00a0: Monsieur Thi\u00e9thio Nikola Milimouno, administrateur des affaires<\/li>\n<li>Directeur g\u00e9n\u00e9ral du Service national d\u2019am\u00e9nagement des points d\u2019eau\u00a0:\u00a0Aladji Fod\u00e9 Kaba<\/li>\n<li>Directeur g\u00e9n\u00e9ral adjoint du Service national d\u2019am\u00e9nagement des points d\u2019eau: Monsieur Mohamed Tour\u00e9, ing\u00e9nieur g\u00e9nie rural, matricule 250770 T<\/li>\n<li>Directeur g\u00e9n\u00e9ral de l\u2019Office national de l\u2019\u00e9tat civil et de l\u2019identification\u00a0: Monsieur K\u00e9moko Dioubat\u00e9, ma\u00eetrise en lettres modernes, matricule 297060 V<\/li>\n<li>Directeur g\u00e9n\u00e9ral adjoint de l\u2019Office national de l\u2019\u00e9tat civil et de l\u2019identification: Monsieur Alpha Kabin\u00e9 Cond\u00e9, ing\u00e9nieur en syst\u00e8me d\u2019information et de base de donn\u00e9es biom\u00e9triques<\/li>\n<li>Directeur du Service national d\u2019appui \u00e0 la garde communale: monsieur Jean-F\u00e9lix Bangoura, ing\u00e9nieur agronome<\/li>\n<li>Directeur adjoint du Service national d\u2019appui \u00e0 la garde communale\u00a0: Fod\u00e9 Bangaly Cond\u00e9, sociologue<\/li>\n<li>Secr\u00e9taire ex\u00e9cutif de la Commission interminist\u00e9rielle de pilotage de la lettre de politique nationale de d\u00e9centralisation et de d\u00e9veloppement local, LPNDDL: madame Fatoumata Nembourou Diallo, administrateur civil<\/li>\n<li>Secr\u00e9taire ex\u00e9cutif de la Commission nationale des fronti\u00e8res\u00a0: Dr Cheikh Sidya Djabat\u00e9, matricule 209943 H<\/li>\n<li>Secr\u00e9taire ex\u00e9cutif adjoint de la Commission nationale des fronti\u00e8res\u00a0: Monsieur Mohamed Diara, chimiste, matricule 298795 C<\/li>\n<li>Secr\u00e9taire ex\u00e9cutif de la Commission nationale d\u2019int\u00e9gration et de suivi des r\u00e9fugi\u00e9s: Monsieur Koikoi Beavogui, biologiste, matricule 213122 B<\/li>\n<li>Secr\u00e9taire ex\u00e9cutive adjointe de la Commission nationale d\u2019int\u00e9gration et de suivi des r\u00e9fugi\u00e9s\u00a0: Aissatou Sidib\u00e9, gestionnaire, matricule 310\u00a0656 G<\/li>\n<\/ol>\n","protected":false},"excerpt":{"rendered":"<p>Conakry, 6 ao\u00fbt 2025\u00a0\u2013 \u00c0 travers un d\u00e9cret lu \u00e0 la t\u00e9l\u00e9vision nationale ce mercredi soir, le pr\u00e9sident de la transition, le G\u00e9n\u00e9ral Mamadi Doumbouya, a proc\u00e9d\u00e9 \u00e0 une s\u00e9rie de nominations de hauts cadres au minist\u00e8re de l\u2019Administration du Territoire et de la D\u00e9centralisation. Cette nouvelle vague de promotions, qui concerne pr\u00e8s de 40 [&hellip;]<\/p>\n","protected":false},"author":2,"featured_media":4261,"comment_status":"open","ping_status":"open","sticky":false,"template":"","format":"standard","meta":{"_jetpack_memberships_contains_paid_content":false,"footnotes":"","jetpack_publicize_message":"","jetpack_publicize_feature_enabled":true,"jetpack_social_post_already_shared":true,"jetpack_social_options":{"image_generator_settings":{"template":"highway","default_image_id":0,"font":"","enabled":false},"version":2}},"categories":[24,27],"tags":[924,1044],"class_list":{"0":"post-4296","1":"post","2":"type-post","3":"status-publish","4":"format-standard","5":"has-post-thumbnail","7":"category-news","8":"category-politique","9":"tag-matd-guinee","10":"tag-remaniement"},"jetpack_publicize_connections":[],"jetpack_featured_media_url":"https:\/\/ledenonciateur224.com\/wp-content\/uploads\/2025\/08\/fb-img-1754008360094.jpg","jetpack_sharing_enabled":true,"_links":{"self":[{"href":"https:\/\/ledenonciateur224.com\/index.php\/wp-json\/wp\/v2\/posts\/4296","targetHints":{"allow":["GET"]}}],"collection":[{"href":"https:\/\/ledenonciateur224.com\/index.php\/wp-json\/wp\/v2\/posts"}],"about":[{"href":"https:\/\/ledenonciateur224.com\/index.php\/wp-json\/wp\/v2\/types\/post"}],"author":[{"embeddable":true,"href":"https:\/\/ledenonciateur224.com\/index.php\/wp-json\/wp\/v2\/users\/2"}],"replies":[{"embeddable":true,"href":"https:\/\/ledenonciateur224.com\/index.php\/wp-json\/wp\/v2\/comments?post=4296"}],"version-history":[{"count":0,"href":"https:\/\/ledenonciateur224.com\/index.php\/wp-json\/wp\/v2\/posts\/4296\/revisions"}],"wp:featuredmedia":[{"embeddable":true,"href":"https:\/\/ledenonciateur224.com\/index.php\/wp-json\/wp\/v2\/media\/4261"}],"wp:attachment":[{"href":"https:\/\/ledenonciateur224.com\/index.php\/wp-json\/wp\/v2\/media?parent=4296"}],"wp:term":[{"taxonomy":"category","embeddable":true,"href":"https:\/\/ledenonciateur224.com\/index.php\/wp-json\/wp\/v2\/categories?post=4296"},{"taxonomy":"post_tag","embeddable":true,"href":"https:\/\/ledenonciateur224.com\/index.php\/wp-json\/wp\/v2\/tags?post=4296"}],"curies":[{"name":"wp","href":"https:\/\/api.w.org\/{rel}","templated":true}]}}