{"id":4298,"date":"2025-08-07T09:46:33","date_gmt":"2025-08-07T09:46:33","guid":{"rendered":"https:\/\/ledenonciateur224.com\/?p=4298"},"modified":"2025-08-07T09:46:33","modified_gmt":"2025-08-07T09:46:33","slug":"mouctar-diallo-quitte-la-scene-politique-lengagement-autrement","status":"publish","type":"post","link":"https:\/\/ledenonciateur224.com\/index.php\/mouctar-diallo-quitte-la-scene-politique-lengagement-autrement\/","title":{"rendered":"Mouctar Diallo quitte la sc\u00e8ne politique : l\u2019engagement autrement"},"content":{"rendered":"<p><strong>Apr\u00e8s des ann\u00e9es de silence, l\u2019ex-ministre officialise son retrait de la vie politique et quitte la pr\u00e9sidence des NFD.<\/strong><\/p>\n<p>Apr\u00e8s une longue \u00e9clipse de la sc\u00e8ne politique guin\u00e9enne, <strong>Mouctar Diallo<\/strong> a mis fin au suspense. Ce <strong>jeudi 7 ao\u00fbt 2025<\/strong>, l\u2019ancien ministre de la Jeunesse sous le r\u00e9gime d\u2019Alpha Cond\u00e9, \u00e9galement pr\u00e9sident du parti <strong>Nouvelles Forces D\u00e9mocratiques (NFD)<\/strong>, a annonc\u00e9 publiquement <strong>son retrait d\u00e9finitif de la vie politique<\/strong>.<\/p>\n<p>Dans une d\u00e9claration empreinte d\u2019\u00e9motion et de lucidit\u00e9, il acte ainsi la fin d\u2019un parcours engag\u00e9, mais sem\u00e9 de temp\u00eates :<strong>\u00ab Depuis ma d\u00e9mission du gouvernement, le 20 janvier 2021, j\u2019ai choisi de prendre du recul, ce qui explique mon absence prolong\u00e9e de la sc\u00e8ne politique. Aujourd\u2019hui, jeudi 7 ao\u00fbt 2025, j\u2019annonce ma d\u00e9mission de la pr\u00e9sidence du parti politique NFD (Nouvelles Forces D\u00e9mocratiques), ainsi que mon retrait de la vie politique \u00bb<\/strong>, a-t-il affirm\u00e9.<\/p>\n<p>Cette sortie marque la conclusion d\u2019une trajectoire politique commenc\u00e9e tr\u00e8s jeune, marqu\u00e9e par la d\u00e9fense des valeurs d\u00e9mocratiques, la participation active aux d\u00e9bats publics, et la volont\u00e9 constante d\u2019incarner une alternative pour la jeunesse guin\u00e9enne.<\/p>\n<h3>Un engagement qui se r\u00e9invente<\/h3>\n<p>S\u2019il quitte les ar\u00e8nes politiques officielles, <strong>Mouctar Diallo n\u2019abandonne pas ses convictions.<\/strong> Il entend poursuivre son engagement autrement, \u00e0 travers d\u2019autres canaux d\u2019action.<strong>\u00ab Je reste pleinement engag\u00e9 au service des id\u00e9aux de justice, de d\u00e9mocratie et de d\u00e9veloppement auxquels j\u2019ai toujours cru et pour lesquels je me suis toujours battu avec d\u00e9termination. Je continuerai \u00e0 servir la Guin\u00e9e et l\u2019Afrique autrement, avec la m\u00eame exigence et la m\u00eame passion, car l\u2019engagement ne conna\u00eet pas de fronti\u00e8res fixes \u00bb<\/strong>, a-t-il pr\u00e9cis\u00e9.<\/p>\n<p>Loin de toute amertume, son discours r\u00e9v\u00e8le pourtant les <strong>cicatrices laiss\u00e9es par un long combat politique<\/strong>, souvent solitaire, dans un environnement instable et parfois hostile :<strong>\u00ab S\u2019engager dans la vie publique, c\u2019est accepter de se battre dans l\u2019ombre, de souffrir en silence et d\u2019agir sans la certitude d\u2019\u00eatre compris. C\u2019est porter des responsabilit\u00e9s \u00e9crasantes, faire des choix douloureux, avancer dans un environnement complexe, parfois m\u00eame contradictoire, et traverser des temp\u00eates invisibles aux yeux du grand public. Quand l\u2019int\u00e9r\u00eat g\u00e9n\u00e9ral est la seule boussole, mais que l\u2019incompr\u00e9hension, parfois l\u2019ingratitude, r\u00e8gne, na\u00eet alors une blessure muette. Malgr\u00e9 tout, le v\u00e9ritable serviteur de l\u2019\u00c9tat poursuit sa route, anim\u00e9 non par les honneurs, mais par le sens du devoir et l\u2019espoir que, peut-\u00eatre, un jour, le temps finira par r\u00e9v\u00e9ler la justesse de ses actes \u00bb<\/strong>, a-t-il conclu d&rsquo;apr\u00e8s nos confr\u00e8res de Siaminfo<\/p>\n<h3>Un d\u00e9part, mais pas un adieu \u00e0 la nation<\/h3>\n<p>Avec cette annonce solennelle, <strong>Mouctar Diallo tourne une page<\/strong>, mais laisse ouverte celle de l\u2019action citoyenne. Alors que la Guin\u00e9e continue de traverser des p\u00e9riodes d\u2019incertitude et de mutation politique, cette d\u00e9cision r\u00e9sonne comme un appel au renouveau, mais aussi au respect de ceux qui, dans l\u2019ombre, ont port\u00e9 les espoirs d\u2019une g\u00e9n\u00e9ration.<\/p>\n<p>&nbsp;<\/p>\n<p>Ledenonciateur224.com<\/p>\n","protected":false},"excerpt":{"rendered":"<p>Apr\u00e8s des ann\u00e9es de silence, l\u2019ex-ministre officialise son retrait de la vie politique et quitte la pr\u00e9sidence des NFD. Apr\u00e8s une longue \u00e9clipse de la sc\u00e8ne politique guin\u00e9enne, Mouctar Diallo a mis fin au suspense. Ce jeudi 7 ao\u00fbt 2025, l\u2019ancien ministre de la Jeunesse sous le r\u00e9gime d\u2019Alpha Cond\u00e9, \u00e9galement pr\u00e9sident du parti Nouvelles [&hellip;]<\/p>\n","protected":false},"author":2,"featured_media":4299,"comment_status":"open","ping_status":"open","sticky":false,"template":"","format":"standard","meta":{"_jetpack_memberships_contains_paid_content":false,"footnotes":"","jetpack_publicize_message":"","jetpack_publicize_feature_enabled":true,"jetpack_social_post_already_shared":true,"jetpack_social_options":{"image_generator_settings":{"template":"highway","default_image_id":0,"font":"","enabled":false},"version":2}},"categories":[24,27],"tags":[1045],"class_list":{"0":"post-4298","1":"post","2":"type-post","3":"status-publish","4":"format-standard","5":"has-post-thumbnail","7":"category-news","8":"category-politique","9":"tag-mouctar-diallo"},"jetpack_publicize_connections":[],"jetpack_featured_media_url":"https:\/\/ledenonciateur224.com\/wp-content\/uploads\/2025\/08\/mouctar-diallo-nfd-a-timbi.jpg","jetpack_sharing_enabled":true,"_links":{"self":[{"href":"https:\/\/ledenonciateur224.com\/index.php\/wp-json\/wp\/v2\/posts\/4298","targetHints":{"allow":["GET"]}}],"collection":[{"href":"https:\/\/ledenonciateur224.com\/index.php\/wp-json\/wp\/v2\/posts"}],"about":[{"href":"https:\/\/ledenonciateur224.com\/index.php\/wp-json\/wp\/v2\/types\/post"}],"author":[{"embeddable":true,"href":"https:\/\/ledenonciateur224.com\/index.php\/wp-json\/wp\/v2\/users\/2"}],"replies":[{"embeddable":true,"href":"https:\/\/ledenonciateur224.com\/index.php\/wp-json\/wp\/v2\/comments?post=4298"}],"version-history":[{"count":0,"href":"https:\/\/ledenonciateur224.com\/index.php\/wp-json\/wp\/v2\/posts\/4298\/revisions"}],"wp:featuredmedia":[{"embeddable":true,"href":"https:\/\/ledenonciateur224.com\/index.php\/wp-json\/wp\/v2\/media\/4299"}],"wp:attachment":[{"href":"https:\/\/ledenonciateur224.com\/index.php\/wp-json\/wp\/v2\/media?parent=4298"}],"wp:term":[{"taxonomy":"category","embeddable":true,"href":"https:\/\/ledenonciateur224.com\/index.php\/wp-json\/wp\/v2\/categories?post=4298"},{"taxonomy":"post_tag","embeddable":true,"href":"https:\/\/ledenonciateur224.com\/index.php\/wp-json\/wp\/v2\/tags?post=4298"}],"curies":[{"name":"wp","href":"https:\/\/api.w.org\/{rel}","templated":true}]}}