{"id":4309,"date":"2025-08-08T08:10:32","date_gmt":"2025-08-08T08:10:32","guid":{"rendered":"https:\/\/ledenonciateur224.com\/?p=4309"},"modified":"2025-08-08T08:10:32","modified_gmt":"2025-08-08T08:10:32","slug":"presidentielle-en-guinee-mamadi-doumbouya-candidat-le-doute-plane","status":"publish","type":"post","link":"https:\/\/ledenonciateur224.com\/index.php\/presidentielle-en-guinee-mamadi-doumbouya-candidat-le-doute-plane\/","title":{"rendered":"Pr\u00e9sidentielle en Guin\u00e9e : Mamadi Doumbouya candidat ? Le doute plane"},"content":{"rendered":"<p>\u00c0 quelques semaines du\u00a0<strong>r\u00e9f\u00e9rendum constitutionnel pr\u00e9vu le 21 septembre 2025<\/strong>, la question d\u2019une \u00e9ventuelle candidature du pr\u00e9sident de la transition,\u00a0<strong>Mamadi Doumbouya<\/strong>, \u00e0 la future \u00e9lection pr\u00e9sidentielle suscite des interrogations.<\/p>\n<p>Interrog\u00e9 \u00e0 ce sujet par\u00a0<strong>RFI<\/strong>, le\u00a0<strong>Premier ministre Amadou Oury Bah<\/strong>\u00a0a r\u00e9pondu :<em>\u00ab Pour le moment, aucune information officielle n\u2019a \u00e9t\u00e9 d\u00e9livr\u00e9e sur ce sujet. Mais ce qui est s\u00fbr, les dispositions constitutionnelles qui vont certainement \u00eatre propos\u00e9es \u00e0 la population le 21 septembre prochain n\u2019interdisent pas la candidature principalement de monsieur Mamadi Doumbouya. \u00bb<\/em><\/p>\n<p>Il a tenu \u00e0 rappeler que jusqu\u2019\u00e0 pr\u00e9sent, rien n\u2019indique que le chef de la transition a chang\u00e9 d\u2019avis.<em>\u00ab Laissons-lui le temps, au moment venu, de s\u2019exprimer et de donner ses motivations. Dans n\u2019importe quel sens qu\u2019il pencherait, il va expliquer cela \u00e0 la population guin\u00e9enne. \u00bb<\/em><\/p>\n<p>&nbsp;<\/p>\n<p>Ledenonciateur224.com<\/p>\n","protected":false},"excerpt":{"rendered":"<p>\u00c0 quelques semaines du\u00a0r\u00e9f\u00e9rendum constitutionnel pr\u00e9vu le 21 septembre 2025, la question d\u2019une \u00e9ventuelle candidature du pr\u00e9sident de la transition,\u00a0Mamadi Doumbouya, \u00e0 la future \u00e9lection pr\u00e9sidentielle suscite des interrogations. Interrog\u00e9 \u00e0 ce sujet par\u00a0RFI, le\u00a0Premier ministre Amadou Oury Bah\u00a0a r\u00e9pondu :\u00ab Pour le moment, aucune information officielle n\u2019a \u00e9t\u00e9 d\u00e9livr\u00e9e sur ce sujet. Mais ce [&hellip;]<\/p>\n","protected":false},"author":2,"featured_media":3807,"comment_status":"open","ping_status":"open","sticky":false,"template":"","format":"standard","meta":{"_jetpack_memberships_contains_paid_content":false,"footnotes":"","jetpack_publicize_message":"","jetpack_publicize_feature_enabled":true,"jetpack_social_post_already_shared":true,"jetpack_social_options":{"image_generator_settings":{"template":"highway","default_image_id":0,"font":"","enabled":false},"version":2}},"categories":[24,27],"tags":[1047],"class_list":{"0":"post-4309","1":"post","2":"type-post","3":"status-publish","4":"format-standard","5":"has-post-thumbnail","7":"category-news","8":"category-politique","9":"tag-bah-oury"},"jetpack_publicize_connections":[],"jetpack_featured_media_url":"https:\/\/ledenonciateur224.com\/wp-content\/uploads\/2025\/07\/fb-img-1751922372271.jpg","jetpack_sharing_enabled":true,"_links":{"self":[{"href":"https:\/\/ledenonciateur224.com\/index.php\/wp-json\/wp\/v2\/posts\/4309","targetHints":{"allow":["GET"]}}],"collection":[{"href":"https:\/\/ledenonciateur224.com\/index.php\/wp-json\/wp\/v2\/posts"}],"about":[{"href":"https:\/\/ledenonciateur224.com\/index.php\/wp-json\/wp\/v2\/types\/post"}],"author":[{"embeddable":true,"href":"https:\/\/ledenonciateur224.com\/index.php\/wp-json\/wp\/v2\/users\/2"}],"replies":[{"embeddable":true,"href":"https:\/\/ledenonciateur224.com\/index.php\/wp-json\/wp\/v2\/comments?post=4309"}],"version-history":[{"count":0,"href":"https:\/\/ledenonciateur224.com\/index.php\/wp-json\/wp\/v2\/posts\/4309\/revisions"}],"wp:featuredmedia":[{"embeddable":true,"href":"https:\/\/ledenonciateur224.com\/index.php\/wp-json\/wp\/v2\/media\/3807"}],"wp:attachment":[{"href":"https:\/\/ledenonciateur224.com\/index.php\/wp-json\/wp\/v2\/media?parent=4309"}],"wp:term":[{"taxonomy":"category","embeddable":true,"href":"https:\/\/ledenonciateur224.com\/index.php\/wp-json\/wp\/v2\/categories?post=4309"},{"taxonomy":"post_tag","embeddable":true,"href":"https:\/\/ledenonciateur224.com\/index.php\/wp-json\/wp\/v2\/tags?post=4309"}],"curies":[{"name":"wp","href":"https:\/\/api.w.org\/{rel}","templated":true}]}}