{"id":4350,"date":"2025-08-09T19:06:36","date_gmt":"2025-08-09T19:06:36","guid":{"rendered":"https:\/\/ledenonciateur224.com\/?p=4350"},"modified":"2025-08-10T12:16:53","modified_gmt":"2025-08-10T12:16:53","slug":"la-guinee-en-marche-une-caravane-nationale-de-fitness-contre-la-drogue-et-pour-le-bien-etre","status":"publish","type":"post","link":"https:\/\/ledenonciateur224.com\/index.php\/la-guinee-en-marche-une-caravane-nationale-de-fitness-contre-la-drogue-et-pour-le-bien-etre\/","title":{"rendered":"La Guin\u00e9e en Marche : Une caravane nationale de fitness contre la drogue et pour le bien-\u00eatre\u00a0"},"content":{"rendered":"<h4><strong>Un mouvement citoyen in\u00e9dit lanc\u00e9 \u00e0 Conakry pour sensibiliser, rassembler et lutter contre le fl\u00e9au de la drogue Kush \u00e0 travers le sport<\/strong><\/h4>\n<p>C\u2019est dans une ambiance festive et pleine d\u2019enthousiasme que la\u00a0<strong>1\u00e8re \u00e9dition de la Caravane nationale de Fitness<\/strong>\u00a0a \u00e9t\u00e9 officiellement lanc\u00e9e ce\u00a0<strong>samedi 09 ao\u00fbt 2025 \u00e0 Conakry<\/strong>. Cette initiative citoyenne est port\u00e9e par l&rsquo;\u00e9quipe de la Caravane Nationale de Fitness sous la structure Davtou multi-communication. La <strong>F\u00e9d\u00e9ration Guin\u00e9enne de Randonn\u00e9e P\u00e9destre est partenaire privil\u00e9gi\u00e9 \u00e0 ce projet d&rsquo;envergure nationale. L&rsquo;<\/strong>ambition majeure des organisateurs est de <strong>lutter contre la drogue Kush<\/strong>, fl\u00e9au qui gangr\u00e8ne la jeunesse guin\u00e9enne, tout en promouvant\u00a0<strong>la sant\u00e9, le bien-\u00eatre et la coh\u00e9sion sociale<\/strong>.<\/p>\n<p>Le top d\u00e9part de cette caravane, qui parcourra les chefs-lieux des\u00a0<strong>8 r\u00e9gions administratives<\/strong>\u00a0du pays, a \u00e9t\u00e9 donn\u00e9 par le\u00a0<strong>Ministre des Sports<\/strong>,\u00a0<strong>K\u00e9amou Bogola Haba<\/strong>, en personne. Cette premi\u00e8re \u00e9tape a rassembl\u00e9 des centaines de jeunes, venus de divers quartiers de Conakry, pour une marche dynamique \u00e0 travers les art\u00e8res de Kaloum.<\/p>\n<h3><img loading=\"lazy\" decoding=\"async\" class=\"alignnone size-full wp-image-4352\" src=\"https:\/\/ledenonciateur224.com\/wp-content\/uploads\/2025\/08\/20250809-112315-scaled.jpg\" alt=\"\" width=\"2560\" height=\"1573\" srcset=\"https:\/\/ledenonciateur224.com\/wp-content\/uploads\/2025\/08\/20250809-112315-scaled.jpg 2560w, https:\/\/ledenonciateur224.com\/wp-content\/uploads\/2025\/08\/20250809-112315-300x184.jpg 300w, https:\/\/ledenonciateur224.com\/wp-content\/uploads\/2025\/08\/20250809-112315-1024x629.jpg 1024w, https:\/\/ledenonciateur224.com\/wp-content\/uploads\/2025\/08\/20250809-112315-768x472.jpg 768w, https:\/\/ledenonciateur224.com\/wp-content\/uploads\/2025\/08\/20250809-112315-1536x944.jpg 1536w, https:\/\/ledenonciateur224.com\/wp-content\/uploads\/2025\/08\/20250809-112315-2048x1258.jpg 2048w, https:\/\/ledenonciateur224.com\/wp-content\/uploads\/2025\/08\/20250809-112315-150x92.jpg 150w, https:\/\/ledenonciateur224.com\/wp-content\/uploads\/2025\/08\/20250809-112315-696x428.jpg 696w, https:\/\/ledenonciateur224.com\/wp-content\/uploads\/2025\/08\/20250809-112315-1068x656.jpg 1068w, https:\/\/ledenonciateur224.com\/wp-content\/uploads\/2025\/08\/20250809-112315-1920x1180.jpg 1920w, https:\/\/ledenonciateur224.com\/wp-content\/uploads\/2025\/08\/20250809-112315-684x420.jpg 684w, https:\/\/ledenonciateur224.com\/wp-content\/uploads\/2025\/08\/20250809-112315-356x220.jpg 356w\" sizes=\"auto, (max-width: 2560px) 100vw, 2560px\" \/><\/h3>\n<p>Selon\u00a0<strong>Ben Oumar Sylla<\/strong>, pr\u00e9sident de la F\u00e9d\u00e9ration Guin\u00e9enne de Randonn\u00e9e P\u00e9destre, cette caravane s\u2019inscrit dans la continuit\u00e9 du\u00a0<strong>Tour p\u00e9destre de Conakry<\/strong>, lanc\u00e9 le\u00a0<strong>21 juin dernier<\/strong>, dans le cadre de la campagne \u00ab\u00a0Marcher ensemble contre la drogue Kush\u00a0\u00bb.\u00ab Nous avons d\u00e9j\u00e0 parcouru plus de 8 kilom\u00e8tres avec le Ministre ce matin. Le Tour p\u00e9destre de Guin\u00e9e ne fait que commencer. Nous irons ensuite \u00e0 Kindia, Mamou, Lab\u00e9, Kankan, et finirons \u00e0 N\u2019Z\u00e9r\u00e9kor\u00e9. L\u2019objectif est clair :\u00a0<strong>conscientiser \u00e0 travers le sport dans toutes les pr\u00e9fectures du pays<\/strong>\u00a0\u00bb, a pr\u00e9cis\u00e9 Ben Oumar Sylla.<\/p>\n<h3><img loading=\"lazy\" decoding=\"async\" class=\"alignnone size-full wp-image-4353\" src=\"https:\/\/ledenonciateur224.com\/wp-content\/uploads\/2025\/08\/20250809-113036-scaled.jpg\" alt=\"\" width=\"2560\" height=\"1152\" srcset=\"https:\/\/ledenonciateur224.com\/wp-content\/uploads\/2025\/08\/20250809-113036-scaled.jpg 2560w, https:\/\/ledenonciateur224.com\/wp-content\/uploads\/2025\/08\/20250809-113036-300x135.jpg 300w, https:\/\/ledenonciateur224.com\/wp-content\/uploads\/2025\/08\/20250809-113036-1024x461.jpg 1024w, https:\/\/ledenonciateur224.com\/wp-content\/uploads\/2025\/08\/20250809-113036-768x346.jpg 768w, https:\/\/ledenonciateur224.com\/wp-content\/uploads\/2025\/08\/20250809-113036-1536x691.jpg 1536w, https:\/\/ledenonciateur224.com\/wp-content\/uploads\/2025\/08\/20250809-113036-2048x922.jpg 2048w, https:\/\/ledenonciateur224.com\/wp-content\/uploads\/2025\/08\/20250809-113036-150x68.jpg 150w, https:\/\/ledenonciateur224.com\/wp-content\/uploads\/2025\/08\/20250809-113036-696x313.jpg 696w, https:\/\/ledenonciateur224.com\/wp-content\/uploads\/2025\/08\/20250809-113036-1068x481.jpg 1068w, https:\/\/ledenonciateur224.com\/wp-content\/uploads\/2025\/08\/20250809-113036-1920x864.jpg 1920w, https:\/\/ledenonciateur224.com\/wp-content\/uploads\/2025\/08\/20250809-113036-933x420.jpg 933w\" sizes=\"auto, (max-width: 2560px) 100vw, 2560px\" \/><\/h3>\n<p>Le\u00a0<strong>Coach Daouda Sa\u00efd Tour\u00e9<\/strong>, Commissaire g\u00e9n\u00e9ral de la Caravane nationale de Fitness, a rappel\u00e9 l\u2019essence m\u00eame de ce projet : rassembler les Guin\u00e9ens autour d\u2019une activit\u00e9 sportive accessible, b\u00e9n\u00e9fique et inclusive.\u00ab Aujourd\u2019hui, notre soci\u00e9t\u00e9 souffre. Les gens sont malades, stress\u00e9s, divis\u00e9s. Le sport est un rem\u00e8de. Cette caravane, c\u2019est un \u00e9v\u00e9nement de\u00a0<strong>joie, de partage et de sensibilisation<\/strong>, pour le\u00a0<strong>bien-\u00eatre physique et mental<\/strong>, mais aussi pour\u00a0<strong>soutenir la vulgarisation de la nouvelle constitution<\/strong>. \u00bb<\/p>\n<p>Il appelle \u00e0 un soutien massif de l\u2019\u00c9tat, du secteur priv\u00e9, des acteurs sportifs et de toute la population :\u00ab Le sport, c\u2019est la solution. Il contribue \u00e0 la sant\u00e9, \u00e0 la paix et \u00e0 la coh\u00e9sion nationale. \u00bb<\/p>\n<h3><img loading=\"lazy\" decoding=\"async\" class=\"alignnone size-full wp-image-4354\" src=\"https:\/\/ledenonciateur224.com\/wp-content\/uploads\/2025\/08\/20250809-115647-scaled.jpg\" alt=\"\" width=\"2560\" height=\"1152\" srcset=\"https:\/\/ledenonciateur224.com\/wp-content\/uploads\/2025\/08\/20250809-115647-scaled.jpg 2560w, https:\/\/ledenonciateur224.com\/wp-content\/uploads\/2025\/08\/20250809-115647-300x135.jpg 300w, https:\/\/ledenonciateur224.com\/wp-content\/uploads\/2025\/08\/20250809-115647-1024x461.jpg 1024w, https:\/\/ledenonciateur224.com\/wp-content\/uploads\/2025\/08\/20250809-115647-768x346.jpg 768w, https:\/\/ledenonciateur224.com\/wp-content\/uploads\/2025\/08\/20250809-115647-1536x691.jpg 1536w, https:\/\/ledenonciateur224.com\/wp-content\/uploads\/2025\/08\/20250809-115647-2048x922.jpg 2048w, https:\/\/ledenonciateur224.com\/wp-content\/uploads\/2025\/08\/20250809-115647-150x68.jpg 150w, https:\/\/ledenonciateur224.com\/wp-content\/uploads\/2025\/08\/20250809-115647-696x313.jpg 696w, https:\/\/ledenonciateur224.com\/wp-content\/uploads\/2025\/08\/20250809-115647-1068x481.jpg 1068w, https:\/\/ledenonciateur224.com\/wp-content\/uploads\/2025\/08\/20250809-115647-1920x864.jpg 1920w, https:\/\/ledenonciateur224.com\/wp-content\/uploads\/2025\/08\/20250809-115647-933x420.jpg 933w\" sizes=\"auto, (max-width: 2560px) 100vw, 2560px\" \/><\/h3>\n<p>Pr\u00e9sidant la c\u00e9r\u00e9monie, le\u00a0<strong>Ministre des Sports<\/strong>, K\u00e9amou Bogola Haba, s\u2019est dit\u00a0<strong>tr\u00e8s satisfait de la mobilisation<\/strong>, en particulier celle des\u00a0<strong>jeunes filles<\/strong>, et a salu\u00e9 la port\u00e9e nationale de l\u2019initiative.\u00ab Faire marcher 17 millions de Guin\u00e9ens, c\u2019est notre ambition ! Le sport lutte contre l\u2019immobilisme, le stress, et des maladies que ni la pharmacie ni la pharmacop\u00e9e ne peuvent gu\u00e9rir. Le sport est une arme puissante pour le changement. \u00bb<\/p>\n<p>Le ministre a \u00e9galement r\u00e9affirm\u00e9 son engagement dans la\u00a0<strong>sensibilisation contre la drogue Kush<\/strong>, exhortant toute la population \u00e0\u00a0<strong>s\u2019unir autour de cette cause nationale<\/strong>.<\/p>\n<h3><\/h3>\n<p>Apr\u00e8s Conakry, les caravanes prendront la route vers l\u2019int\u00e9rieur du pays avec les prochaines \u00e9tapes pr\u00e9vues :<\/p>\n<ul>\n<li><strong>16 ao\u00fbt : Kindia<\/strong><\/li>\n<li><strong>23 ao\u00fbt : Lab\u00e9<\/strong><\/li>\n<li><strong>30 ao\u00fbt : Kankan<\/strong><\/li>\n<li><strong>6 septembre : N\u2019Z\u00e9r\u00e9kor\u00e9<\/strong><\/li>\n<\/ul>\n<h3><\/h3>\n<p>Cette Caravane nationale de Fitness n\u2019est pas qu\u2019un simple \u00e9v\u00e9nement sportif : elle symbolise\u00a0<strong>l\u2019unit\u00e9 nationale, l\u2019engagement citoyen, et la lutte contre un fl\u00e9au qui menace l\u2019avenir de toute une g\u00e9n\u00e9ration<\/strong>. Le sport devient ici un\u00a0<strong>moyen d\u2019\u00e9ducation, de mobilisation et de transformation sociale<\/strong>, au service d\u2019une Guin\u00e9e plus saine, plus forte, et plus solidaire.<\/p>\n<p>&nbsp;<\/p>\n<p>Aboubacar MC<\/p>\n","protected":false},"excerpt":{"rendered":"<p>Un mouvement citoyen in\u00e9dit lanc\u00e9 \u00e0 Conakry pour sensibiliser, rassembler et lutter contre le fl\u00e9au de la drogue Kush \u00e0 travers le sport C\u2019est dans une ambiance festive et pleine d\u2019enthousiasme que la\u00a01\u00e8re \u00e9dition de la Caravane nationale de Fitness\u00a0a \u00e9t\u00e9 officiellement lanc\u00e9e ce\u00a0samedi 09 ao\u00fbt 2025 \u00e0 Conakry. Cette initiative citoyenne est port\u00e9e par [&hellip;]<\/p>\n","protected":false},"author":2,"featured_media":4351,"comment_status":"open","ping_status":"open","sticky":false,"template":"","format":"standard","meta":{"_jetpack_memberships_contains_paid_content":false,"footnotes":"","jetpack_publicize_message":"","jetpack_publicize_feature_enabled":true,"jetpack_social_post_already_shared":true,"jetpack_social_options":{"image_generator_settings":{"template":"highway","default_image_id":0,"font":"","enabled":false},"version":2}},"categories":[24,34],"tags":[1054,1055],"class_list":{"0":"post-4350","1":"post","2":"type-post","3":"status-publish","4":"format-standard","5":"has-post-thumbnail","7":"category-news","8":"category-sport","9":"tag-sport-fitness","10":"tag-sport-guinee"},"jetpack_publicize_connections":[],"jetpack_featured_media_url":"https:\/\/ledenonciateur224.com\/wp-content\/uploads\/2025\/08\/img-20250809-wa0048.jpg","jetpack_sharing_enabled":true,"_links":{"self":[{"href":"https:\/\/ledenonciateur224.com\/index.php\/wp-json\/wp\/v2\/posts\/4350","targetHints":{"allow":["GET"]}}],"collection":[{"href":"https:\/\/ledenonciateur224.com\/index.php\/wp-json\/wp\/v2\/posts"}],"about":[{"href":"https:\/\/ledenonciateur224.com\/index.php\/wp-json\/wp\/v2\/types\/post"}],"author":[{"embeddable":true,"href":"https:\/\/ledenonciateur224.com\/index.php\/wp-json\/wp\/v2\/users\/2"}],"replies":[{"embeddable":true,"href":"https:\/\/ledenonciateur224.com\/index.php\/wp-json\/wp\/v2\/comments?post=4350"}],"version-history":[{"count":0,"href":"https:\/\/ledenonciateur224.com\/index.php\/wp-json\/wp\/v2\/posts\/4350\/revisions"}],"wp:featuredmedia":[{"embeddable":true,"href":"https:\/\/ledenonciateur224.com\/index.php\/wp-json\/wp\/v2\/media\/4351"}],"wp:attachment":[{"href":"https:\/\/ledenonciateur224.com\/index.php\/wp-json\/wp\/v2\/media?parent=4350"}],"wp:term":[{"taxonomy":"category","embeddable":true,"href":"https:\/\/ledenonciateur224.com\/index.php\/wp-json\/wp\/v2\/categories?post=4350"},{"taxonomy":"post_tag","embeddable":true,"href":"https:\/\/ledenonciateur224.com\/index.php\/wp-json\/wp\/v2\/tags?post=4350"}],"curies":[{"name":"wp","href":"https:\/\/api.w.org\/{rel}","templated":true}]}}