{"id":4356,"date":"2025-08-09T20:16:42","date_gmt":"2025-08-09T20:16:42","guid":{"rendered":"https:\/\/ledenonciateur224.com\/?p=4356"},"modified":"2025-08-09T20:16:42","modified_gmt":"2025-08-09T20:16:42","slug":"abidjan-se-souleve-lopposition-ivoirienne-mobilise-contre-un-quatrieme-mandat-de-ouattara","status":"publish","type":"post","link":"https:\/\/ledenonciateur224.com\/index.php\/abidjan-se-souleve-lopposition-ivoirienne-mobilise-contre-un-quatrieme-mandat-de-ouattara\/","title":{"rendered":"Abidjan se soul\u00e8ve : l\u2019opposition ivoirienne mobilise contre un quatri\u00e8me mandat de Ouattara"},"content":{"rendered":"<h4><strong>Des milliers de manifestants r\u00e9clament justice, \u00e9quit\u00e9 et d\u00e9mocratie, alors que les tensions s\u2019accentuent \u00e0 l\u2019approche de la pr\u00e9sidentielle d\u2019octobre 2025<\/strong><\/h4>\n<p>Des\u00a0<strong>milliers d\u2019Ivoiriens<\/strong>\u00a0ont investi les rues d\u2019Abidjan ce\u00a0<strong>samedi 9 ao\u00fbt 2025<\/strong>, pour exprimer leur rejet cat\u00e9gorique de la candidature du pr\u00e9sident sortant\u00a0<strong>Alassane Ouattara<\/strong>, qui brigue un\u00a0<strong>quatri\u00e8me mandat<\/strong>\u00a0\u00e0 la t\u00eate du pays. Une candidature jug\u00e9e anticonstitutionnelle par une grande partie de la population et d\u00e9nonc\u00e9e comme une menace pour la stabilit\u00e9 d\u00e9mocratique de la C\u00f4te d\u2019Ivoire.<\/p>\n<p><img loading=\"lazy\" decoding=\"async\" class=\"alignnone size-full wp-image-4358\" src=\"https:\/\/ledenonciateur224.com\/wp-content\/uploads\/2025\/08\/fb-img-1754757217602.jpg\" alt=\"\" width=\"540\" height=\"960\" srcset=\"https:\/\/ledenonciateur224.com\/wp-content\/uploads\/2025\/08\/fb-img-1754757217602.jpg 540w, https:\/\/ledenonciateur224.com\/wp-content\/uploads\/2025\/08\/fb-img-1754757217602-169x300.jpg 169w, https:\/\/ledenonciateur224.com\/wp-content\/uploads\/2025\/08\/fb-img-1754757217602-150x267.jpg 150w, https:\/\/ledenonciateur224.com\/wp-content\/uploads\/2025\/08\/fb-img-1754757217602-300x533.jpg 300w, https:\/\/ledenonciateur224.com\/wp-content\/uploads\/2025\/08\/fb-img-1754757217602-236x420.jpg 236w\" sizes=\"auto, (max-width: 540px) 100vw, 540px\" \/><\/p>\n<p>Cette manifestation d\u2019envergure a \u00e9t\u00e9 initi\u00e9e par un\u00a0<strong>front commun de l\u2019opposition<\/strong>, r\u00e9unissant les deux principales forces politiques : le\u00a0<strong>Parti d\u00e9mocratique de C\u00f4te d\u2019Ivoire (PDCI)<\/strong>\u00a0et le\u00a0<strong>Parti des peuples africains \u2013 C\u00f4te d\u2019Ivoire (PPA-CI)<\/strong>. Les protestataires, venus de divers quartiers d\u2019Abidjan, ont scand\u00e9 des slogans forts, appelant au respect des principes r\u00e9publicains :\u00ab Debout avec toi, pour que justice, \u00e9quit\u00e9 et v\u00e9rit\u00e9 redeviennent les piliers de notre R\u00e9publique \u00bb,\u00ab Ne pas laisser un candidat comp\u00e9tir est un manque de d\u00e9mocratie \u00bb.<\/p>\n<p>Des pancartes brandies en c\u0153ur, des chants de r\u00e9sistance et des messages appelant \u00e0 une \u00e9lection libre ont r\u00e9sonn\u00e9 tout au long du cort\u00e8ge.<\/p>\n<h3><\/h3>\n<p>Au c\u0153ur de la col\u00e8re populaire :\u00a0<strong>l\u2019exclusion de plusieurs leaders de l\u2019opposition<\/strong>\u00a0des listes \u00e9lectorales en vue de l\u2019\u00e9lection pr\u00e9sidentielle pr\u00e9vue le\u00a0<strong>25 octobre 2025<\/strong>. Parmi eux, deux figures embl\u00e9matiques :<\/p>\n<ul>\n<li><strong>Laurent Gbagbo<\/strong>, ancien pr\u00e9sident et leader du PPA-CI, \u00e9cart\u00e9 en raison d\u2019une\u00a0<strong>condamnation p\u00e9nale<\/strong>\u00a0;<\/li>\n<li><strong>Tidjane Thiam<\/strong>, pr\u00e9sident du PDCI, dont la\u00a0<strong>candidature a \u00e9t\u00e9 rejet\u00e9e pour des motifs de nationalit\u00e9<\/strong>.<\/li>\n<\/ul>\n<p>D\u2019autres opposants majeurs tels que\u00a0<strong>Guillaume Soro<\/strong>\u00a0(en exil) et\u00a0<strong>Charles Bl\u00e9 Goud\u00e9<\/strong>, ancien ministre de Gbagbo, sont \u00e9galement exclus de la course pour des raisons similaires. Pour l\u2019opposition, ces d\u00e9cisions judiciaires rel\u00e8vent d\u2019une\u00a0<strong>strat\u00e9gie d\u2019exclusion politique<\/strong>\u00a0visant \u00e0 verrouiller l\u2019\u00e9lection au profit du pouvoir en place.<\/p>\n<h3><img loading=\"lazy\" decoding=\"async\" class=\"alignnone size-full wp-image-4357\" src=\"https:\/\/ledenonciateur224.com\/wp-content\/uploads\/2025\/08\/fb-img-1754757233908.jpg\" alt=\"\" width=\"1920\" height=\"1080\" srcset=\"https:\/\/ledenonciateur224.com\/wp-content\/uploads\/2025\/08\/fb-img-1754757233908.jpg 1920w, https:\/\/ledenonciateur224.com\/wp-content\/uploads\/2025\/08\/fb-img-1754757233908-300x169.jpg 300w, https:\/\/ledenonciateur224.com\/wp-content\/uploads\/2025\/08\/fb-img-1754757233908-1024x576.jpg 1024w, https:\/\/ledenonciateur224.com\/wp-content\/uploads\/2025\/08\/fb-img-1754757233908-768x432.jpg 768w, https:\/\/ledenonciateur224.com\/wp-content\/uploads\/2025\/08\/fb-img-1754757233908-1536x864.jpg 1536w, https:\/\/ledenonciateur224.com\/wp-content\/uploads\/2025\/08\/fb-img-1754757233908-150x84.jpg 150w, https:\/\/ledenonciateur224.com\/wp-content\/uploads\/2025\/08\/fb-img-1754757233908-696x392.jpg 696w, https:\/\/ledenonciateur224.com\/wp-content\/uploads\/2025\/08\/fb-img-1754757233908-1068x601.jpg 1068w, https:\/\/ledenonciateur224.com\/wp-content\/uploads\/2025\/08\/fb-img-1754757233908-747x420.jpg 747w\" sizes=\"auto, (max-width: 1920px) 100vw, 1920px\" \/><\/h3>\n<p>Le contexte politique se d\u00e9grade rapidement. Ces derni\u00e8res semaines, une\u00a0<strong>s\u00e9rie d\u2019arrestations cibl\u00e9es<\/strong>\u00a0de cadres du PDCI et du PPA-CI a envenim\u00e9 la situation. L\u2019opposition parle\u00a0<strong>\u00ab d\u2019enl\u00e8vements \u00bb<\/strong>, d\u00e9nonce un\u00a0<strong>\u00ab harc\u00e8lement d\u2019\u00c9tat \u00bb<\/strong>\u00a0et accuse le gouvernement de\u00a0<strong>restreindre les libert\u00e9s fondamentales<\/strong>\u00a0\u00e0 l\u2019approche du scrutin.\u00ab La d\u00e9mocratie ivoirienne est en danger. Nous ne pouvons pas rester silencieux face \u00e0 la r\u00e9pression et \u00e0 l\u2019injustice \u00bb, a d\u00e9clar\u00e9 un responsable du front de l\u2019opposition, pr\u00e9sent dans la manifestation.<\/p>\n<h3><\/h3>\n<p>Ces tensions rappellent de douloureux souvenirs \u00e0 de nombreux Ivoiriens. Le pays a d\u00e9j\u00e0 \u00e9t\u00e9\u00a0<strong>plong\u00e9 dans une grave crise post-\u00e9lectorale en 2010-2011<\/strong>, ayant co\u00fbt\u00e9 la vie \u00e0 plus de\u00a0<strong>3 000 personnes<\/strong>. Le spectre d\u2019un nouveau conflit politique plane si des mesures d\u2019apaisement ne sont pas rapidement prises.<\/p>\n<p>Alors que\u00a0<strong>la pr\u00e9sidentielle du 25 octobre<\/strong>\u00a0s\u2019annonce sous haute tension, l\u2019opposition appelle \u00e0 la mobilisation continue, exigeant :<\/p>\n<ul>\n<li><strong>La r\u00e9int\u00e9gration imm\u00e9diate<\/strong>\u00a0des candidats disqualifi\u00e9s ;<\/li>\n<li><strong>La fin des arrestations arbitraires<\/strong>\u00a0;<\/li>\n<li><strong>La transparence du processus \u00e9lectoral<\/strong>.<\/li>\n<\/ul>\n<p>Les prochains jours seront cruciaux pour la C\u00f4te d\u2019Ivoire. La communaut\u00e9 internationale, les organisations r\u00e9gionales et les partenaires bilat\u00e9raux observent de pr\u00e8s l\u2019\u00e9volution de la situation.<\/p>\n<p>&nbsp;<\/p>\n<p>Ledenonciateur224.com<\/p>\n","protected":false},"excerpt":{"rendered":"<p>Des milliers de manifestants r\u00e9clament justice, \u00e9quit\u00e9 et d\u00e9mocratie, alors que les tensions s\u2019accentuent \u00e0 l\u2019approche de la pr\u00e9sidentielle d\u2019octobre 2025 Des\u00a0milliers d\u2019Ivoiriens\u00a0ont investi les rues d\u2019Abidjan ce\u00a0samedi 9 ao\u00fbt 2025, pour exprimer leur rejet cat\u00e9gorique de la candidature du pr\u00e9sident sortant\u00a0Alassane Ouattara, qui brigue un\u00a0quatri\u00e8me mandat\u00a0\u00e0 la t\u00eate du pays. Une candidature jug\u00e9e anticonstitutionnelle [&hellip;]<\/p>\n","protected":false},"author":2,"featured_media":4357,"comment_status":"open","ping_status":"open","sticky":false,"template":"","format":"standard","meta":{"_jetpack_memberships_contains_paid_content":false,"footnotes":"","jetpack_publicize_message":"","jetpack_publicize_feature_enabled":true,"jetpack_social_post_already_shared":true,"jetpack_social_options":{"image_generator_settings":{"template":"highway","default_image_id":0,"font":"","enabled":false},"version":2}},"categories":[38,24],"tags":[507,187],"class_list":{"0":"post-4356","1":"post","2":"type-post","3":"status-publish","4":"format-standard","5":"has-post-thumbnail","7":"category-international","8":"category-news","9":"tag-elections-presidentielles","10":"tag-cote-divoire"},"jetpack_publicize_connections":[],"jetpack_featured_media_url":"https:\/\/ledenonciateur224.com\/wp-content\/uploads\/2025\/08\/fb-img-1754757233908.jpg","jetpack_sharing_enabled":true,"_links":{"self":[{"href":"https:\/\/ledenonciateur224.com\/index.php\/wp-json\/wp\/v2\/posts\/4356","targetHints":{"allow":["GET"]}}],"collection":[{"href":"https:\/\/ledenonciateur224.com\/index.php\/wp-json\/wp\/v2\/posts"}],"about":[{"href":"https:\/\/ledenonciateur224.com\/index.php\/wp-json\/wp\/v2\/types\/post"}],"author":[{"embeddable":true,"href":"https:\/\/ledenonciateur224.com\/index.php\/wp-json\/wp\/v2\/users\/2"}],"replies":[{"embeddable":true,"href":"https:\/\/ledenonciateur224.com\/index.php\/wp-json\/wp\/v2\/comments?post=4356"}],"version-history":[{"count":0,"href":"https:\/\/ledenonciateur224.com\/index.php\/wp-json\/wp\/v2\/posts\/4356\/revisions"}],"wp:featuredmedia":[{"embeddable":true,"href":"https:\/\/ledenonciateur224.com\/index.php\/wp-json\/wp\/v2\/media\/4357"}],"wp:attachment":[{"href":"https:\/\/ledenonciateur224.com\/index.php\/wp-json\/wp\/v2\/media?parent=4356"}],"wp:term":[{"taxonomy":"category","embeddable":true,"href":"https:\/\/ledenonciateur224.com\/index.php\/wp-json\/wp\/v2\/categories?post=4356"},{"taxonomy":"post_tag","embeddable":true,"href":"https:\/\/ledenonciateur224.com\/index.php\/wp-json\/wp\/v2\/tags?post=4356"}],"curies":[{"name":"wp","href":"https:\/\/api.w.org\/{rel}","templated":true}]}}