{"id":436,"date":"2024-12-11T10:24:05","date_gmt":"2024-12-11T10:24:05","guid":{"rendered":"https:\/\/ledenonciateur224.com\/?p=436"},"modified":"2024-12-11T10:24:05","modified_gmt":"2024-12-11T10:24:05","slug":"plus-de-3000-candidats-inscrits-pour-le-concours-dacces-aux-ecoles-de-sante-en-guinee","status":"publish","type":"post","link":"https:\/\/ledenonciateur224.com\/index.php\/plus-de-3000-candidats-inscrits-pour-le-concours-dacces-aux-ecoles-de-sante-en-guinee\/","title":{"rendered":"Plus de 3000 candidats inscrits pour le concours d&rsquo;acc\u00e8s aux \u00e9coles de sant\u00e9 en Guin\u00e9e\u00a0"},"content":{"rendered":"<blockquote>\n<div dir=\"auto\" style=\"text-align: left\">Lors d\u2019une conf\u00e9rence de presse tenue au si\u00e8ge de la cellule de communication du gouvernement \u00e0 Kaloum, la ministre de l\u2019Enseignement technique, de la Formation professionnelle et de l\u2019Emploi, Aminata Kaba, a r\u00e9v\u00e9l\u00e9 que 3 665 candidats se sont inscrits pour le concours d&rsquo;acc\u00e8s aux \u00e9coles de sant\u00e9. Ces candidats seront r\u00e9partis sur neuf centres d&rsquo;examen, r\u00e9partis entre Conakry et les r\u00e9gions du pays, avec deux centres \u00e0 Conakry et un centre par r\u00e9gion administrative, incluant Bok\u00e9, Faranah, Kindia, Kankan, Mamou et N\u2019z\u00e9r\u00e9kor\u00e9. La ministre a assur\u00e9 que toutes les mesures logistiques n\u00e9cessaires ont \u00e9t\u00e9 prises pour garantir le bon d\u00e9roulement du concours.<\/div>\n<\/blockquote>\n<div dir=\"auto\"><img loading=\"lazy\" decoding=\"async\" class=\"alignnone size-medium wp-image-438\" src=\"https:\/\/ledenonciateur224.com\/wp-content\/uploads\/2024\/12\/20241210-163603-300x169.jpg\" alt=\"\" width=\"300\" height=\"169\" srcset=\"https:\/\/ledenonciateur224.com\/wp-content\/uploads\/2024\/12\/20241210-163603-300x169.jpg 300w, https:\/\/ledenonciateur224.com\/wp-content\/uploads\/2024\/12\/20241210-163603-1024x576.jpg 1024w, https:\/\/ledenonciateur224.com\/wp-content\/uploads\/2024\/12\/20241210-163603-768x432.jpg 768w, https:\/\/ledenonciateur224.com\/wp-content\/uploads\/2024\/12\/20241210-163603-1536x864.jpg 1536w, https:\/\/ledenonciateur224.com\/wp-content\/uploads\/2024\/12\/20241210-163603-2048x1152.jpg 2048w, https:\/\/ledenonciateur224.com\/wp-content\/uploads\/2024\/12\/20241210-163603-150x84.jpg 150w, https:\/\/ledenonciateur224.com\/wp-content\/uploads\/2024\/12\/20241210-163603-696x392.jpg 696w, https:\/\/ledenonciateur224.com\/wp-content\/uploads\/2024\/12\/20241210-163603-1068x601.jpg 1068w, https:\/\/ledenonciateur224.com\/wp-content\/uploads\/2024\/12\/20241210-163603-1920x1080.jpg 1920w, https:\/\/ledenonciateur224.com\/wp-content\/uploads\/2024\/12\/20241210-163603-747x420.jpg 747w\" sizes=\"auto, (max-width: 300px) 100vw, 300px\" \/><\/div>\n<div dir=\"auto\">Aminata Kaba a \u00e9galement abord\u00e9 les r\u00e9formes en cours dans le secteur de l\u2019enseignement, pr\u00e9cisant que le gouvernement met tout en \u0153uvre pour am\u00e9liorer le syst\u00e8me \u00e9ducatif, notamment dans les domaines de la sant\u00e9 et de la formation professionnelle. \u00ab Nous cherchons \u00e0 r\u00e9former notre m\u00e9thode de travail. Le Pr\u00e9sident, le G\u00e9n\u00e9ral Mamadi Doumbouya, a une vision claire pour notre pays, et il est crucial de la mettre en pratique. Cette vision inclut la qualification du syst\u00e8me \u00e9ducatif, en particulier dans le secteur de la sant\u00e9 \u00bb, a-t-elle d\u00e9clar\u00e9.<\/div>\n<div dir=\"auto\"><\/div>\n<div dir=\"auto\">Elle a aussi soulign\u00e9 que la r\u00e9vision des fili\u00e8res \u00e9tait indispensable pour \u00e9viter de former des jeunes qui se retrouveraient sans emploi. Ainsi, certaines fili\u00e8res qui ne r\u00e9pondent pas aux crit\u00e8res requis, en termes d\u2019\u00e9quipements ou de personnel qualifi\u00e9, ne seront pas ouvertes cette ann\u00e9e. \u00ab Nous faisons en sorte que tout soit mis en place pour que le concours se d\u00e9roule dans les meilleures conditions. Des \u00e9quipes techniques ont \u00e9t\u00e9 d\u00e9ploy\u00e9es sur le terrain pour assurer le bon usage des tablettes et autres outils n\u00e9cessaires \u00e0 l\u2019examen \u00bb, a pr\u00e9cis\u00e9 la ministre.<\/div>\n<div dir=\"auto\"><\/div>\n<div dir=\"auto\">Cette version am\u00e9liore la fluidit\u00e9, la structure et la pr\u00e9cision du texte tout en pr\u00e9servant les propos essentiels. L&rsquo;accent est mis sur l&rsquo;organisation et les r\u00e9formes en cours tout en renfor\u00e7ant l&rsquo;importance des mesures prises pour assurer la qualit\u00e9 de la formation dans le domaine de la sant\u00e9.<\/div>\n<div dir=\"auto\"><\/div>\n<div dir=\"auto\"><\/div>\n<div dir=\"auto\"><\/div>\n<div dir=\"auto\">N&rsquo;sira Sylla<\/div>\n<div dir=\"auto\"><\/div>\n","protected":false},"excerpt":{"rendered":"<p>Lors d\u2019une conf\u00e9rence de presse tenue au si\u00e8ge de la cellule de communication du gouvernement \u00e0 Kaloum, la ministre de l\u2019Enseignement technique, de la Formation professionnelle et de l\u2019Emploi, Aminata Kaba, a r\u00e9v\u00e9l\u00e9 que 3 665 candidats se sont inscrits pour le concours d&rsquo;acc\u00e8s aux \u00e9coles de sant\u00e9. Ces candidats seront r\u00e9partis sur neuf centres [&hellip;]<\/p>\n","protected":false},"author":2,"featured_media":437,"comment_status":"open","ping_status":"open","sticky":false,"template":"","format":"standard","meta":{"_jetpack_memberships_contains_paid_content":false,"footnotes":"","jetpack_publicize_message":"","jetpack_publicize_feature_enabled":true,"jetpack_social_post_already_shared":false,"jetpack_social_options":{"image_generator_settings":{"template":"highway","default_image_id":0,"font":"","enabled":false},"version":2}},"categories":[30,24],"tags":[36,88,87,35],"class_list":{"0":"post-436","1":"post","2":"type-post","3":"status-publish","4":"format-standard","5":"has-post-thumbnail","7":"category-faits-divers","8":"category-news","9":"tag-conakry","10":"tag-concours-dacces","11":"tag-enseignement-technique","12":"tag-guinee"},"jetpack_publicize_connections":[],"jetpack_featured_media_url":"https:\/\/ledenonciateur224.com\/wp-content\/uploads\/2024\/12\/20241210-162200-scaled.jpg","jetpack_sharing_enabled":true,"_links":{"self":[{"href":"https:\/\/ledenonciateur224.com\/index.php\/wp-json\/wp\/v2\/posts\/436","targetHints":{"allow":["GET"]}}],"collection":[{"href":"https:\/\/ledenonciateur224.com\/index.php\/wp-json\/wp\/v2\/posts"}],"about":[{"href":"https:\/\/ledenonciateur224.com\/index.php\/wp-json\/wp\/v2\/types\/post"}],"author":[{"embeddable":true,"href":"https:\/\/ledenonciateur224.com\/index.php\/wp-json\/wp\/v2\/users\/2"}],"replies":[{"embeddable":true,"href":"https:\/\/ledenonciateur224.com\/index.php\/wp-json\/wp\/v2\/comments?post=436"}],"version-history":[{"count":0,"href":"https:\/\/ledenonciateur224.com\/index.php\/wp-json\/wp\/v2\/posts\/436\/revisions"}],"wp:featuredmedia":[{"embeddable":true,"href":"https:\/\/ledenonciateur224.com\/index.php\/wp-json\/wp\/v2\/media\/437"}],"wp:attachment":[{"href":"https:\/\/ledenonciateur224.com\/index.php\/wp-json\/wp\/v2\/media?parent=436"}],"wp:term":[{"taxonomy":"category","embeddable":true,"href":"https:\/\/ledenonciateur224.com\/index.php\/wp-json\/wp\/v2\/categories?post=436"},{"taxonomy":"post_tag","embeddable":true,"href":"https:\/\/ledenonciateur224.com\/index.php\/wp-json\/wp\/v2\/tags?post=436"}],"curies":[{"name":"wp","href":"https:\/\/api.w.org\/{rel}","templated":true}]}}