{"id":4360,"date":"2025-08-09T20:32:04","date_gmt":"2025-08-09T20:32:04","guid":{"rendered":"https:\/\/ledenonciateur224.com\/?p=4360"},"modified":"2025-08-09T20:32:04","modified_gmt":"2025-08-09T20:32:04","slug":"cellou-dalein-diallo-sonne-la-mobilisation-lheure-est-a-laction","status":"publish","type":"post","link":"https:\/\/ledenonciateur224.com\/index.php\/cellou-dalein-diallo-sonne-la-mobilisation-lheure-est-a-laction\/","title":{"rendered":"Cellou Dalein Diallo sonne la mobilisation : \u00ab L\u2019heure est \u00e0 l\u2019action ! \u00bb"},"content":{"rendered":"<h4><strong>Depuis l\u2019exil, le leader de l\u2019UFDG appelle ses partisans \u00e0 se tenir pr\u00eats face \u00e0 toute tentative de confiscation du pouvoir en Guin\u00e9e<\/strong><\/h4>\n<p>Dans une d\u00e9claration solennelle et r\u00e9solument engag\u00e9e, prononc\u00e9e ce\u00a0<strong>samedi 9 ao\u00fbt 2025<\/strong>,\u00a0<strong>Cellou Dalein Diallo<\/strong>, leader de l\u2019Union des Forces D\u00e9mocratiques de Guin\u00e9e (<strong>UFDG<\/strong>), a lanc\u00e9 un\u00a0<strong>appel fort \u00e0 ses partisans<\/strong>. S\u2019exprimant depuis son lieu d\u2019exil, l\u2019ancien Premier ministre a mis en garde contre toute tentative de\u00a0<strong>confiscation du pouvoir<\/strong>\u00a0en Guin\u00e9e et a exhort\u00e9 les citoyens \u00e0\u00a0<strong>se tenir mobilis\u00e9s pour la suite du combat politique<\/strong>.\u00ab\u00a0<em>Nous n\u2019allons pas cautionner la confiscation du pouvoir. Nous voulons que des \u00e9lections libres et transparentes soient organis\u00e9es. Et nous sommes pr\u00eats \u00e0 mener le combat jusqu\u2019\u00e0 ce que cela soit.<\/em>\u00a0\u00bb<\/p>\n<p>Un message clair, qui place la\u00a0<strong>lutte d\u00e9mocratique<\/strong>\u00a0au c\u0153ur de son discours politique, dans un contexte o\u00f9 le climat politique guin\u00e9en reste tendu.<\/p>\n<p>Cellou Dalein Diallo n\u2019a pas cach\u00e9 son intention de\u00a0<strong>rester en premi\u00e8re ligne du combat d\u00e9mocratique<\/strong>, en r\u00e9affirmant l\u2019engagement total de son parti \u00e0 d\u00e9fendre les\u00a0<strong>droits fondamentaux<\/strong>\u00a0des citoyens.\u00ab\u00a0<em>Soyez pr\u00eats et mobilis\u00e9s. Les mots d\u2019ordre ne tarderont pas \u00e0 \u00eatre lanc\u00e9s par les forces vives\u2026<\/em>\u00a0\u00bb<\/p>\n<p>Le leader de l\u2019UFDG laisse ainsi entendre que\u00a0<strong>des actions concr\u00e8tes de contestation<\/strong>\u00a0pourraient bient\u00f4t \u00eatre annonc\u00e9es, en concertation avec d\u2019autres forces de la soci\u00e9t\u00e9 civile et de l\u2019opposition.<\/p>\n<p>Dans son adresse, Cellou Dalein a \u00e9galement tenu \u00e0 rappeler que son combat\u00a0<strong>ne se limite pas \u00e0 une qu\u00eate du pouvoir<\/strong>, mais s\u2019inscrit dans une\u00a0<strong>lutte pour la d\u00e9mocratie, l\u2019\u00e9tat de droit et le respect des libert\u00e9s individuelles<\/strong>\u00a0:\u00ab\u00a0<em>Nous participons \u00e0 des \u00e9lections lorsqu\u2019elles sont transparentes. Si nous gagnons, on mettra en \u0153uvre les r\u00e9formes pour changer la Guin\u00e9e. Si quelqu\u2019un gagne honn\u00eatement, dans le respect des r\u00e8gles, on le f\u00e9licitera et on lui apportera notre soutien.<\/em>\u00a0\u00bb<\/p>\n<p>Mais il pr\u00e9vient :\u00a0<strong>toute tentative de manipulation du processus \u00e9lectoral ou de monopole du pouvoir sera fermement combattue.<\/strong><\/p>\n<p>Enfin, Cellou Dalein Diallo conclut son message sur une note de\u00a0<strong>d\u00e9termination<\/strong>\u00a0et de\u00a0<strong>r\u00e9silience<\/strong>, appelant ses militants \u00e0 ne pas baisser les bras :\u00ab\u00a0<em>Nous ne sommes pas pr\u00eats \u00e0 renoncer \u00e0 notre combat pour que les citoyens exercent leurs droits et libert\u00e9s.<\/em>\u00a0<em>L\u2019engagement est total \u00e0 tous les niveaux pour continuer la lutte pour le respect des r\u00e8gles et des principes de la d\u00e9mocratie et de l\u2019\u00c9tat de droit.<\/em>\u00a0\u00bb<\/p>\n<p>Ce discours marque un\u00a0<strong>tournant dans la posture de l\u2019UFDG<\/strong>, qui semble vouloir intensifier sa pression politique dans les semaines \u00e0 venir. Alors que la situation politique en Guin\u00e9e reste fragile,\u00a0<strong>l\u2019appel de Cellou Dalein r\u00e9sonne comme un avertissement<\/strong>, mais aussi comme un\u00a0<strong>rappel de la r\u00e9silience de l\u2019opposition guin\u00e9enne face \u00e0 l\u2019adversit\u00e9<\/strong>.<\/p>\n<p>&nbsp;<\/p>\n<p>Mohamed Amine C<\/p>\n","protected":false},"excerpt":{"rendered":"<p>Depuis l\u2019exil, le leader de l\u2019UFDG appelle ses partisans \u00e0 se tenir pr\u00eats face \u00e0 toute tentative de confiscation du pouvoir en Guin\u00e9e Dans une d\u00e9claration solennelle et r\u00e9solument engag\u00e9e, prononc\u00e9e ce\u00a0samedi 9 ao\u00fbt 2025,\u00a0Cellou Dalein Diallo, leader de l\u2019Union des Forces D\u00e9mocratiques de Guin\u00e9e (UFDG), a lanc\u00e9 un\u00a0appel fort \u00e0 ses partisans. S\u2019exprimant depuis [&hellip;]<\/p>\n","protected":false},"author":2,"featured_media":4361,"comment_status":"open","ping_status":"open","sticky":false,"template":"","format":"standard","meta":{"_jetpack_memberships_contains_paid_content":false,"footnotes":"","jetpack_publicize_message":"","jetpack_publicize_feature_enabled":true,"jetpack_social_post_already_shared":true,"jetpack_social_options":{"image_generator_settings":{"template":"highway","default_image_id":0,"font":"","enabled":false},"version":2}},"categories":[24,27],"tags":[589,1056],"class_list":{"0":"post-4360","1":"post","2":"type-post","3":"status-publish","4":"format-standard","5":"has-post-thumbnail","7":"category-news","8":"category-politique","9":"tag-cellou-dalein","10":"tag-opposition"},"jetpack_publicize_connections":[],"jetpack_featured_media_url":"https:\/\/ledenonciateur224.com\/wp-content\/uploads\/2025\/08\/cellou-dalein-diallo-africaguineecom-1.jpeg","jetpack_sharing_enabled":true,"_links":{"self":[{"href":"https:\/\/ledenonciateur224.com\/index.php\/wp-json\/wp\/v2\/posts\/4360","targetHints":{"allow":["GET"]}}],"collection":[{"href":"https:\/\/ledenonciateur224.com\/index.php\/wp-json\/wp\/v2\/posts"}],"about":[{"href":"https:\/\/ledenonciateur224.com\/index.php\/wp-json\/wp\/v2\/types\/post"}],"author":[{"embeddable":true,"href":"https:\/\/ledenonciateur224.com\/index.php\/wp-json\/wp\/v2\/users\/2"}],"replies":[{"embeddable":true,"href":"https:\/\/ledenonciateur224.com\/index.php\/wp-json\/wp\/v2\/comments?post=4360"}],"version-history":[{"count":0,"href":"https:\/\/ledenonciateur224.com\/index.php\/wp-json\/wp\/v2\/posts\/4360\/revisions"}],"wp:featuredmedia":[{"embeddable":true,"href":"https:\/\/ledenonciateur224.com\/index.php\/wp-json\/wp\/v2\/media\/4361"}],"wp:attachment":[{"href":"https:\/\/ledenonciateur224.com\/index.php\/wp-json\/wp\/v2\/media?parent=4360"}],"wp:term":[{"taxonomy":"category","embeddable":true,"href":"https:\/\/ledenonciateur224.com\/index.php\/wp-json\/wp\/v2\/categories?post=4360"},{"taxonomy":"post_tag","embeddable":true,"href":"https:\/\/ledenonciateur224.com\/index.php\/wp-json\/wp\/v2\/tags?post=4360"}],"curies":[{"name":"wp","href":"https:\/\/api.w.org\/{rel}","templated":true}]}}