{"id":4372,"date":"2025-08-10T16:42:46","date_gmt":"2025-08-10T16:42:46","guid":{"rendered":"https:\/\/ledenonciateur224.com\/?p=4372"},"modified":"2025-08-10T16:42:46","modified_gmt":"2025-08-10T16:42:46","slug":"chan-2024-affaire-des-primes-au-sein-du-syli-local-abedi-camara-clarifie-la-situation","status":"publish","type":"post","link":"https:\/\/ledenonciateur224.com\/index.php\/chan-2024-affaire-des-primes-au-sein-du-syli-local-abedi-camara-clarifie-la-situation\/","title":{"rendered":"CHAN 2024 &#8211; Affaire des primes au sein du Syli local : Abedi Camara clarifie la situation"},"content":{"rendered":"<p>\u00c0 la veille d\u2019un match d\u00e9cisif face \u00e0 l\u2019Afrique du Sud, comptant pour la 3\u1d49 journ\u00e9e du Championnat d\u2019Afrique des Nations (CHAN) 2024, le s\u00e9lectionneur de l\u2019\u00e9quipe locale de Guin\u00e9e,\u00a0<strong>Souleymane Abedi Camara<\/strong>, s\u2019est pr\u00e9sent\u00e9 en conf\u00e9rence de presse pour \u00e9voquer cette rencontre cruciale. Au-del\u00e0 des consid\u00e9rations sportives, l\u2019actualit\u00e9 de la s\u00e9lection guin\u00e9enne a \u00e9t\u00e9 marqu\u00e9e par deux sujets sensibles : des\u00a0<strong>rumeurs de tensions autour des primes<\/strong>\u00a0et une\u00a0<strong>intoxication alimentaire pr\u00e9sum\u00e9e<\/strong>\u00a0ayant affect\u00e9 certains joueurs.<\/p>\n<p>Face aux journalistes, le technicien guin\u00e9en s\u2019est voulu \u00e0 la fois lucide, combatif et protecteur envers son groupe.<em>\u00ab Apr\u00e8s avoir pris une claque, il ne sert \u00e0 rien de revenir dessus. Les matchs ne se ressemblent pas. Demain, nous jouons contre l\u2019une des meilleures \u00e9quipes africaines en termes d\u2019expertise locale. Mais sur le terrain, c\u2019est 11 contre 11. \u00bb<\/em><\/p>\n<p>En effet, battue lors de la pr\u00e9c\u00e9dente journ\u00e9e, la Guin\u00e9e aborde cette troisi\u00e8me confrontation avec l&rsquo;obligation de s\u2019imposer pour esp\u00e9rer une qualification au tour suivant.<em>\u00ab Nous ne sommes pas encore \u00e9limin\u00e9s. Nous sommes troisi\u00e8mes et toujours dans la course. Il faut imp\u00e9rativement gagner, plut\u00f4t que chercher le match nul. L\u2019objectif est clair : se relancer dans la comp\u00e9tition. \u00bb<\/em><\/p>\n<h3><strong>Une mise au point ferme sur l\u2019affaire des primes<\/strong><\/h3>\n<p>Interrog\u00e9 sur l\u2019affaire des primes, Abedi Camara a tenu \u00e0 \u00e9teindre toute pol\u00e9mique, en prenant la parole \u00e0 la place des joueurs pour \u00e9viter toute distraction \u00e0 la veille de ce rendez-vous crucial.<em>\u00ab Excusez-moi. Je pr\u00e9f\u00e8re r\u00e9pondre \u00e0 la place du joueur, s\u2019il vous pla\u00eet. Avec tout le respect que je vous dois, je ne veux pas que les joueurs soient impliqu\u00e9s dans l\u2019affaire des primes. \u00bb<\/em><\/p>\n<p>Conscient de la d\u00e9ception provoqu\u00e9e par la pr\u00e9c\u00e9dente d\u00e9faite, le s\u00e9lectionneur a recentr\u00e9 le d\u00e9bat sur les enjeux sportifs et la n\u00e9cessit\u00e9 de remobiliser l\u2019effectif.<em>\u00ab Aujourd\u2019hui, nous avons pris une claque. Ce n\u2019est pas le moment de parler de primes, mais de comment relever le d\u00e9fi. Apr\u00e8s le match, je vous ai regard\u00e9s en face, mais je savais ce que je ressentais derri\u00e8re le micro. Apr\u00e8s une telle d\u00e9faite, croiser le regard de ses compatriotes guin\u00e9ens est tr\u00e8s difficile. \u00bb<\/em><\/p>\n<p>Abedi a poursuivi en insistant sur l\u2019importance de l\u2019unit\u00e9 du groupe et de la concentration avant un match qui pourrait changer le destin de leur parcours dans ce CHAN.<em>\u00ab Est-ce qu\u2019il faut parler des primes aujourd\u2019hui ? Ou bien chercher \u00e0 gagner pour se relancer dans la course ? Pour moi, la priorit\u00e9 est claire : nous n\u2019avons m\u00eame pas \u00e9voqu\u00e9 ce genre de questions avec les joueurs. Ils doivent se concentrer sur le r\u00e9sultat. \u00bb<\/em><\/p>\n<p>Enfin, le s\u00e9lectionneur a conclu en appelant \u00e0 la responsabilit\u00e9 de la F\u00e9d\u00e9ration, tout en soulignant que chacun au sein de la d\u00e9l\u00e9gation conna\u00eet son r\u00f4le.<em>\u00ab Nous ne voulons pas rentrer t\u00f4t en vacances et suivre la comp\u00e9tition \u00e0 la t\u00e9l\u00e9vision. Donc, aujourd\u2019hui, je ne veux pas parler de l\u2019affaire des primes. Chacun conna\u00eet ses droits et ses devoirs. Nous avons discut\u00e9 de la qualification, et je crois que c\u2019est \u00e0 la F\u00e9d\u00e9ration guin\u00e9enne de football de mettre les joueurs dans les meilleures conditions. \u00bb<\/em><\/p>\n<p>&nbsp;<\/p>\n<p>&nbsp;<\/p>\n<p>Ledenonciateur224.com<\/p>\n","protected":false},"excerpt":{"rendered":"<p>\u00c0 la veille d\u2019un match d\u00e9cisif face \u00e0 l\u2019Afrique du Sud, comptant pour la 3\u1d49 journ\u00e9e du Championnat d\u2019Afrique des Nations (CHAN) 2024, le s\u00e9lectionneur de l\u2019\u00e9quipe locale de Guin\u00e9e,\u00a0Souleymane Abedi Camara, s\u2019est pr\u00e9sent\u00e9 en conf\u00e9rence de presse pour \u00e9voquer cette rencontre cruciale. Au-del\u00e0 des consid\u00e9rations sportives, l\u2019actualit\u00e9 de la s\u00e9lection guin\u00e9enne a \u00e9t\u00e9 marqu\u00e9e [&hellip;]<\/p>\n","protected":false},"author":2,"featured_media":4373,"comment_status":"open","ping_status":"open","sticky":false,"template":"","format":"standard","meta":{"_jetpack_memberships_contains_paid_content":false,"footnotes":"","jetpack_publicize_message":"","jetpack_publicize_feature_enabled":true,"jetpack_social_post_already_shared":true,"jetpack_social_options":{"image_generator_settings":{"template":"highway","default_image_id":0,"font":"","enabled":false},"version":2}},"categories":[24,34],"tags":[1061,1060],"class_list":{"0":"post-4372","1":"post","2":"type-post","3":"status-publish","4":"format-standard","5":"has-post-thumbnail","7":"category-news","8":"category-sport","9":"tag-souleymane-abedi","10":"tag-syli-local"},"jetpack_publicize_connections":[],"jetpack_featured_media_url":"https:\/\/ledenonciateur224.com\/wp-content\/uploads\/2025\/08\/img-20250810-wa0038-1-768x501-1.jpg","jetpack_sharing_enabled":true,"_links":{"self":[{"href":"https:\/\/ledenonciateur224.com\/index.php\/wp-json\/wp\/v2\/posts\/4372","targetHints":{"allow":["GET"]}}],"collection":[{"href":"https:\/\/ledenonciateur224.com\/index.php\/wp-json\/wp\/v2\/posts"}],"about":[{"href":"https:\/\/ledenonciateur224.com\/index.php\/wp-json\/wp\/v2\/types\/post"}],"author":[{"embeddable":true,"href":"https:\/\/ledenonciateur224.com\/index.php\/wp-json\/wp\/v2\/users\/2"}],"replies":[{"embeddable":true,"href":"https:\/\/ledenonciateur224.com\/index.php\/wp-json\/wp\/v2\/comments?post=4372"}],"version-history":[{"count":0,"href":"https:\/\/ledenonciateur224.com\/index.php\/wp-json\/wp\/v2\/posts\/4372\/revisions"}],"wp:featuredmedia":[{"embeddable":true,"href":"https:\/\/ledenonciateur224.com\/index.php\/wp-json\/wp\/v2\/media\/4373"}],"wp:attachment":[{"href":"https:\/\/ledenonciateur224.com\/index.php\/wp-json\/wp\/v2\/media?parent=4372"}],"wp:term":[{"taxonomy":"category","embeddable":true,"href":"https:\/\/ledenonciateur224.com\/index.php\/wp-json\/wp\/v2\/categories?post=4372"},{"taxonomy":"post_tag","embeddable":true,"href":"https:\/\/ledenonciateur224.com\/index.php\/wp-json\/wp\/v2\/tags?post=4372"}],"curies":[{"name":"wp","href":"https:\/\/api.w.org\/{rel}","templated":true}]}}