{"id":4381,"date":"2025-08-10T21:20:36","date_gmt":"2025-08-10T21:20:36","guid":{"rendered":"https:\/\/ledenonciateur224.com\/?p=4381"},"modified":"2025-08-10T21:20:36","modified_gmt":"2025-08-10T21:20:36","slug":"mali-arrestations-de-militaires-dont-deux-generaux-soupconnes-de-vouloir-destabiliser-la-transition","status":"publish","type":"post","link":"https:\/\/ledenonciateur224.com\/index.php\/mali-arrestations-de-militaires-dont-deux-generaux-soupconnes-de-vouloir-destabiliser-la-transition\/","title":{"rendered":"Mali: arrestations de militaires dont deux g\u00e9n\u00e9raux soup\u00e7onn\u00e9s de vouloir \u00abd\u00e9stabiliser la transition\u00bb"},"content":{"rendered":"<p class=\"t-content__chapo\">Au Mali, les autorit\u00e9s maliennes ont proc\u00e9d\u00e9 \u00e0 une vague d\u2019arrestations au sein de l\u2019arm\u00e9e. Au moins 35 militaires dont deux g\u00e9n\u00e9raux soup\u00e7onn\u00e9s de vouloir \u00ab d\u00e9stabiliser la transition \u00bb sont aux arr\u00eats. Les arrestations continuent.<\/p>\n<p>RFI<\/p>\n","protected":false},"excerpt":{"rendered":"<p>Au Mali, les autorit\u00e9s maliennes ont proc\u00e9d\u00e9 \u00e0 une vague d\u2019arrestations au sein de l\u2019arm\u00e9e. Au moins 35 militaires dont deux g\u00e9n\u00e9raux soup\u00e7onn\u00e9s de vouloir \u00ab d\u00e9stabiliser la transition \u00bb sont aux arr\u00eats. Les arrestations continuent. RFI<\/p>\n","protected":false},"author":2,"featured_media":4382,"comment_status":"open","ping_status":"open","sticky":false,"template":"","format":"standard","meta":{"_jetpack_memberships_contains_paid_content":false,"footnotes":"","jetpack_publicize_message":"","jetpack_publicize_feature_enabled":true,"jetpack_social_post_already_shared":true,"jetpack_social_options":{"image_generator_settings":{"template":"highway","default_image_id":0,"font":"","enabled":false},"version":2}},"categories":[38,24],"tags":[495],"class_list":{"0":"post-4381","1":"post","2":"type-post","3":"status-publish","4":"format-standard","5":"has-post-thumbnail","7":"category-international","8":"category-news","9":"tag-transition-mali"},"jetpack_publicize_connections":[],"jetpack_featured_media_url":"https:\/\/ledenonciateur224.com\/wp-content\/uploads\/2025\/08\/fb-img-1754860585870.jpg","jetpack_sharing_enabled":true,"_links":{"self":[{"href":"https:\/\/ledenonciateur224.com\/index.php\/wp-json\/wp\/v2\/posts\/4381","targetHints":{"allow":["GET"]}}],"collection":[{"href":"https:\/\/ledenonciateur224.com\/index.php\/wp-json\/wp\/v2\/posts"}],"about":[{"href":"https:\/\/ledenonciateur224.com\/index.php\/wp-json\/wp\/v2\/types\/post"}],"author":[{"embeddable":true,"href":"https:\/\/ledenonciateur224.com\/index.php\/wp-json\/wp\/v2\/users\/2"}],"replies":[{"embeddable":true,"href":"https:\/\/ledenonciateur224.com\/index.php\/wp-json\/wp\/v2\/comments?post=4381"}],"version-history":[{"count":0,"href":"https:\/\/ledenonciateur224.com\/index.php\/wp-json\/wp\/v2\/posts\/4381\/revisions"}],"wp:featuredmedia":[{"embeddable":true,"href":"https:\/\/ledenonciateur224.com\/index.php\/wp-json\/wp\/v2\/media\/4382"}],"wp:attachment":[{"href":"https:\/\/ledenonciateur224.com\/index.php\/wp-json\/wp\/v2\/media?parent=4381"}],"wp:term":[{"taxonomy":"category","embeddable":true,"href":"https:\/\/ledenonciateur224.com\/index.php\/wp-json\/wp\/v2\/categories?post=4381"},{"taxonomy":"post_tag","embeddable":true,"href":"https:\/\/ledenonciateur224.com\/index.php\/wp-json\/wp\/v2\/tags?post=4381"}],"curies":[{"name":"wp","href":"https:\/\/api.w.org\/{rel}","templated":true}]}}