{"id":4384,"date":"2025-08-11T08:08:01","date_gmt":"2025-08-11T08:08:01","guid":{"rendered":"https:\/\/ledenonciateur224.com\/?p=4384"},"modified":"2025-08-11T08:08:01","modified_gmt":"2025-08-11T08:08:01","slug":"la-rue-contre-le-regime-les-forces-vives-relancent-la-contestation-en-guinee","status":"publish","type":"post","link":"https:\/\/ledenonciateur224.com\/index.php\/la-rue-contre-le-regime-les-forces-vives-relancent-la-contestation-en-guinee\/","title":{"rendered":"La rue contre le r\u00e9gime : Les Forces Vives relancent la contestation en Guin\u00e9e"},"content":{"rendered":"<p>\u00c0 l\u2019approche du r\u00e9f\u00e9rendum constitutionnel, la coalition d&rsquo;opposition annonce des manifestations nationales et internationales \u00e0 partir du 5 septembre, d\u00e9non\u00e7ant une d\u00e9rive autoritaire du CNRD.<\/p>\n<h3><\/h3>\n<p>Les Forces Vives de Guin\u00e9e, coalition regroupant partis politiques et organisations de la soci\u00e9t\u00e9 civile, ont ent\u00e9rin\u00e9 ce dimanche 10 ao\u00fbt 2025 une d\u00e9cision majeure \u00e0 l\u2019issue d\u2019un conclave virtuel : le lancement d\u2019un vaste mouvement de contestation \u00e0 partir du 5 septembre prochain. Cette date symbolique marquera le quatri\u00e8me anniversaire de l\u2019arriv\u00e9e au pouvoir du Comit\u00e9 national du rassemblement pour le d\u00e9veloppement (CNRD), dirig\u00e9 par le g\u00e9n\u00e9ral Mamadi Doumbouya.<\/p>\n<p>Dans une d\u00e9claration publi\u00e9e tard dans la soir\u00e9e, le Bloc annonce que les manifestations auront lieu sur tout le territoire national ainsi qu\u2019\u00e0 l\u2019\u00e9tranger. Objectif affich\u00e9 : d\u00e9noncer la \u00ab confiscation du pouvoir \u00bb par la junte, et r\u00e9affirmer leur engagement en faveur d\u2019un retour \u00e0 l\u2019ordre constitutionnel.<\/p>\n<p>Les Forces Vives se disent fermement oppos\u00e9es \u00e0 toute tentative de l\u00e9gitimer ce qu\u2019elles qualifient de \u00ab d\u00e9rive autoritaire et ill\u00e9gale \u00bb. Elles promettent de d\u00e9fendre, \u00ab <em>quoi qu\u2019il en co\u00fbte<\/em> \u00bb, le droit du peuple guin\u00e9en \u00e0 choisir librement ses dirigeants, conform\u00e9ment \u00e0 la charte de la Transition.<\/p>\n<p>Cette annonce intervient dans un contexte politique tendu : les manifestations sont interdites en Guin\u00e9e depuis mai 2022, et le gouvernement m\u00e8ne actuellement une campagne de sensibilisation autour du projet de nouvelle Constitution. Le 4 ao\u00fbt, le chef de la junte a convoqu\u00e9 les \u00e9lecteurs pour un r\u00e9f\u00e9rendum pr\u00e9vu le 21 septembre 2025.<\/p>\n<p>Cette mont\u00e9e en puissance de l&rsquo;opposition annonce une rentr\u00e9e politique sous haute tension, avec en toile de fond un bras de fer entre la soci\u00e9t\u00e9 civile, les partis politiques et les autorit\u00e9s de transition.<\/p>\n<p><img loading=\"lazy\" decoding=\"async\" class=\"alignnone size-full wp-image-4385\" src=\"https:\/\/ledenonciateur224.com\/wp-content\/uploads\/2025\/08\/img-20250811-wa0000.jpg\" alt=\"\" width=\"770\" height=\"1080\" srcset=\"https:\/\/ledenonciateur224.com\/wp-content\/uploads\/2025\/08\/img-20250811-wa0000.jpg 770w, https:\/\/ledenonciateur224.com\/wp-content\/uploads\/2025\/08\/img-20250811-wa0000-214x300.jpg 214w, https:\/\/ledenonciateur224.com\/wp-content\/uploads\/2025\/08\/img-20250811-wa0000-730x1024.jpg 730w, https:\/\/ledenonciateur224.com\/wp-content\/uploads\/2025\/08\/img-20250811-wa0000-768x1077.jpg 768w, https:\/\/ledenonciateur224.com\/wp-content\/uploads\/2025\/08\/img-20250811-wa0000-150x210.jpg 150w, https:\/\/ledenonciateur224.com\/wp-content\/uploads\/2025\/08\/img-20250811-wa0000-300x421.jpg 300w, https:\/\/ledenonciateur224.com\/wp-content\/uploads\/2025\/08\/img-20250811-wa0000-696x976.jpg 696w, https:\/\/ledenonciateur224.com\/wp-content\/uploads\/2025\/08\/img-20250811-wa0000-299x420.jpg 299w\" sizes=\"auto, (max-width: 770px) 100vw, 770px\" \/><\/p>\n","protected":false},"excerpt":{"rendered":"<p>\u00c0 l\u2019approche du r\u00e9f\u00e9rendum constitutionnel, la coalition d&rsquo;opposition annonce des manifestations nationales et internationales \u00e0 partir du 5 septembre, d\u00e9non\u00e7ant une d\u00e9rive autoritaire du CNRD. Les Forces Vives de Guin\u00e9e, coalition regroupant partis politiques et organisations de la soci\u00e9t\u00e9 civile, ont ent\u00e9rin\u00e9 ce dimanche 10 ao\u00fbt 2025 une d\u00e9cision majeure \u00e0 l\u2019issue d\u2019un conclave virtuel [&hellip;]<\/p>\n","protected":false},"author":2,"featured_media":4386,"comment_status":"open","ping_status":"open","sticky":false,"template":"","format":"standard","meta":{"_jetpack_memberships_contains_paid_content":false,"footnotes":"","jetpack_publicize_message":"","jetpack_publicize_feature_enabled":true,"jetpack_social_post_already_shared":true,"jetpack_social_options":{"image_generator_settings":{"template":"highway","default_image_id":0,"font":"","enabled":false},"version":2}},"categories":[24,27],"tags":[1062],"class_list":{"0":"post-4384","1":"post","2":"type-post","3":"status-publish","4":"format-standard","5":"has-post-thumbnail","7":"category-news","8":"category-politique","9":"tag-forces-vives-guinee"},"jetpack_publicize_connections":[],"jetpack_featured_media_url":"https:\/\/ledenonciateur224.com\/wp-content\/uploads\/2025\/08\/forces-vivegnd.png","jetpack_sharing_enabled":true,"_links":{"self":[{"href":"https:\/\/ledenonciateur224.com\/index.php\/wp-json\/wp\/v2\/posts\/4384","targetHints":{"allow":["GET"]}}],"collection":[{"href":"https:\/\/ledenonciateur224.com\/index.php\/wp-json\/wp\/v2\/posts"}],"about":[{"href":"https:\/\/ledenonciateur224.com\/index.php\/wp-json\/wp\/v2\/types\/post"}],"author":[{"embeddable":true,"href":"https:\/\/ledenonciateur224.com\/index.php\/wp-json\/wp\/v2\/users\/2"}],"replies":[{"embeddable":true,"href":"https:\/\/ledenonciateur224.com\/index.php\/wp-json\/wp\/v2\/comments?post=4384"}],"version-history":[{"count":0,"href":"https:\/\/ledenonciateur224.com\/index.php\/wp-json\/wp\/v2\/posts\/4384\/revisions"}],"wp:featuredmedia":[{"embeddable":true,"href":"https:\/\/ledenonciateur224.com\/index.php\/wp-json\/wp\/v2\/media\/4386"}],"wp:attachment":[{"href":"https:\/\/ledenonciateur224.com\/index.php\/wp-json\/wp\/v2\/media?parent=4384"}],"wp:term":[{"taxonomy":"category","embeddable":true,"href":"https:\/\/ledenonciateur224.com\/index.php\/wp-json\/wp\/v2\/categories?post=4384"},{"taxonomy":"post_tag","embeddable":true,"href":"https:\/\/ledenonciateur224.com\/index.php\/wp-json\/wp\/v2\/tags?post=4384"}],"curies":[{"name":"wp","href":"https:\/\/api.w.org\/{rel}","templated":true}]}}