{"id":4402,"date":"2025-08-12T13:22:51","date_gmt":"2025-08-12T13:22:51","guid":{"rendered":"https:\/\/ledenonciateur224.com\/?p=4402"},"modified":"2025-08-12T13:22:51","modified_gmt":"2025-08-12T13:22:51","slug":"fonds-de-garantie-des-prets-aux-entreprises-le-dg-mamoudou-mara-sur-la-sellette","status":"publish","type":"post","link":"https:\/\/ledenonciateur224.com\/index.php\/fonds-de-garantie-des-prets-aux-entreprises-le-dg-mamoudou-mara-sur-la-sellette\/","title":{"rendered":"Fonds de Garantie des Pr\u00eats aux Entreprises: Le DG, Mamoudou Mara sur la sellette\u2026"},"content":{"rendered":"<p>La crise qui secoue la direction g\u00e9n\u00e9rale du Fonds de Garantie des Pr\u00eats aux\u00a0 Entreprises est loin de connaitre son \u00e9pilogue. Des travailleurs de cette entreprise publique, continuent de d\u00e9noncer la gestion cavali\u00e8re et opaque de l&rsquo;institution de sa prise de fonction. Ils accusent \u00e9galement le Directeur G\u00e9n\u00e9ral, Mamadou Mara pour \u00ab mauvaise gestion \u00bb.<\/p>\n<p>Le directeur g\u00e9n\u00e9ral du FGPE, Mamadou Mara fait face \u00e0 une fronde sans pr\u00e9c\u00e9dent. Les travailleurs qui encha\u00eenent des manifestations pour exiger une meilleure gestion de leur direction g\u00e9n\u00e9rale, et l\u2019accusent de mauvaise gestion.<\/p>\n<p>\u00ab Aujourd\u2019hui nous sommes l\u00e0 pour exiger au Directeur G\u00e9n\u00e9ral de faire preuve de transparence dans la gestion de la subvention allou\u00e9e \u00e0 notre institution. Depuis qu&rsquo;il a \u00e9t\u00e9 nomm\u00e9 ici, personne ne comprend la mani\u00e8re dont il g\u00e9re les fonds allou\u00e9s \u00e0 travers le financement des projets des citoyens. \u00bb, a-t-il confi\u00e9 un travailleur \u00e0 notre r\u00e9daction.<\/p>\n<p>Le directeur g\u00e9n\u00e9ral du Fonds de Garantie des Pr\u00eats aux Entreprises, Mamoudou Mara fait face \u00e0 une fronde sans pr\u00e9c\u00e9dent. Les travailleurs qui encha\u00eenent des manifestations pour exiger son d\u00e9part, l\u2019accusent de mauvaise gestion. Selon les informations recueilles par notre r\u00e9daction, Mr Mamoudou Mara n&rsquo;a pas le profil id\u00e9al pour \u00eatre directeur g\u00e9n\u00e9ral. \u00c0 en croire toujours \u00e0 la m\u00eame source, pour \u00eatre directeur g\u00e9n\u00e9ral \u00e0 cette institution financi\u00e8re, il faut \u00eatre un \u00e9conomiste ou un financier, il faut avoir une exp\u00e9rience dans une banque au moins 10 ans. L&rsquo;actuel directeur g\u00e9n\u00e9ral du FGPE, Mamoudou Mara est un juriste de formation.<\/p>\n<p>Toujours \u00e0 en croire \u00e0 notre source, des d\u00e9marches ont \u00e9t\u00e9 entreprises par les travailleurs pour r\u00e9soudre le probl\u00e8me mais en vain. D\u2019o\u00f9 l\u2019origine de la crise, plusieurs travailleurs ont confi\u00e9 \u00e0 notre r\u00e9daction d&rsquo;\u00eatre \u00e9cart\u00e9s par le directeur g\u00e9n\u00e9ral Mamoudou Mara au profit de son petit clan que lui m\u00eame \u00e0 recruter.<\/p>\n<p>En ce qui concerne les conditions de travail des employ\u00e9s, notre source n\u2019est pas all\u00e9e du dos de la cuill\u00e8re pour mettre \u00e0 nu le mauvais traitement dont ils font l\u2019objet.<\/p>\n<p>\u00ab On lui reproche une gestion pas claire. Il y a assez de montant compromis, il y a des pr\u00e9judices. Donc, il y a des responsabilit\u00e9s \u00e0 situer mais jusque-l\u00e0 rien n\u2019est fait dans ce sens. Le G\u00e9n\u00e9ral Mamadi Doumbouya a mis \u00e0 la disposition des fonds pour accompagner les femmes et les jeunes, mais c&rsquo;est un omerta total autour de ces montants. Ces montants ont \u00e9t\u00e9 donn\u00e9s \u00e0 qui? \u00bb, s\u2019interroge notre interlocuteur<\/p>\n<p>Affaire \u00e0 suivre.<\/p>\n<p>Nous y reviendrons!<\/p>\n<p>N\u00b0064 du Journal ( Guin\u00e9e-V\u00e9rit\u00e9)<\/p>\n<p>Mohamed Camara<\/p>\n","protected":false},"excerpt":{"rendered":"<p>La crise qui secoue la direction g\u00e9n\u00e9rale du Fonds de Garantie des Pr\u00eats aux\u00a0 Entreprises est loin de connaitre son \u00e9pilogue. Des travailleurs de cette entreprise publique, continuent de d\u00e9noncer la gestion cavali\u00e8re et opaque de l&rsquo;institution de sa prise de fonction. Ils accusent \u00e9galement le Directeur G\u00e9n\u00e9ral, Mamadou Mara pour \u00ab mauvaise gestion \u00bb. [&hellip;]<\/p>\n","protected":false},"author":2,"featured_media":4403,"comment_status":"open","ping_status":"open","sticky":false,"template":"","format":"standard","meta":{"_jetpack_memberships_contains_paid_content":false,"footnotes":"","jetpack_publicize_message":"","jetpack_publicize_feature_enabled":true,"jetpack_social_post_already_shared":true,"jetpack_social_options":{"image_generator_settings":{"template":"highway","default_image_id":0,"font":"","enabled":false},"version":2}},"categories":[29,24],"tags":[1065,409],"class_list":{"0":"post-4402","1":"post","2":"type-post","3":"status-publish","4":"format-standard","5":"has-post-thumbnail","7":"category-economie","8":"category-news","9":"tag-fonds","10":"tag-entreprises"},"jetpack_publicize_connections":[],"jetpack_featured_media_url":"https:\/\/ledenonciateur224.com\/wp-content\/uploads\/2025\/08\/img-20250812-wa0034.jpg","jetpack_sharing_enabled":true,"_links":{"self":[{"href":"https:\/\/ledenonciateur224.com\/index.php\/wp-json\/wp\/v2\/posts\/4402","targetHints":{"allow":["GET"]}}],"collection":[{"href":"https:\/\/ledenonciateur224.com\/index.php\/wp-json\/wp\/v2\/posts"}],"about":[{"href":"https:\/\/ledenonciateur224.com\/index.php\/wp-json\/wp\/v2\/types\/post"}],"author":[{"embeddable":true,"href":"https:\/\/ledenonciateur224.com\/index.php\/wp-json\/wp\/v2\/users\/2"}],"replies":[{"embeddable":true,"href":"https:\/\/ledenonciateur224.com\/index.php\/wp-json\/wp\/v2\/comments?post=4402"}],"version-history":[{"count":0,"href":"https:\/\/ledenonciateur224.com\/index.php\/wp-json\/wp\/v2\/posts\/4402\/revisions"}],"wp:featuredmedia":[{"embeddable":true,"href":"https:\/\/ledenonciateur224.com\/index.php\/wp-json\/wp\/v2\/media\/4403"}],"wp:attachment":[{"href":"https:\/\/ledenonciateur224.com\/index.php\/wp-json\/wp\/v2\/media?parent=4402"}],"wp:term":[{"taxonomy":"category","embeddable":true,"href":"https:\/\/ledenonciateur224.com\/index.php\/wp-json\/wp\/v2\/categories?post=4402"},{"taxonomy":"post_tag","embeddable":true,"href":"https:\/\/ledenonciateur224.com\/index.php\/wp-json\/wp\/v2\/tags?post=4402"}],"curies":[{"name":"wp","href":"https:\/\/api.w.org\/{rel}","templated":true}]}}