{"id":4405,"date":"2025-08-12T16:08:52","date_gmt":"2025-08-12T16:08:52","guid":{"rendered":"https:\/\/ledenonciateur224.com\/?p=4405"},"modified":"2025-08-12T16:08:52","modified_gmt":"2025-08-12T16:08:52","slug":"mamadi-doumbouya-lespoir-dune-nation-la-diaspora-monte-au-front","status":"publish","type":"post","link":"https:\/\/ledenonciateur224.com\/index.php\/mamadi-doumbouya-lespoir-dune-nation-la-diaspora-monte-au-front\/","title":{"rendered":"Mamadi Doumbouya, l\u2019espoir d\u2019une nation : La diaspora monte au front\u00a0"},"content":{"rendered":"<h3><strong>Port\u00e9e par l\u2019\u00e9motion et l\u2019espoir, la diaspora guin\u00e9enne se mobilise pour soutenir le pr\u00e9sident de la transition et promouvoir une nouvelle image de la Guin\u00e9e.<\/strong><\/h3>\n<p>Un nouveau mouvement de soutien baptis\u00e9\u00a0<strong>\u00ab\u00a0Mouvement Mamadi Doumbouya Nan N\u00f6ma\u00a0\u00bb<\/strong>\u00a0a \u00e9t\u00e9 officiellement pr\u00e9sent\u00e9 au peuple de Guin\u00e9e ce\u00a0<strong>mardi 12 ao\u00fbt 2025<\/strong>, lors d&rsquo;une conf\u00e9rence de presse tenue \u00e0 la Maison de la presse de Conakry.<\/p>\n<p><img loading=\"lazy\" decoding=\"async\" class=\"alignnone size-full wp-image-4406\" src=\"https:\/\/ledenonciateur224.com\/wp-content\/uploads\/2025\/08\/img-20250812-wa0044.jpg\" alt=\"\" width=\"1020\" height=\"574\" srcset=\"https:\/\/ledenonciateur224.com\/wp-content\/uploads\/2025\/08\/img-20250812-wa0044.jpg 1020w, https:\/\/ledenonciateur224.com\/wp-content\/uploads\/2025\/08\/img-20250812-wa0044-300x169.jpg 300w, https:\/\/ledenonciateur224.com\/wp-content\/uploads\/2025\/08\/img-20250812-wa0044-768x432.jpg 768w, https:\/\/ledenonciateur224.com\/wp-content\/uploads\/2025\/08\/img-20250812-wa0044-150x84.jpg 150w, https:\/\/ledenonciateur224.com\/wp-content\/uploads\/2025\/08\/img-20250812-wa0044-696x392.jpg 696w, https:\/\/ledenonciateur224.com\/wp-content\/uploads\/2025\/08\/img-20250812-wa0044-746x420.jpg 746w\" sizes=\"auto, (max-width: 1020px) 100vw, 1020px\" \/><\/p>\n<p>\u00c0 la t\u00eate de ce collectif,\u00a0<strong>Aminata Hady Diallo<\/strong>, pr\u00e9sidente du mouvement, a marqu\u00e9 les esprits par une intervention poignante. Les larmes aux yeux, elle a \u00e9voqu\u00e9 avec une sinc\u00e8re \u00e9motion les difficult\u00e9s rencontr\u00e9es par les Guin\u00e9ens vivant \u00e0 l\u2019\u00e9tranger, tout en soulignant l\u2019\u00e9lan d\u2019espoir suscit\u00e9 par le leadership du G\u00e9n\u00e9ral\u00a0<strong>Mamadi Doumbouya<\/strong>, pr\u00e9sident de la transition et chef du\u00a0<strong>CNRD<\/strong>\u00a0(Comit\u00e9 National du Rassemblement pour le D\u00e9veloppement).\u00ab Moi je vis en Belgique. Nous avons men\u00e9 plusieurs actions en Europe. J\u2019ai install\u00e9 des bureaux du mouvement en Belgique, aux Pays-Bas, en France, en Allemagne, et dans les 13 communes de Conakry \u00bb, a d\u00e9clar\u00e9 Mme Diallo, fi\u00e8re du travail accompli.<\/p>\n<p><img loading=\"lazy\" decoding=\"async\" class=\"alignnone size-full wp-image-4407\" src=\"https:\/\/ledenonciateur224.com\/wp-content\/uploads\/2025\/08\/img-20250812-wa0042.jpg\" alt=\"\" width=\"1020\" height=\"574\" srcset=\"https:\/\/ledenonciateur224.com\/wp-content\/uploads\/2025\/08\/img-20250812-wa0042.jpg 1020w, https:\/\/ledenonciateur224.com\/wp-content\/uploads\/2025\/08\/img-20250812-wa0042-300x169.jpg 300w, https:\/\/ledenonciateur224.com\/wp-content\/uploads\/2025\/08\/img-20250812-wa0042-768x432.jpg 768w, https:\/\/ledenonciateur224.com\/wp-content\/uploads\/2025\/08\/img-20250812-wa0042-150x84.jpg 150w, https:\/\/ledenonciateur224.com\/wp-content\/uploads\/2025\/08\/img-20250812-wa0042-696x392.jpg 696w, https:\/\/ledenonciateur224.com\/wp-content\/uploads\/2025\/08\/img-20250812-wa0042-746x420.jpg 746w\" sizes=\"auto, (max-width: 1020px) 100vw, 1020px\" \/><\/p>\n<p>Selon elle, la diaspora observe une transformation positive de l\u2019image du pays \u00e0 l\u2019international, qu\u2019elle attribue aux r\u00e9formes entreprises sous l\u2019\u00e8re Doumbouya.\u00ab Vous, les Guin\u00e9ens d\u2019ici, vous ne connaissez pas la valeur de Doumbouya comme nous. Avant, \u00e0 l\u2019\u00e9tranger, on avait honte d\u2019\u00eatre Guin\u00e9ens. Aujourd\u2019hui, c\u2019est le respect qui domine. Le pr\u00e9sident Doumbouya a redor\u00e9 le blason de notre pays. C\u2019est pour cela que je milite sans rel\u00e2che, pour qu\u2019il continue son \u0153uvre. \u00bb<\/p>\n<p>Engag\u00e9e et d\u00e9termin\u00e9e, Aminata Hady Diallo a appel\u00e9 les Guin\u00e9ens \u00e0 s\u2019unir derri\u00e8re le chef de l&rsquo;\u00c9tat et \u00e0 accompagner ses efforts de transformation. Elle a m\u00eame exprim\u00e9 son souhait de le voir\u00a0<strong>se pr\u00e9senter aux prochaines \u00e9lections<\/strong>, estimant que\u00a0<strong>\u00ab\u00a0la Guin\u00e9e est aujourd\u2019hui un chantier en pleine construction\u00a0\u00bb<\/strong>.<\/p>\n<p>Parmi les activit\u00e9s annonc\u00e9es par le mouvement, figure un projet ambitieux de\u00a0<strong>vulgarisation de la nouvelle Constitution<\/strong>, avec une volont\u00e9 d\u2019inclusion \u00e0 travers\u00a0<strong>la traduction et l\u2019explication des articles dans les principales langues nationales<\/strong>.<\/p>\n<p>Ce mouvement citoyen issu de la diaspora entend ainsi jouer un r\u00f4le de relais entre la population guin\u00e9enne et les institutions de la transition, en pr\u00f4nant un\u00a0<strong>soutien actif, inform\u00e9 et mobilisateur<\/strong>\u00a0autour du projet de refondation du pays.<\/p>\n<p>&nbsp;<\/p>\n<p>AMC<\/p>\n<p>&nbsp;<\/p>\n<p>611 70 39 84<\/p>\n","protected":false},"excerpt":{"rendered":"<p>Port\u00e9e par l\u2019\u00e9motion et l\u2019espoir, la diaspora guin\u00e9enne se mobilise pour soutenir le pr\u00e9sident de la transition et promouvoir une nouvelle image de la Guin\u00e9e. Un nouveau mouvement de soutien baptis\u00e9\u00a0\u00ab\u00a0Mouvement Mamadi Doumbouya Nan N\u00f6ma\u00a0\u00bb\u00a0a \u00e9t\u00e9 officiellement pr\u00e9sent\u00e9 au peuple de Guin\u00e9e ce\u00a0mardi 12 ao\u00fbt 2025, lors d&rsquo;une conf\u00e9rence de presse tenue \u00e0 la Maison [&hellip;]<\/p>\n","protected":false},"author":2,"featured_media":4408,"comment_status":"open","ping_status":"open","sticky":false,"template":"","format":"standard","meta":{"_jetpack_memberships_contains_paid_content":false,"footnotes":"","jetpack_publicize_message":"","jetpack_publicize_feature_enabled":true,"jetpack_social_post_already_shared":true,"jetpack_social_options":{"image_generator_settings":{"template":"highway","default_image_id":0,"font":"","enabled":false},"version":2}},"categories":[24,27],"tags":[737,520],"class_list":{"0":"post-4405","1":"post","2":"type-post","3":"status-publish","4":"format-standard","5":"has-post-thumbnail","7":"category-news","8":"category-politique","9":"tag-general-mamadi-doumbouya-doumbouya","10":"tag-mouvement"},"jetpack_publicize_connections":[],"jetpack_featured_media_url":"https:\/\/ledenonciateur224.com\/wp-content\/uploads\/2025\/08\/img-20250812-wa0036.jpg","jetpack_sharing_enabled":true,"_links":{"self":[{"href":"https:\/\/ledenonciateur224.com\/index.php\/wp-json\/wp\/v2\/posts\/4405","targetHints":{"allow":["GET"]}}],"collection":[{"href":"https:\/\/ledenonciateur224.com\/index.php\/wp-json\/wp\/v2\/posts"}],"about":[{"href":"https:\/\/ledenonciateur224.com\/index.php\/wp-json\/wp\/v2\/types\/post"}],"author":[{"embeddable":true,"href":"https:\/\/ledenonciateur224.com\/index.php\/wp-json\/wp\/v2\/users\/2"}],"replies":[{"embeddable":true,"href":"https:\/\/ledenonciateur224.com\/index.php\/wp-json\/wp\/v2\/comments?post=4405"}],"version-history":[{"count":0,"href":"https:\/\/ledenonciateur224.com\/index.php\/wp-json\/wp\/v2\/posts\/4405\/revisions"}],"wp:featuredmedia":[{"embeddable":true,"href":"https:\/\/ledenonciateur224.com\/index.php\/wp-json\/wp\/v2\/media\/4408"}],"wp:attachment":[{"href":"https:\/\/ledenonciateur224.com\/index.php\/wp-json\/wp\/v2\/media?parent=4405"}],"wp:term":[{"taxonomy":"category","embeddable":true,"href":"https:\/\/ledenonciateur224.com\/index.php\/wp-json\/wp\/v2\/categories?post=4405"},{"taxonomy":"post_tag","embeddable":true,"href":"https:\/\/ledenonciateur224.com\/index.php\/wp-json\/wp\/v2\/tags?post=4405"}],"curies":[{"name":"wp","href":"https:\/\/api.w.org\/{rel}","templated":true}]}}