{"id":4410,"date":"2025-08-12T18:20:04","date_gmt":"2025-08-12T18:20:04","guid":{"rendered":"https:\/\/ledenonciateur224.com\/?p=4410"},"modified":"2025-08-12T18:20:04","modified_gmt":"2025-08-12T18:20:04","slug":"decentralisation-etat-civil-et-identite-numerique-la-guinee-trace-sa-nouvelle-voie","status":"publish","type":"post","link":"https:\/\/ledenonciateur224.com\/index.php\/decentralisation-etat-civil-et-identite-numerique-la-guinee-trace-sa-nouvelle-voie\/","title":{"rendered":"D\u00e9centralisation, \u00c9tat civil et Identit\u00e9 num\u00e9rique : La Guin\u00e9e trace sa nouvelle voie"},"content":{"rendered":"<p><strong>C\u00e9l\u00e9bration diff\u00e9r\u00e9e de la Journ\u00e9e africaine de la d\u00e9centralisation : une ambition nationale pour des communaut\u00e9s r\u00e9silientes et une gouvernance de proximit\u00e9<\/strong><\/p>\n<p>Ce\u00a0<strong>mardi 12 ao\u00fbt 2025<\/strong>, le\u00a0<strong>Minist\u00e8re de l\u2019Administration du Territoire et de la D\u00e9centralisation (MATD)<\/strong>\u00a0et ses\u00a0<strong>partenaires techniques et financiers<\/strong>\u00a0ont c\u00e9l\u00e9br\u00e9 en diff\u00e9r\u00e9 la\u00a0<strong>Journ\u00e9e africaine de la d\u00e9centralisation, du d\u00e9veloppement local et de l\u2019\u00e9tat civil<\/strong>. Une journ\u00e9e d&rsquo;\u00e9changes et de r\u00e9flexions autour du double th\u00e8me :<\/p>\n<ul>\n<li><strong>\u00ab Construire des communaut\u00e9s r\u00e9silientes par la d\u00e9centralisation inclusive et le d\u00e9veloppement \u00e9quitable \u00bb<\/strong>,<\/li>\n<li><strong>\u00ab Le registre national de l&rsquo;\u00e9tat civil comme fondement des infrastructures publiques num\u00e9riques et des syst\u00e8mes d&rsquo;identit\u00e9 juridique num\u00e9rique de Guin\u00e9e \u00bb<\/strong>.<\/li>\n<li><img loading=\"lazy\" decoding=\"async\" class=\"alignnone size-full wp-image-4412\" src=\"https:\/\/ledenonciateur224.com\/wp-content\/uploads\/2025\/08\/img-20250812-wa0073.jpg\" alt=\"\" width=\"1020\" height=\"459\" srcset=\"https:\/\/ledenonciateur224.com\/wp-content\/uploads\/2025\/08\/img-20250812-wa0073.jpg 1020w, https:\/\/ledenonciateur224.com\/wp-content\/uploads\/2025\/08\/img-20250812-wa0073-300x135.jpg 300w, https:\/\/ledenonciateur224.com\/wp-content\/uploads\/2025\/08\/img-20250812-wa0073-768x346.jpg 768w, https:\/\/ledenonciateur224.com\/wp-content\/uploads\/2025\/08\/img-20250812-wa0073-150x68.jpg 150w, https:\/\/ledenonciateur224.com\/wp-content\/uploads\/2025\/08\/img-20250812-wa0073-696x313.jpg 696w, https:\/\/ledenonciateur224.com\/wp-content\/uploads\/2025\/08\/img-20250812-wa0073-933x420.jpg 933w\" sizes=\"auto, (max-width: 1020px) 100vw, 1020px\" \/><\/li>\n<\/ul>\n<p>La c\u00e9r\u00e9monie a connu une forte mobilisation des acteurs \u00e9tatiques, des partenaires techniques, financiers et des repr\u00e9sentants de minist\u00e8res sectoriels, sous la pr\u00e9sidence du\u00a0<strong>Secr\u00e9taire g\u00e9n\u00e9ral du MATD, Mohamed Sik\u00e9 Camara<\/strong>.<\/p>\n<p><img loading=\"lazy\" decoding=\"async\" class=\"alignnone size-full wp-image-4411\" src=\"https:\/\/ledenonciateur224.com\/wp-content\/uploads\/2025\/08\/img-20250812-wa0080.jpg\" alt=\"\" width=\"817\" height=\"458\" srcset=\"https:\/\/ledenonciateur224.com\/wp-content\/uploads\/2025\/08\/img-20250812-wa0080.jpg 817w, https:\/\/ledenonciateur224.com\/wp-content\/uploads\/2025\/08\/img-20250812-wa0080-300x168.jpg 300w, https:\/\/ledenonciateur224.com\/wp-content\/uploads\/2025\/08\/img-20250812-wa0080-768x431.jpg 768w, https:\/\/ledenonciateur224.com\/wp-content\/uploads\/2025\/08\/img-20250812-wa0080-150x84.jpg 150w, https:\/\/ledenonciateur224.com\/wp-content\/uploads\/2025\/08\/img-20250812-wa0080-696x390.jpg 696w, https:\/\/ledenonciateur224.com\/wp-content\/uploads\/2025\/08\/img-20250812-wa0080-749x420.jpg 749w\" sizes=\"auto, (max-width: 817px) 100vw, 817px\" \/><\/p>\n<p>Dans son allocution, le\u00a0<strong>Coordinateur national du PN-RAVEC<\/strong>,\u00a0<strong>G\u00e9n\u00e9ral de deuxi\u00e8me section Aboubacar Biro Cond\u00e9<\/strong>, a rappel\u00e9 l\u2019importance cruciale de l\u2019\u00e9tat civil dans toute soci\u00e9t\u00e9 moderne :\u00ab L\u2019\u00e9tat civil est le socle de toute soci\u00e9t\u00e9 organis\u00e9e. Il fonde l\u2019identit\u00e9 juridique, prot\u00e8ge les droits humains, et contribue au d\u00e9veloppement durable. \u00bb<\/p>\n<p>Il a soulign\u00e9 le caract\u00e8re essentiel de l\u2019enregistrement des faits d\u2019\u00e9tat civil \u2013 naissance, mariage, d\u00e9c\u00e8s \u2013 comme un droit fondamental, malheureusement encore inaccessible pour des millions d\u2019enfants en Afrique. Cette r\u00e9alit\u00e9 prive ces enfants de leurs droits les plus \u00e9l\u00e9mentaires :\u00a0<strong>identit\u00e9 l\u00e9gale, acc\u00e8s \u00e0 l\u2019\u00e9ducation, \u00e0 la sant\u00e9, \u00e0 la protection sociale.<\/strong><\/p>\n<p>C\u2019est pour inverser cette tendance que la Guin\u00e9e a lanc\u00e9 des\u00a0<strong>r\u00e9formes ambitieuses<\/strong>, dont la mise en place du\u00a0<strong>Programme National de Recensement Administratif \u00e0 Vocation d&rsquo;\u00c9tat Civil (PN-RAVEC)<\/strong>, appuy\u00e9 par une volont\u00e9 politique forte.<\/p>\n<h3><\/h3>\n<p>Le th\u00e8me de cette \u00e9dition met en avant la\u00a0<strong>num\u00e9risation du registre national de l\u2019\u00e9tat civil<\/strong>\u00a0comme pilier de l\u2019identit\u00e9 num\u00e9rique et de la transformation digitale de l\u2019administration publique. Ce registre permettra :<\/p>\n<ul>\n<li>L\u2019\u00e9mission d\u2019<strong>actes d\u2019\u00e9tat civil num\u00e9ris\u00e9s<\/strong>\u00a0(naissance, mariage, d\u00e9c\u00e8s, etc.)<\/li>\n<li>L\u2019attribution d\u2019un\u00a0<strong>num\u00e9ro personnel d\u2019identification unique<\/strong><\/li>\n<li>La\u00a0<strong>centralisation et la s\u00e9curisation<\/strong>\u00a0des donn\u00e9es<\/li>\n<li>L\u2019alimentation d\u2019un\u00a0<strong>registre national des personnes physiques<\/strong><\/li>\n<li>L\u2019interconnexion avec d&rsquo;autres services :\u00a0<strong>sant\u00e9, \u00e9ducation, s\u00e9curit\u00e9 sociale, fichiers \u00e9lectoraux, permis de conduire, cartes d\u2019identit\u00e9, passeports<\/strong>, etc.<\/li>\n<\/ul>\n<p>Le\u00a0<strong>G\u00e9n\u00e9ral Aboubacar Biro Cond\u00e9<\/strong>\u00a0a ainsi lanc\u00e9 un appel \u00e0 la mobilisation de tous : citoyens, autorit\u00e9s locales, agents de l\u2019\u00e9tat civil et partenaires, pour faire de ce syst\u00e8me une r\u00e9alit\u00e9 efficace et inclusive.<\/p>\n<h3><img loading=\"lazy\" decoding=\"async\" class=\"alignnone size-full wp-image-4413\" src=\"https:\/\/ledenonciateur224.com\/wp-content\/uploads\/2025\/08\/img-20250812-wa0082.jpg\" alt=\"\" width=\"1020\" height=\"459\" srcset=\"https:\/\/ledenonciateur224.com\/wp-content\/uploads\/2025\/08\/img-20250812-wa0082.jpg 1020w, https:\/\/ledenonciateur224.com\/wp-content\/uploads\/2025\/08\/img-20250812-wa0082-300x135.jpg 300w, https:\/\/ledenonciateur224.com\/wp-content\/uploads\/2025\/08\/img-20250812-wa0082-768x346.jpg 768w, https:\/\/ledenonciateur224.com\/wp-content\/uploads\/2025\/08\/img-20250812-wa0082-150x68.jpg 150w, https:\/\/ledenonciateur224.com\/wp-content\/uploads\/2025\/08\/img-20250812-wa0082-696x313.jpg 696w, https:\/\/ledenonciateur224.com\/wp-content\/uploads\/2025\/08\/img-20250812-wa0082-933x420.jpg 933w\" sizes=\"auto, (max-width: 1020px) 100vw, 1020px\" \/><\/h3>\n<p>Prenant la parole, le\u00a0<strong>Secr\u00e9taire g\u00e9n\u00e9ral du MATD, Mohamed Sik\u00e9 Camara<\/strong>, a insist\u00e9 sur la port\u00e9e strat\u00e9gique de cette journ\u00e9e, qui constitue selon lui :\u00ab Une plateforme continentale pour r\u00e9fl\u00e9chir aux progr\u00e8s r\u00e9alis\u00e9s, partager les innovations et renouveler l\u2019engagement des \u00c9tats membres en faveur d\u2019une gouvernance locale efficace. \u00bb<\/p>\n<p>Il a salu\u00e9 la vision politique du\u00a0<strong>Pr\u00e9sident de la R\u00e9publique, le G\u00e9n\u00e9ral Mamadi Doumbouya<\/strong>, qui fait de la\u00a0<strong>d\u00e9centralisation, du d\u00e9veloppement local et de la modernisation de l\u2019\u00e9tat civil<\/strong>, des axes majeurs de la\u00a0<strong>refondation de l\u2019\u00c9tat guin\u00e9en<\/strong>.<\/p>\n<p>Il a enfin r\u00e9affirm\u00e9 l\u2019engagement du minist\u00e8re \u00e0 d\u00e9ployer une\u00a0<strong>approche int\u00e9gr\u00e9e et coh\u00e9rente<\/strong>, afin d&rsquo;am\u00e9liorer l\u2019acc\u00e8s aux services, renforcer l\u2019autonomie des collectivit\u00e9s locales, et rapprocher l\u2019administration des citoyens.<\/p>\n<p>Cette c\u00e9l\u00e9bration marque un pas important vers la construction d\u2019un\u00a0<strong>syst\u00e8me d\u2019\u00e9tat civil moderne, inclusif et fiable<\/strong>, socle indispensable \u00e0 la bonne gouvernance, \u00e0 la planification des politiques publiques et \u00e0 l\u2019am\u00e9lioration des services.<\/p>\n<p>La Guin\u00e9e, \u00e0 travers le PN-RAVEC et les r\u00e9formes de d\u00e9centralisation engag\u00e9es, s\u2019inscrit ainsi r\u00e9solument dans une dynamique de transformation profonde, en phase avec les objectifs continentaux et les d\u00e9fis de l\u2019\u00e8re num\u00e9rique.<\/p>\n<p>&nbsp;<\/p>\n<p>Ledenonciateur224.com<\/p>\n","protected":false},"excerpt":{"rendered":"<p>C\u00e9l\u00e9bration diff\u00e9r\u00e9e de la Journ\u00e9e africaine de la d\u00e9centralisation : une ambition nationale pour des communaut\u00e9s r\u00e9silientes et une gouvernance de proximit\u00e9 Ce\u00a0mardi 12 ao\u00fbt 2025, le\u00a0Minist\u00e8re de l\u2019Administration du Territoire et de la D\u00e9centralisation (MATD)\u00a0et ses\u00a0partenaires techniques et financiers\u00a0ont c\u00e9l\u00e9br\u00e9 en diff\u00e9r\u00e9 la\u00a0Journ\u00e9e africaine de la d\u00e9centralisation, du d\u00e9veloppement local et de l\u2019\u00e9tat civil. [&hellip;]<\/p>\n","protected":false},"author":2,"featured_media":4411,"comment_status":"open","ping_status":"open","sticky":false,"template":"","format":"standard","meta":{"_jetpack_memberships_contains_paid_content":false,"footnotes":"","jetpack_publicize_message":"","jetpack_publicize_feature_enabled":true,"jetpack_social_post_already_shared":true,"jetpack_social_options":{"image_generator_settings":{"template":"highway","default_image_id":0,"font":"","enabled":false},"version":2}},"categories":[30,24],"tags":[644],"class_list":{"0":"post-4410","1":"post","2":"type-post","3":"status-publish","4":"format-standard","5":"has-post-thumbnail","7":"category-faits-divers","8":"category-news","9":"tag-etat-civil-guinee"},"jetpack_publicize_connections":[],"jetpack_featured_media_url":"https:\/\/ledenonciateur224.com\/wp-content\/uploads\/2025\/08\/img-20250812-wa0080.jpg","jetpack_sharing_enabled":true,"_links":{"self":[{"href":"https:\/\/ledenonciateur224.com\/index.php\/wp-json\/wp\/v2\/posts\/4410","targetHints":{"allow":["GET"]}}],"collection":[{"href":"https:\/\/ledenonciateur224.com\/index.php\/wp-json\/wp\/v2\/posts"}],"about":[{"href":"https:\/\/ledenonciateur224.com\/index.php\/wp-json\/wp\/v2\/types\/post"}],"author":[{"embeddable":true,"href":"https:\/\/ledenonciateur224.com\/index.php\/wp-json\/wp\/v2\/users\/2"}],"replies":[{"embeddable":true,"href":"https:\/\/ledenonciateur224.com\/index.php\/wp-json\/wp\/v2\/comments?post=4410"}],"version-history":[{"count":0,"href":"https:\/\/ledenonciateur224.com\/index.php\/wp-json\/wp\/v2\/posts\/4410\/revisions"}],"wp:featuredmedia":[{"embeddable":true,"href":"https:\/\/ledenonciateur224.com\/index.php\/wp-json\/wp\/v2\/media\/4411"}],"wp:attachment":[{"href":"https:\/\/ledenonciateur224.com\/index.php\/wp-json\/wp\/v2\/media?parent=4410"}],"wp:term":[{"taxonomy":"category","embeddable":true,"href":"https:\/\/ledenonciateur224.com\/index.php\/wp-json\/wp\/v2\/categories?post=4410"},{"taxonomy":"post_tag","embeddable":true,"href":"https:\/\/ledenonciateur224.com\/index.php\/wp-json\/wp\/v2\/tags?post=4410"}],"curies":[{"name":"wp","href":"https:\/\/api.w.org\/{rel}","templated":true}]}}