{"id":4415,"date":"2025-08-12T19:21:29","date_gmt":"2025-08-12T19:21:29","guid":{"rendered":"https:\/\/ledenonciateur224.com\/?p=4415"},"modified":"2025-08-12T19:21:29","modified_gmt":"2025-08-12T19:21:29","slug":"paulo-duarte-prend-les-renes-du-syli-national-un-nouveau-souffle-pour-le-football-guineen","status":"publish","type":"post","link":"https:\/\/ledenonciateur224.com\/index.php\/paulo-duarte-prend-les-renes-du-syli-national-un-nouveau-souffle-pour-le-football-guineen\/","title":{"rendered":"Paulo Duarte prend les r\u00eanes du Syli National : un nouveau souffle pour le football guin\u00e9en"},"content":{"rendered":"<p>&nbsp;<\/p>\n<p><strong>Le technicien portugais a \u00e9t\u00e9 officiellement pr\u00e9sent\u00e9 ce mardi \u00e0 Conakry. Il dirigera l\u2019\u00e9quipe nationale jusqu\u2019en 2027, avec pour mission de hisser le Syli National \u00e0 un nouveau niveau de performance.<\/strong><\/p>\n<p>Le Syli National de Guin\u00e9e tient son nouvel homme fort. Le s\u00e9lectionneur portugais\u00a0<strong>Paulo Jorge Rebelo Duarte<\/strong>\u00a0a \u00e9t\u00e9 officiellement pr\u00e9sent\u00e9 \u00e0 la presse ce\u00a0<strong>mardi 12 ao\u00fbt 2025<\/strong>, lors d\u2019une c\u00e9r\u00e9monie organis\u00e9e en grande pompe \u00e0 la\u00a0<strong>plage de Camayenne<\/strong>, \u00e0 Conakry.<\/p>\n<p>En pr\u00e9sence du pr\u00e9sident de la F\u00e9d\u00e9ration guin\u00e9enne de football (<strong>Feguifoot<\/strong>),\u00a0<strong>Sory Doumbouya<\/strong>, du ministre des Sports, ainsi que de plusieurs cadres du d\u00e9partement et de la f\u00e9d\u00e9ration,\u00a0<strong>Paulo Duarte a sign\u00e9 un contrat de deux ans<\/strong>, qui le lie \u00e0 la s\u00e9lection nationale jusqu\u2019en\u00a0<strong>2027<\/strong>.<\/p>\n<p>Cette nomination marque une nouvelle \u00e9tape pour le football guin\u00e9en, qui mise sur l&rsquo;exp\u00e9rience de Duarte pour redonner un \u00e9lan au Syli National. L&rsquo;ancien s\u00e9lectionneur du Burkina Faso, du Gabon et du Togo est reconnu pour sa rigueur tactique et sa connaissance approfondie du football africain.<\/p>\n<p>Fait notable :\u00a0<strong>aucun dossier de candidats guin\u00e9ens n\u2019a \u00e9t\u00e9 retenu<\/strong>\u00a0pour ce poste-cl\u00e9. La raison invoqu\u00e9e par la Feguifoot est l&rsquo;<strong>absence de licence CAF Pro ou UEFA Pro<\/strong>\u00a0chez les entra\u00eeneurs locaux, un crit\u00e8re jug\u00e9 indispensable pour acc\u00e9der \u00e0 ce niveau de responsabilit\u00e9.<\/p>\n<p>Avec cette nouvelle page qui s\u2019ouvre, les regards sont d\u00e9sormais tourn\u00e9s vers les prochaines \u00e9ch\u00e9ances du Syli, notamment les \u00e9liminatoires de la CAN et du Mondial 2026.<\/p>\n<p>&nbsp;<\/p>\n<p>Aboubacar Moussa Camara<\/p>\n<p>611 70 39 84<\/p>\n","protected":false},"excerpt":{"rendered":"<p>&nbsp; Le technicien portugais a \u00e9t\u00e9 officiellement pr\u00e9sent\u00e9 ce mardi \u00e0 Conakry. Il dirigera l\u2019\u00e9quipe nationale jusqu\u2019en 2027, avec pour mission de hisser le Syli National \u00e0 un nouveau niveau de performance. Le Syli National de Guin\u00e9e tient son nouvel homme fort. Le s\u00e9lectionneur portugais\u00a0Paulo Jorge Rebelo Duarte\u00a0a \u00e9t\u00e9 officiellement pr\u00e9sent\u00e9 \u00e0 la presse ce\u00a0mardi [&hellip;]<\/p>\n","protected":false},"author":2,"featured_media":4416,"comment_status":"open","ping_status":"open","sticky":false,"template":"","format":"standard","meta":{"_jetpack_memberships_contains_paid_content":false,"footnotes":"","jetpack_publicize_message":"","jetpack_publicize_feature_enabled":true,"jetpack_social_post_already_shared":true,"jetpack_social_options":{"image_generator_settings":{"template":"highway","default_image_id":0,"font":"","enabled":false},"version":2}},"categories":[24,34],"tags":[524],"class_list":{"0":"post-4415","1":"post","2":"type-post","3":"status-publish","4":"format-standard","5":"has-post-thumbnail","7":"category-news","8":"category-sport","9":"tag-sily-national-de-guinee"},"jetpack_publicize_connections":[],"jetpack_featured_media_url":"https:\/\/ledenonciateur224.com\/wp-content\/uploads\/2025\/08\/fb-img-1755025127072.jpg","jetpack_sharing_enabled":true,"_links":{"self":[{"href":"https:\/\/ledenonciateur224.com\/index.php\/wp-json\/wp\/v2\/posts\/4415","targetHints":{"allow":["GET"]}}],"collection":[{"href":"https:\/\/ledenonciateur224.com\/index.php\/wp-json\/wp\/v2\/posts"}],"about":[{"href":"https:\/\/ledenonciateur224.com\/index.php\/wp-json\/wp\/v2\/types\/post"}],"author":[{"embeddable":true,"href":"https:\/\/ledenonciateur224.com\/index.php\/wp-json\/wp\/v2\/users\/2"}],"replies":[{"embeddable":true,"href":"https:\/\/ledenonciateur224.com\/index.php\/wp-json\/wp\/v2\/comments?post=4415"}],"version-history":[{"count":0,"href":"https:\/\/ledenonciateur224.com\/index.php\/wp-json\/wp\/v2\/posts\/4415\/revisions"}],"wp:featuredmedia":[{"embeddable":true,"href":"https:\/\/ledenonciateur224.com\/index.php\/wp-json\/wp\/v2\/media\/4416"}],"wp:attachment":[{"href":"https:\/\/ledenonciateur224.com\/index.php\/wp-json\/wp\/v2\/media?parent=4415"}],"wp:term":[{"taxonomy":"category","embeddable":true,"href":"https:\/\/ledenonciateur224.com\/index.php\/wp-json\/wp\/v2\/categories?post=4415"},{"taxonomy":"post_tag","embeddable":true,"href":"https:\/\/ledenonciateur224.com\/index.php\/wp-json\/wp\/v2\/tags?post=4415"}],"curies":[{"name":"wp","href":"https:\/\/api.w.org\/{rel}","templated":true}]}}