{"id":4436,"date":"2025-08-13T13:39:44","date_gmt":"2025-08-13T13:39:44","guid":{"rendered":"https:\/\/ledenonciateur224.com\/?p=4436"},"modified":"2025-08-13T17:40:00","modified_gmt":"2025-08-13T17:40:00","slug":"vers-une-guinee-sans-pollution-un-nouveau-cap-pour-la-gestion-des-produits-chimiques","status":"publish","type":"post","link":"https:\/\/ledenonciateur224.com\/index.php\/vers-une-guinee-sans-pollution-un-nouveau-cap-pour-la-gestion-des-produits-chimiques\/","title":{"rendered":"Vers une Guin\u00e9e sans pollution : Un nouveau cap pour la gestion des produits chimiques"},"content":{"rendered":"<h4><strong>Un projet ambitieux pour renforcer la synergie entre les grandes conventions environnementales internationales et impulser une action nationale coh\u00e9rente et durable.<\/strong><\/h4>\n<p>Le Conseil National de Gestion des Produits et Substances Chimiques a lanc\u00e9 mercredi 13 ao\u00fbt, un vaste projet ax\u00e9 sur la\u00a0<strong>synergie environnementale<\/strong>\u00a0entre quatre grandes conventions internationales :\u00a0<strong>B\u00e2le, Rotterdam, Stockholm et Minamata<\/strong>, ainsi que le\u00a0<strong>cadre mondial sur les produits chimiques (GFC)<\/strong>.<\/p>\n<p><img loading=\"lazy\" decoding=\"async\" class=\"alignnone size-full wp-image-4438\" src=\"https:\/\/ledenonciateur224.com\/wp-content\/uploads\/2025\/08\/20250813-103345-scaled.jpg\" alt=\"\" width=\"2560\" height=\"1152\" srcset=\"https:\/\/ledenonciateur224.com\/wp-content\/uploads\/2025\/08\/20250813-103345-scaled.jpg 2560w, https:\/\/ledenonciateur224.com\/wp-content\/uploads\/2025\/08\/20250813-103345-300x135.jpg 300w, https:\/\/ledenonciateur224.com\/wp-content\/uploads\/2025\/08\/20250813-103345-1024x461.jpg 1024w, https:\/\/ledenonciateur224.com\/wp-content\/uploads\/2025\/08\/20250813-103345-768x346.jpg 768w, https:\/\/ledenonciateur224.com\/wp-content\/uploads\/2025\/08\/20250813-103345-1536x691.jpg 1536w, https:\/\/ledenonciateur224.com\/wp-content\/uploads\/2025\/08\/20250813-103345-2048x922.jpg 2048w, https:\/\/ledenonciateur224.com\/wp-content\/uploads\/2025\/08\/20250813-103345-150x68.jpg 150w, https:\/\/ledenonciateur224.com\/wp-content\/uploads\/2025\/08\/20250813-103345-696x313.jpg 696w, https:\/\/ledenonciateur224.com\/wp-content\/uploads\/2025\/08\/20250813-103345-1068x481.jpg 1068w, https:\/\/ledenonciateur224.com\/wp-content\/uploads\/2025\/08\/20250813-103345-1920x864.jpg 1920w, https:\/\/ledenonciateur224.com\/wp-content\/uploads\/2025\/08\/20250813-103345-933x420.jpg 933w\" sizes=\"auto, (max-width: 2560px) 100vw, 2560px\" \/><\/p>\n<p>Ce projet, intitul\u00e9\u00a0<em>\u00ab Renforcement des capacit\u00e9s institutionnelles pour l\u2019am\u00e9lioration et la mise en \u0153uvre de la synergie entre les conventions internationales et le GFC \u00bb<\/em>, vise \u00e0\u00a0<strong>consolider les efforts nationaux<\/strong>\u00a0en mati\u00e8re de\u00a0<strong>gestion rationnelle des produits chimiques et des d\u00e9chets dangereux<\/strong>, tout en prot\u00e9geant la sant\u00e9 humaine et l\u2019environnement.<\/p>\n<h3><strong>F\u00e9lix Herzog<\/strong>, repr\u00e9sentant du Programme des Nations Unies pour l\u2019Environnement (PNUE), a soulign\u00e9 l\u2019importance de ce projet, qui\u00a0<strong>vise \u00e0 \u00e9tablir des r\u00e9glementations solides, \u00e0 renforcer la formation des acteurs de terrain, et \u00e0 cr\u00e9er une r\u00e9elle synergie entre les conventions<\/strong>\u00a0:<em>\u00ab Le succ\u00e8s de ce projet d\u00e9pendra de l\u2019effort collectif. Il marque le d\u00e9but d\u2019une collaboration qui requiert l\u2019implication active de toutes les institutions concern\u00e9es, pour contribuer au d\u00e9veloppement durable et \u00e0 une Guin\u00e9e sans pollution. \u00bb<\/em><\/h3>\n<p><img loading=\"lazy\" decoding=\"async\" class=\"alignnone size-full wp-image-4439\" src=\"https:\/\/ledenonciateur224.com\/wp-content\/uploads\/2025\/08\/20250813-110032-scaled.jpg\" alt=\"\" width=\"2560\" height=\"1152\" srcset=\"https:\/\/ledenonciateur224.com\/wp-content\/uploads\/2025\/08\/20250813-110032-scaled.jpg 2560w, https:\/\/ledenonciateur224.com\/wp-content\/uploads\/2025\/08\/20250813-110032-300x135.jpg 300w, https:\/\/ledenonciateur224.com\/wp-content\/uploads\/2025\/08\/20250813-110032-1024x461.jpg 1024w, https:\/\/ledenonciateur224.com\/wp-content\/uploads\/2025\/08\/20250813-110032-768x346.jpg 768w, https:\/\/ledenonciateur224.com\/wp-content\/uploads\/2025\/08\/20250813-110032-1536x691.jpg 1536w, https:\/\/ledenonciateur224.com\/wp-content\/uploads\/2025\/08\/20250813-110032-2048x922.jpg 2048w, https:\/\/ledenonciateur224.com\/wp-content\/uploads\/2025\/08\/20250813-110032-150x68.jpg 150w, https:\/\/ledenonciateur224.com\/wp-content\/uploads\/2025\/08\/20250813-110032-696x313.jpg 696w, https:\/\/ledenonciateur224.com\/wp-content\/uploads\/2025\/08\/20250813-110032-1068x481.jpg 1068w, https:\/\/ledenonciateur224.com\/wp-content\/uploads\/2025\/08\/20250813-110032-1920x864.jpg 1920w, https:\/\/ledenonciateur224.com\/wp-content\/uploads\/2025\/08\/20250813-110032-933x420.jpg 933w\" sizes=\"auto, (max-width: 2560px) 100vw, 2560px\" \/><\/p>\n<p><strong>Bangaly Dioumessy<\/strong>, coordinateur du projet, a retrac\u00e9 l\u2019\u00e9volution des conventions, n\u00e9es successivement avec des objectifs proches. Il d\u00e9plore la\u00a0<strong>dispersion des efforts<\/strong>\u00a0et les\u00a0<strong>d\u00e9doublements de t\u00e2ches<\/strong>\u00a0dans leur mise en \u0153uvre :<em>\u00ab On a compris que les plans d\u2019action de ces conventions visaient souvent les m\u00eames cibles : sensibilisation, formation, gestion des d\u00e9chets\u2026 Il fallait donc les regrouper pour maximiser l\u2019impact et \u00e9conomiser les ressources. \u00bb<\/em><\/p>\n<p>C\u2019est ainsi qu\u2019un\u00a0<strong>secr\u00e9tariat de la synergie<\/strong>\u00a0a \u00e9t\u00e9 cr\u00e9\u00e9 au niveau international. Mais dans les pays comme la Guin\u00e9e, cette coordination reste \u00e0 construire sur le plan local.<\/p>\n<p>Le projet lanc\u00e9 en Guin\u00e9e pr\u00e9voit plusieurs mesures op\u00e9rationnelles :<\/p>\n<ol>\n<li><strong>R\u00e9vision r\u00e9glementaire<\/strong>\u00a0: Un juriste sera recrut\u00e9 pour analyser les textes existants, identifier les lacunes et proposer une r\u00e9glementation sp\u00e9cifique \u00e0 la synergie des conventions.<\/li>\n<li><strong>Renforcement des capacit\u00e9s<\/strong>\u00a0: Tous les acteurs \u2013 Conseil national, points focaux, services de contr\u00f4le \u2013 seront form\u00e9s pour harmoniser les actions.<\/li>\n<li><strong>Cr\u00e9ation d\u2019une base de donn\u00e9es nationale<\/strong>\u00a0: Accessible aux op\u00e9rateurs, elle recensera les produits chimiques et les d\u00e9chets pr\u00e9sents dans le pays.<\/li>\n<li><strong>\u00c9laboration d\u2019un plan d\u2019action pour les d\u00e9chets dangereux<\/strong>\u00a0: Objectif : diff\u00e9rencier clairement les types de d\u00e9chets (hospitaliers, industriels, urbains) et am\u00e9liorer leur traitement.<\/li>\n<\/ol>\n<h3><\/h3>\n<p>En toile de fond, l\u2019ambition est claire :\u00a0<strong>mobiliser les parties prenantes, mutualiser les ressources, et instaurer un cadre d\u2019action coh\u00e9rent et int\u00e9gr\u00e9<\/strong>.<em>\u00ab Il ne s\u2019agit plus d\u2019agir en silo. Tous les points focaux doivent d\u00e9sormais regarder dans la m\u00eame direction pour permettre une mise en \u0153uvre efficace et durable des engagements internationaux \u00bb,<\/em>\u00a0conclut M. Dioumessy.<\/p>\n<p><img loading=\"lazy\" decoding=\"async\" class=\"alignnone size-full wp-image-4440\" src=\"https:\/\/ledenonciateur224.com\/wp-content\/uploads\/2025\/08\/20250813-100255-scaled.jpg\" alt=\"\" width=\"2560\" height=\"1152\" srcset=\"https:\/\/ledenonciateur224.com\/wp-content\/uploads\/2025\/08\/20250813-100255-scaled.jpg 2560w, https:\/\/ledenonciateur224.com\/wp-content\/uploads\/2025\/08\/20250813-100255-300x135.jpg 300w, https:\/\/ledenonciateur224.com\/wp-content\/uploads\/2025\/08\/20250813-100255-1024x461.jpg 1024w, https:\/\/ledenonciateur224.com\/wp-content\/uploads\/2025\/08\/20250813-100255-768x346.jpg 768w, https:\/\/ledenonciateur224.com\/wp-content\/uploads\/2025\/08\/20250813-100255-1536x691.jpg 1536w, https:\/\/ledenonciateur224.com\/wp-content\/uploads\/2025\/08\/20250813-100255-2048x922.jpg 2048w, https:\/\/ledenonciateur224.com\/wp-content\/uploads\/2025\/08\/20250813-100255-150x68.jpg 150w, https:\/\/ledenonciateur224.com\/wp-content\/uploads\/2025\/08\/20250813-100255-696x313.jpg 696w, https:\/\/ledenonciateur224.com\/wp-content\/uploads\/2025\/08\/20250813-100255-1068x481.jpg 1068w, https:\/\/ledenonciateur224.com\/wp-content\/uploads\/2025\/08\/20250813-100255-1920x864.jpg 1920w, https:\/\/ledenonciateur224.com\/wp-content\/uploads\/2025\/08\/20250813-100255-933x420.jpg 933w\" sizes=\"auto, (max-width: 2560px) 100vw, 2560px\" \/><\/p>\n<p>Repr\u00e9sentant la Ministre de l\u2019Environnement et du D\u00e9veloppement Durable,\u00a0<strong>Dr Diao Bald\u00e9<\/strong>, chef de cabinet, a mis en lumi\u00e8re les\u00a0<strong>enjeux strat\u00e9giques<\/strong>\u00a0de cette initiative pour la Guin\u00e9e :<em>\u00ab Ces conventions apportent chacune un cadre fondamental pour la r\u00e9duction des risques li\u00e9s aux produits chimiques et aux d\u00e9chets dangereux. Mais leur mise en \u0153uvre fragment\u00e9e cr\u00e9e des obstacles, tant institutionnels que financiers. \u00bb<\/em><\/p>\n<h3><\/h3>\n<p>Le projet lanc\u00e9 s\u2019\u00e9tale sur\u00a0<strong>trois ans<\/strong>. Il a pour ambition d\u2019<strong>harmoniser les actions<\/strong>, d\u2019<strong>optimiser les ressources<\/strong>, et surtout de\u00a0<strong>renforcer les capacit\u00e9s nationales<\/strong>\u00a0pour une gestion efficace, durable et conforme aux engagements internationaux.<\/p>\n<p>Parmi ses\u00a0<strong>objectifs majeurs<\/strong>\u00a0:<\/p>\n<ul>\n<li><strong>Renforcer les capacit\u00e9s institutionnelles et techniques<\/strong>\u00a0pour une meilleure gestion des produits chimiques et des d\u00e9chets dangereux ;<\/li>\n<li><strong>Am\u00e9liorer la mise en \u0153uvre des conventions<\/strong>\u00a0\u00e0 travers une approche int\u00e9gr\u00e9e et coh\u00e9rente ;<\/li>\n<li><strong>Encourager le partage d\u2019informations et de bonnes pratiques<\/strong>\u00a0entre tous les acteurs concern\u00e9s ;<\/li>\n<li><strong>Impliquer activement<\/strong>\u00a0l\u2019ensemble des parties prenantes : pouvoirs publics, secteur priv\u00e9, soci\u00e9t\u00e9 civile, communaut\u00e9s locales ;<\/li>\n<li><strong>Promouvoir une gestion responsable<\/strong>, respectueuse de la sant\u00e9 humaine et de l\u2019environnement.<\/li>\n<\/ul>\n<h3><em>\u00ab Ce projet appelle \u00e0 la prise de conscience collective. Chacun, \u00e0 son niveau, doit mesurer l\u2019ampleur des d\u00e9fis li\u00e9s aux produits chimiques dans notre pays \u00bb,<\/em>\u00a0a insist\u00e9 Dr Bald\u00e9, invitant les participants \u00e0 faire preuve de\u00a0<strong>d\u00e9termination, d\u2019esprit collaboratif et d\u2019engagement concret<\/strong>\u00a0tout au long de la mise en \u0153uvre du projet.<\/h3>\n<p>En rassemblant les \u00e9nergies autour d\u2019un objectif commun \u2014\u00a0<strong>un avenir plus s\u00fbr, plus sain et durable pour tous<\/strong>\u00a0\u2014, la Guin\u00e9e montre sa volont\u00e9 de ne plus subir les effets des pollutions chimiques, mais d\u2019y r\u00e9pondre par une\u00a0<strong>gouvernance proactive, structur\u00e9e et solidaire<\/strong>.<\/p>\n<p>&nbsp;<\/p>\n<p>Aboubacar Moussa Camara<\/p>\n<p>&nbsp;<\/p>\n<p>622 42 41 87<\/p>\n","protected":false},"excerpt":{"rendered":"<p>Un projet ambitieux pour renforcer la synergie entre les grandes conventions environnementales internationales et impulser une action nationale coh\u00e9rente et durable. Le Conseil National de Gestion des Produits et Substances Chimiques a lanc\u00e9 mercredi 13 ao\u00fbt, un vaste projet ax\u00e9 sur la\u00a0synergie environnementale\u00a0entre quatre grandes conventions internationales :\u00a0B\u00e2le, Rotterdam, Stockholm et Minamata, ainsi que le\u00a0cadre [&hellip;]<\/p>\n","protected":false},"author":2,"featured_media":4437,"comment_status":"open","ping_status":"open","sticky":false,"template":"","format":"standard","meta":{"_jetpack_memberships_contains_paid_content":false,"footnotes":"","jetpack_publicize_message":"","jetpack_publicize_feature_enabled":true,"jetpack_social_post_already_shared":true,"jetpack_social_options":{"image_generator_settings":{"template":"highway","default_image_id":0,"font":"","enabled":false},"version":2}},"categories":[30,24],"tags":[1070,1068,1069],"class_list":{"0":"post-4436","1":"post","2":"type-post","3":"status-publish","4":"format-standard","5":"has-post-thumbnail","7":"category-faits-divers","8":"category-news","9":"tag-dechets-dangereux","10":"tag-synergie","11":"tag-environnementales"},"jetpack_publicize_connections":[],"jetpack_featured_media_url":"https:\/\/ledenonciateur224.com\/wp-content\/uploads\/2025\/08\/20250813-103317-scaled.jpg","jetpack_sharing_enabled":true,"_links":{"self":[{"href":"https:\/\/ledenonciateur224.com\/index.php\/wp-json\/wp\/v2\/posts\/4436","targetHints":{"allow":["GET"]}}],"collection":[{"href":"https:\/\/ledenonciateur224.com\/index.php\/wp-json\/wp\/v2\/posts"}],"about":[{"href":"https:\/\/ledenonciateur224.com\/index.php\/wp-json\/wp\/v2\/types\/post"}],"author":[{"embeddable":true,"href":"https:\/\/ledenonciateur224.com\/index.php\/wp-json\/wp\/v2\/users\/2"}],"replies":[{"embeddable":true,"href":"https:\/\/ledenonciateur224.com\/index.php\/wp-json\/wp\/v2\/comments?post=4436"}],"version-history":[{"count":0,"href":"https:\/\/ledenonciateur224.com\/index.php\/wp-json\/wp\/v2\/posts\/4436\/revisions"}],"wp:featuredmedia":[{"embeddable":true,"href":"https:\/\/ledenonciateur224.com\/index.php\/wp-json\/wp\/v2\/media\/4437"}],"wp:attachment":[{"href":"https:\/\/ledenonciateur224.com\/index.php\/wp-json\/wp\/v2\/media?parent=4436"}],"wp:term":[{"taxonomy":"category","embeddable":true,"href":"https:\/\/ledenonciateur224.com\/index.php\/wp-json\/wp\/v2\/categories?post=4436"},{"taxonomy":"post_tag","embeddable":true,"href":"https:\/\/ledenonciateur224.com\/index.php\/wp-json\/wp\/v2\/tags?post=4436"}],"curies":[{"name":"wp","href":"https:\/\/api.w.org\/{rel}","templated":true}]}}