{"id":4442,"date":"2025-08-13T15:53:47","date_gmt":"2025-08-13T15:53:47","guid":{"rendered":"https:\/\/ledenonciateur224.com\/?p=4442"},"modified":"2025-08-13T15:53:47","modified_gmt":"2025-08-13T15:53:47","slug":"fin-de-la-synergie-gmd25-cheick-traore-acte-la-dissolution-de-lorganisation-et-ecarte-makanera-kake","status":"publish","type":"post","link":"https:\/\/ledenonciateur224.com\/index.php\/fin-de-la-synergie-gmd25-cheick-traore-acte-la-dissolution-de-lorganisation-et-ecarte-makanera-kake\/","title":{"rendered":"Fin de la Synergie GMD25 : Cheick Traor\u00e9 acte la dissolution de l\u2019organisation et \u00e9carte Makanera Kak\u00e9"},"content":{"rendered":"<h4><strong>Tensions internes, guerre de leadership et d\u00e9saccords de l\u00e9gitimit\u00e9 aboutissent \u00e0 la fusion de la Synergie GMD25 dans l\u2019AFP. Makanera \u00e9cart\u00e9, Traor\u00e9 prend le contr\u00f4le.<\/strong><\/h4>\n<p><strong>Conakry \u2013 13 ao\u00fbt 2025.<\/strong>\u00a0Ce qui \u00e9tait pr\u00e9visible depuis plusieurs semaines s\u2019est confirm\u00e9 :\u00a0<strong>la Synergie GMD25 n\u2019existe plus<\/strong>. Lors d\u2019une c\u00e9r\u00e9monie officielle \u00e0 la Maison de la presse,\u00a0<strong>Cheick Traor\u00e9<\/strong>, secr\u00e9taire ex\u00e9cutif de l\u2019organisation, a annonc\u00e9 sa\u00a0<strong>dissolution pure et simple<\/strong>, en m\u00eame temps que son\u00a0<strong>int\u00e9gration dans l\u2019Alliance des Forces Patriotiques (AFP)<\/strong>. Une d\u00e9cision qui\u00a0<strong>met fin au leadership d\u2019Alhoussein Makanera Kak\u00e9<\/strong>, coordinateur contest\u00e9, d\u00e9sormais \u00e9cart\u00e9.<em>\u00ab Il \u00e9tait une fois la Synergie GMD25. C\u2019est termin\u00e9. Le si\u00e8ge est maintenant \u00e0 Matoto \u00bb,<\/em>\u00a0a d\u00e9clar\u00e9 Cheick Traor\u00e9 dans une atmosph\u00e8re tendue.<\/p>\n<h3><\/h3>\n<p>Le bras de fer entre Cheick Traor\u00e9 et Alhoussein Makanera Kak\u00e9, en toile de fond depuis plusieurs mois, a atteint son point de non-retour.\u00a0<strong>Questions de l\u00e9gitimit\u00e9, querelles de repr\u00e9sentativit\u00e9, communication parall\u00e8le<\/strong>\u00a0: les deux figures se sont livr\u00e9es \u00e0 une lutte de pouvoir de plus en plus publique, \u00e0 travers communiqu\u00e9s, conf\u00e9rences et r\u00e9seaux sociaux.<\/p>\n<p>Interrog\u00e9 par la presse sur cette rivalit\u00e9, Traor\u00e9 a s\u00e8chement tranch\u00e9 :<em>\u00ab La conf\u00e9rence de Makanera n\u2019avait rien \u00e0 voir avec la Synergie. Aucun membre n\u2019y \u00e9tait. Regardez cette salle, les fondateurs et les 12 F\u00e9d\u00e9rations de Conakry sont ici. \u00bb<\/em><em>\u00ab Moi, je ne fais pas de d\u00e9bat de caniveau \u00bb,<\/em>\u00a0a-t-il ajout\u00e9, excluant tout terrain de n\u00e9gociation.<\/p>\n<h3><\/h3>\n<p>La dissolution de la Synergie survient alors m\u00eame que Makanera Kak\u00e9 est en\u00a0<strong>tourn\u00e9e en Guin\u00e9e Foresti\u00e8re<\/strong>, dans le cadre de la\u00a0<strong>vulgarisation de la Nouvelle Constitution<\/strong>, ce qui alimente des interrogations sur le\u00a0<strong>choix du moment<\/strong>\u00a0pour acter cette rupture.<\/p>\n<p>Du c\u00f4t\u00e9 de l\u2019AFP,\u00a0<strong>Aboubacar Soumah<\/strong>, coordinateur g\u00e9n\u00e9ral, soutient pleinement l\u2019initiative de Cheick Traor\u00e9 :<em>\u00ab On ne peut pas faire alliance avec ceux qui cherchent \u00e0 nous distraire. Nous avons un combat noble, des objectifs clairs. Il sera men\u00e9 jusqu\u2019au bout. \u00bb<\/em><\/p>\n<h3><\/h3>\n<p>Malgr\u00e9 la tension, Cheick Traor\u00e9 a tenu \u00e0\u00a0<strong>adopter un ton plus conciliant \u00e0 l\u2019\u00e9gard de son ex-collaborateur<\/strong>, affirmant que :<em>\u00ab Makanera est un fr\u00e8re et un ami. \u00bb<\/em><\/p>\n<p>Mais sur le fond, le constat est sans appel : la Synergie GMD25\u00a0<strong>n\u2019est plus qu\u2019un souvenir<\/strong>, absorb\u00e9e par l\u2019AFP, mettant fin \u00e0 une aventure politique\u00a0<strong>min\u00e9e par les luttes intestines<\/strong>.<\/p>\n<p>&nbsp;<\/p>\n<p>Ledenonciateur224.com<\/p>\n","protected":false},"excerpt":{"rendered":"<p>Tensions internes, guerre de leadership et d\u00e9saccords de l\u00e9gitimit\u00e9 aboutissent \u00e0 la fusion de la Synergie GMD25 dans l\u2019AFP. Makanera \u00e9cart\u00e9, Traor\u00e9 prend le contr\u00f4le. Conakry \u2013 13 ao\u00fbt 2025.\u00a0Ce qui \u00e9tait pr\u00e9visible depuis plusieurs semaines s\u2019est confirm\u00e9 :\u00a0la Synergie GMD25 n\u2019existe plus. Lors d\u2019une c\u00e9r\u00e9monie officielle \u00e0 la Maison de la presse,\u00a0Cheick Traor\u00e9, secr\u00e9taire [&hellip;]<\/p>\n","protected":false},"author":2,"featured_media":4237,"comment_status":"open","ping_status":"open","sticky":false,"template":"","format":"standard","meta":{"_jetpack_memberships_contains_paid_content":false,"footnotes":"","jetpack_publicize_message":"","jetpack_publicize_feature_enabled":true,"jetpack_social_post_already_shared":true,"jetpack_social_options":{"image_generator_settings":{"template":"highway","default_image_id":0,"font":"","enabled":false},"version":2}},"categories":[24,27],"tags":[1035,149],"class_list":{"0":"post-4442","1":"post","2":"type-post","3":"status-publish","4":"format-standard","5":"has-post-thumbnail","7":"category-news","8":"category-politique","9":"tag-synergie-gmd25","10":"tag-makanera-kake"},"jetpack_publicize_connections":[],"jetpack_featured_media_url":"https:\/\/ledenonciateur224.com\/wp-content\/uploads\/2025\/08\/20250802-204920-scaled.jpg","jetpack_sharing_enabled":true,"_links":{"self":[{"href":"https:\/\/ledenonciateur224.com\/index.php\/wp-json\/wp\/v2\/posts\/4442","targetHints":{"allow":["GET"]}}],"collection":[{"href":"https:\/\/ledenonciateur224.com\/index.php\/wp-json\/wp\/v2\/posts"}],"about":[{"href":"https:\/\/ledenonciateur224.com\/index.php\/wp-json\/wp\/v2\/types\/post"}],"author":[{"embeddable":true,"href":"https:\/\/ledenonciateur224.com\/index.php\/wp-json\/wp\/v2\/users\/2"}],"replies":[{"embeddable":true,"href":"https:\/\/ledenonciateur224.com\/index.php\/wp-json\/wp\/v2\/comments?post=4442"}],"version-history":[{"count":0,"href":"https:\/\/ledenonciateur224.com\/index.php\/wp-json\/wp\/v2\/posts\/4442\/revisions"}],"wp:featuredmedia":[{"embeddable":true,"href":"https:\/\/ledenonciateur224.com\/index.php\/wp-json\/wp\/v2\/media\/4237"}],"wp:attachment":[{"href":"https:\/\/ledenonciateur224.com\/index.php\/wp-json\/wp\/v2\/media?parent=4442"}],"wp:term":[{"taxonomy":"category","embeddable":true,"href":"https:\/\/ledenonciateur224.com\/index.php\/wp-json\/wp\/v2\/categories?post=4442"},{"taxonomy":"post_tag","embeddable":true,"href":"https:\/\/ledenonciateur224.com\/index.php\/wp-json\/wp\/v2\/tags?post=4442"}],"curies":[{"name":"wp","href":"https:\/\/api.w.org\/{rel}","templated":true}]}}