{"id":4464,"date":"2025-08-14T19:10:26","date_gmt":"2025-08-14T19:10:26","guid":{"rendered":"https:\/\/ledenonciateur224.com\/?p=4464"},"modified":"2025-08-14T19:10:26","modified_gmt":"2025-08-14T19:10:26","slug":"journalistes-pour-la-refondation-un-nouveau-souffle-mediatique-en-guinee","status":"publish","type":"post","link":"https:\/\/ledenonciateur224.com\/index.php\/journalistes-pour-la-refondation-un-nouveau-souffle-mediatique-en-guinee\/","title":{"rendered":"Journalistes pour la refondation : un nouveau souffle m\u00e9diatique en Guin\u00e9e"},"content":{"rendered":"<div dir=\"auto\">\n<p>&nbsp;<\/p>\n<\/div>\n<h4>Un nouveau collectif de journalistes voit le jour \u00e0 Conakry pour accompagner la transition et renforcer l\u2019unit\u00e9 nationale<\/h4>\n<p>Le paysage m\u00e9diatique guin\u00e9en s\u2019enrichit d\u2019un nouvel acteur engag\u00e9 : le\u00a0<strong>Collectif des journalistes pour la r\u00e9ussite de la refondation (CJ2R)<\/strong>. Lanc\u00e9 officiellement ce jeudi dans les locaux du porte-parolat du gouvernement, en pr\u00e9sence de plusieurs personnalit\u00e9s dont\u00a0<strong>Souleymane Bah<\/strong>, secr\u00e9taire g\u00e9n\u00e9ral du minist\u00e8re de l\u2019Information et de la Communication, ce collectif se donne pour mission de soutenir la vision de refondation nationale en Guin\u00e9e.<\/p>\n<p>Selon son coordinateur,\u00a0<strong>Ibrahima Kon\u00e9<\/strong>, le CJ2R ambitionne de transformer la presse en un v\u00e9ritable levier de paix, de coh\u00e9sion sociale et de d\u00e9veloppement durable. \u00ab\u202f<strong>Nous voulons promouvoir une information juste, impartiale et utile, tout en d\u00e9fendant les valeurs r\u00e9publicaines<\/strong>\u202f\u00bb, a-t-il d\u00e9clar\u00e9. Pour le collectif, informer, c\u2019est aussi contribuer \u00e0 \u00e9clairer les citoyens et \u00e0 renforcer le vivre-ensemble.<\/p>\n<h3><\/h3>\n<p>Le CJ2R entend devenir\u00a0<strong>un mod\u00e8le de rigueur, d\u2019\u00e9thique et de professionnalisme<\/strong>\u00a0pour les journalistes guin\u00e9ens. \u00ab\u202fLa presse peut jouer un r\u00f4le central dans la stabilit\u00e9 du pays. Elle doit \u00eatre un vecteur de dialogue et de responsabilit\u00e9 citoyenne\u202f\u00bb, a soulign\u00e9 Ibrahima Kon\u00e9.<\/p>\n<p>Apportant son soutien \u00e0 l\u2019initiative,\u00a0<strong>Souleymane Bah<\/strong>\u00a0a salu\u00e9 l\u2019engagement des journalistes et rappel\u00e9 leur r\u00f4le crucial dans la pr\u00e9servation de la paix. Il a \u00e9galement insist\u00e9 sur la n\u00e9cessit\u00e9 pour les hommes de m\u00e9dias d\u2019agir avec responsabilit\u00e9, rigueur et patriotisme.<\/p>\n<p>Ledenonciateur224.com<\/p>\n","protected":false},"excerpt":{"rendered":"<p>&nbsp; Un nouveau collectif de journalistes voit le jour \u00e0 Conakry pour accompagner la transition et renforcer l\u2019unit\u00e9 nationale Le paysage m\u00e9diatique guin\u00e9en s\u2019enrichit d\u2019un nouvel acteur engag\u00e9 : le\u00a0Collectif des journalistes pour la r\u00e9ussite de la refondation (CJ2R). Lanc\u00e9 officiellement ce jeudi dans les locaux du porte-parolat du gouvernement, en pr\u00e9sence de plusieurs personnalit\u00e9s [&hellip;]<\/p>\n","protected":false},"author":2,"featured_media":4465,"comment_status":"open","ping_status":"open","sticky":false,"template":"","format":"standard","meta":{"_jetpack_memberships_contains_paid_content":false,"footnotes":"","jetpack_publicize_message":"","jetpack_publicize_feature_enabled":true,"jetpack_social_post_already_shared":true,"jetpack_social_options":{"image_generator_settings":{"template":"highway","default_image_id":0,"font":"","enabled":false},"version":2}},"categories":[30,24],"tags":[735,1073],"class_list":{"0":"post-4464","1":"post","2":"type-post","3":"status-publish","4":"format-standard","5":"has-post-thumbnail","7":"category-faits-divers","8":"category-news","9":"tag-journalistes-guinee","10":"tag-refondation"},"jetpack_publicize_connections":[],"jetpack_featured_media_url":"https:\/\/ledenonciateur224.com\/wp-content\/uploads\/2025\/08\/fb-img-1755197924247.jpg","jetpack_sharing_enabled":true,"_links":{"self":[{"href":"https:\/\/ledenonciateur224.com\/index.php\/wp-json\/wp\/v2\/posts\/4464","targetHints":{"allow":["GET"]}}],"collection":[{"href":"https:\/\/ledenonciateur224.com\/index.php\/wp-json\/wp\/v2\/posts"}],"about":[{"href":"https:\/\/ledenonciateur224.com\/index.php\/wp-json\/wp\/v2\/types\/post"}],"author":[{"embeddable":true,"href":"https:\/\/ledenonciateur224.com\/index.php\/wp-json\/wp\/v2\/users\/2"}],"replies":[{"embeddable":true,"href":"https:\/\/ledenonciateur224.com\/index.php\/wp-json\/wp\/v2\/comments?post=4464"}],"version-history":[{"count":0,"href":"https:\/\/ledenonciateur224.com\/index.php\/wp-json\/wp\/v2\/posts\/4464\/revisions"}],"wp:featuredmedia":[{"embeddable":true,"href":"https:\/\/ledenonciateur224.com\/index.php\/wp-json\/wp\/v2\/media\/4465"}],"wp:attachment":[{"href":"https:\/\/ledenonciateur224.com\/index.php\/wp-json\/wp\/v2\/media?parent=4464"}],"wp:term":[{"taxonomy":"category","embeddable":true,"href":"https:\/\/ledenonciateur224.com\/index.php\/wp-json\/wp\/v2\/categories?post=4464"},{"taxonomy":"post_tag","embeddable":true,"href":"https:\/\/ledenonciateur224.com\/index.php\/wp-json\/wp\/v2\/tags?post=4464"}],"curies":[{"name":"wp","href":"https:\/\/api.w.org\/{rel}","templated":true}]}}