{"id":4467,"date":"2025-08-15T08:15:20","date_gmt":"2025-08-15T08:15:20","guid":{"rendered":"https:\/\/ledenonciateur224.com\/?p=4467"},"modified":"2025-08-15T08:15:20","modified_gmt":"2025-08-15T08:15:20","slug":"takana-zion-fait-vibrer-conakry-un-festival-panafricain-au-coeur-du-combat-culturel","status":"publish","type":"post","link":"https:\/\/ledenonciateur224.com\/index.php\/takana-zion-fait-vibrer-conakry-un-festival-panafricain-au-coeur-du-combat-culturel\/","title":{"rendered":"Takana Zion fait vibrer Conakry : un festival panafricain au c\u0153ur du combat culturel"},"content":{"rendered":"<h4><strong>Entre reggae, hip-hop et identit\u00e9 africaine, l\u2019artiste guin\u00e9en f\u00e9d\u00e8re les continents autour d\u2019un message de paix, d\u2019unit\u00e9 et de m\u00e9moire partag\u00e9e.<\/strong><\/h4>\n<p>Connu pour son engagement panafricain et sa musique militante,\u00a0<strong>Takana Zion<\/strong>, de son vrai nom\u00a0<strong>Mohamed Mouctar Soumah<\/strong>, continue d\u2019\u00e9largir l\u2019horizon de la sc\u00e8ne musicale africaine. Porte-\u00e9tendard d\u2019une g\u00e9n\u00e9ration consciente et visionnaire, il prend les r\u00eanes d\u2019un nouveau projet culturel d\u2019envergure : un\u00a0<strong>festival musical panafricain<\/strong>, lanc\u00e9 sous la banni\u00e8re de sa maison de production\u00a0<strong>Kanamacina Records<\/strong>. Un \u00e9v\u00e9nement ambitieux qui promet de faire de\u00a0<strong>Conakry<\/strong>\u00a0l\u2019\u00e9picentre d\u2019un dialogue artistique entre l\u2019Afrique et sa diaspora.<\/p>\n<p>Bien plus qu\u2019un simple rendez-vous musical, ce festival s\u2019inscrit dans une d\u00e9marche profond\u00e9ment engag\u00e9e. Il se veut un espace d\u2019expression, de\u00a0<strong>r\u00e9flexion collective<\/strong>\u00a0et de\u00a0<strong>r\u00e9conciliation m\u00e9morielle<\/strong>, port\u00e9 par des valeurs fortes :\u00a0<strong>paix, justice, unit\u00e9, souverainet\u00e9<\/strong>\u00a0et\u00a0<strong>m\u00e9moire partag\u00e9e<\/strong>. \u00c0 travers cette initiative, Takana Zion entend faire de la musique un\u00a0<strong>outil de conscientisation<\/strong>, un\u00a0<strong>pont culturel entre les peuples afro-descendants<\/strong>\u00a0dispers\u00e9s \u00e0 travers le monde.<\/p>\n<p>La premi\u00e8re journ\u00e9e du festival, pr\u00e9vue pour le\u00a0<strong>vendredi 5 septembre<\/strong>, se tiendra dans le cadre prestigieux du\u00a0<strong>Radisson Blu Hotel<\/strong>. Dans une ambiance feutr\u00e9e et exclusive, des\u00a0<strong>concerts priv\u00e9s<\/strong>\u00a0mettront en lumi\u00e8re la richesse et la diversit\u00e9 de la sc\u00e8ne guin\u00e9enne. Un moment privil\u00e9gi\u00e9, r\u00e9serv\u00e9 aux initi\u00e9s et aux amateurs \u00e9clair\u00e9s.<\/p>\n<p>Le lendemain,\u00a0<strong>samedi 6 septembre<\/strong>, la f\u00eate s\u2019ouvrira au grand public avec un\u00a0<strong>concert monumental sur l\u2019esplanade du Palais du Peuple<\/strong>. Une sc\u00e8ne ouverte, o\u00f9 se croiseront les sonorit\u00e9s du continent et de la diaspora. D\u00e9j\u00e0 annonc\u00e9s,\u00a0<strong>Warrior King<\/strong>, figure embl\u00e9matique du reggae jama\u00efcain, et\u00a0<strong>Didier Awadi<\/strong>, pionnier du rap engag\u00e9 s\u00e9n\u00e9galais, s\u2019appr\u00eatent \u00e0 \u00e9lectriser les foules. Ce m\u00e9lange explosif de\u00a0<strong>reggae<\/strong>, de\u00a0<strong>hip-hop<\/strong>\u00a0et de\u00a0<strong>rythmes africains<\/strong>\u00a0incarne l\u2019esprit m\u00eame du festival : un\u00a0<strong>brassage culturel et militant<\/strong>, r\u00e9solument tourn\u00e9 vers l\u2019avenir.<\/p>\n<p>La programmation compl\u00e8te, encore tenue partiellement secr\u00e8te, sera d\u00e9voil\u00e9e au fil des jours, promettant d\u2019autres surprises de taille et des collaborations in\u00e9dites.<\/p>\n<p>Avec ce festival, Takana Zion ne se contente pas de faire danser les foules. Il\u00a0<strong>pose les fondations d\u2019un mouvement<\/strong>,\u00a0<strong>construit une passerelle entre les continents<\/strong>\u00a0et s\u2019affirme comme un\u00a0<strong>acteur majeur du renouveau culturel africain<\/strong>. Conakry s\u2019appr\u00eate \u00e0 vibrer au rythme d\u2019un message universel, port\u00e9 par des artistes engag\u00e9s, rassembl\u00e9s autour d\u2019une m\u00eame vision : celle d\u2019un monde plus juste, plus conscient, et profond\u00e9ment ancr\u00e9 dans ses racines africaines.<\/p>\n<p>&nbsp;<\/p>\n<p>&nbsp;<\/p>\n<p>Ledenonciateur224.com<\/p>\n","protected":false},"excerpt":{"rendered":"<p>Entre reggae, hip-hop et identit\u00e9 africaine, l\u2019artiste guin\u00e9en f\u00e9d\u00e8re les continents autour d\u2019un message de paix, d\u2019unit\u00e9 et de m\u00e9moire partag\u00e9e. Connu pour son engagement panafricain et sa musique militante,\u00a0Takana Zion, de son vrai nom\u00a0Mohamed Mouctar Soumah, continue d\u2019\u00e9largir l\u2019horizon de la sc\u00e8ne musicale africaine. Porte-\u00e9tendard d\u2019une g\u00e9n\u00e9ration consciente et visionnaire, il prend les r\u00eanes [&hellip;]<\/p>\n","protected":false},"author":2,"featured_media":4468,"comment_status":"open","ping_status":"open","sticky":false,"template":"","format":"standard","meta":{"_jetpack_memberships_contains_paid_content":false,"footnotes":"","jetpack_publicize_message":"","jetpack_publicize_feature_enabled":true,"jetpack_social_post_already_shared":true,"jetpack_social_options":{"image_generator_settings":{"template":"highway","default_image_id":0,"font":"","enabled":false},"version":2}},"categories":[25,28,24],"tags":[1074],"class_list":{"0":"post-4467","1":"post","2":"type-post","3":"status-publish","4":"format-standard","5":"has-post-thumbnail","7":"category-annonce","8":"category-culture","9":"category-news","10":"tag-takana-zion"},"jetpack_publicize_connections":[],"jetpack_featured_media_url":"https:\/\/ledenonciateur224.com\/wp-content\/uploads\/2025\/08\/20-juillet-takana-zion-salle-de-presse-500-x-500-px-en-salle.jpg","jetpack_sharing_enabled":true,"_links":{"self":[{"href":"https:\/\/ledenonciateur224.com\/index.php\/wp-json\/wp\/v2\/posts\/4467","targetHints":{"allow":["GET"]}}],"collection":[{"href":"https:\/\/ledenonciateur224.com\/index.php\/wp-json\/wp\/v2\/posts"}],"about":[{"href":"https:\/\/ledenonciateur224.com\/index.php\/wp-json\/wp\/v2\/types\/post"}],"author":[{"embeddable":true,"href":"https:\/\/ledenonciateur224.com\/index.php\/wp-json\/wp\/v2\/users\/2"}],"replies":[{"embeddable":true,"href":"https:\/\/ledenonciateur224.com\/index.php\/wp-json\/wp\/v2\/comments?post=4467"}],"version-history":[{"count":0,"href":"https:\/\/ledenonciateur224.com\/index.php\/wp-json\/wp\/v2\/posts\/4467\/revisions"}],"wp:featuredmedia":[{"embeddable":true,"href":"https:\/\/ledenonciateur224.com\/index.php\/wp-json\/wp\/v2\/media\/4468"}],"wp:attachment":[{"href":"https:\/\/ledenonciateur224.com\/index.php\/wp-json\/wp\/v2\/media?parent=4467"}],"wp:term":[{"taxonomy":"category","embeddable":true,"href":"https:\/\/ledenonciateur224.com\/index.php\/wp-json\/wp\/v2\/categories?post=4467"},{"taxonomy":"post_tag","embeddable":true,"href":"https:\/\/ledenonciateur224.com\/index.php\/wp-json\/wp\/v2\/tags?post=4467"}],"curies":[{"name":"wp","href":"https:\/\/api.w.org\/{rel}","templated":true}]}}