{"id":4499,"date":"2025-08-17T08:45:15","date_gmt":"2025-08-17T08:45:15","guid":{"rendered":"https:\/\/ledenonciateur224.com\/?p=4499"},"modified":"2025-08-17T08:46:59","modified_gmt":"2025-08-17T08:46:59","slug":"proces-du-28-septembre-bah-oury-reverse-son-indemnisation-aux-plus-demunis","status":"publish","type":"post","link":"https:\/\/ledenonciateur224.com\/index.php\/proces-du-28-septembre-bah-oury-reverse-son-indemnisation-aux-plus-demunis\/","title":{"rendered":"Proc\u00e8s du 28 septembre : Bah Oury reverse son indemnisation aux plus d\u00e9munis"},"content":{"rendered":"<p>Reconnu victime des \u00e9v\u00e9nements tragiques de 2009, le Premier ministre guin\u00e9en transforme sa r\u00e9paration financi\u00e8re en un acte de m\u00e9moire et de solidarit\u00e9.<\/p>\n<p>Depuis le 13 avril 2025, l\u2019\u00c9tat guin\u00e9en a enclench\u00e9 le processus tant attendu d\u2019indemnisation des victimes du massacre du 28 septembre 2009. Cette initiative, salu\u00e9e comme un\u00a0<strong>tournant historique<\/strong>\u00a0dans la reconnaissance des droits des victimes, a d\u00e9j\u00e0 permis \u00e0 plusieurs d\u2019entre elles de recevoir les compensations pr\u00e9vues par la justice.<\/p>\n<p>Parmi les b\u00e9n\u00e9ficiaires figure une personnalit\u00e9 inattendue :\u00a0<strong>Amadou Oury Bah<\/strong>, actuel Premier ministre. Interrog\u00e9 ce samedi 16 ao\u00fbt par le journal\u00a0<em>Le Punch<\/em>, il a r\u00e9v\u00e9l\u00e9 avoir re\u00e7u\u00a0<strong>200 millions de francs guin\u00e9ens<\/strong>, montant fix\u00e9 pour chaque cas reconnu de\u00a0<strong>torture ou de coups et blessures volontaires<\/strong>.<\/p>\n<p><em>\u00ab On n\u2019aurait jamais imagin\u00e9 que des victimes seraient un jour d\u00e9dommag\u00e9es. Et dans ce cadre, en tant que victime \u2014 entre guillemets, parce que moi, je suis vivant, sans s\u00e9quelles graves \u2014 j\u2019ai re\u00e7u une indemnisation \u00bb,<\/em>\u00a0a confi\u00e9 le chef du gouvernement.<\/p>\n<p>Mais plut\u00f4t que de conserver cette somme \u00e0 titre personnel,\u00a0<strong>Bah Oury a choisi de la redistribuer \u00e0 des causes caritatives<\/strong>, dans un geste de foi, de m\u00e9moire et de responsabilit\u00e9 sociale.<\/p>\n<h3><strong>Une r\u00e9partition solidaire et symbolique<\/strong><\/h3>\n<p>Voici comment le Premier ministre entend allouer cette indemnisation :<\/p>\n<ul>\n<li><strong>\u00bc (un quart)<\/strong>\u00a0sera destin\u00e9 aux\u00a0<strong>\u00e9glises et mosqu\u00e9es<\/strong>, pour organiser des pri\u00e8res \u00e0 la m\u00e9moire des victimes du 28 septembre.<\/li>\n<li><strong>\u00bc<\/strong>\u00a0ira \u00e0\u00a0<strong>deux orphelinats<\/strong>, en soutien aux enfants sans famille.<\/li>\n<li><strong>\u00bc<\/strong>\u00a0sera remis aux\u00a0<strong>S\u0153urs Jocelyne<\/strong>, une organisation bas\u00e9e \u00e0\u00a0<strong>Macenta<\/strong>, reconnue pour son engagement dans la\u00a0<strong>formation professionnelle des jeunes filles<\/strong>.<\/li>\n<li>Le dernier\u00a0<strong>\u00bc<\/strong>, bien que non pr\u00e9cis\u00e9 en d\u00e9tail, s\u2019inscrira dans la m\u00eame dynamique de\u00a0<strong>solidarit\u00e9 sociale et communautaire<\/strong>.<\/li>\n<\/ul>\n<p>Par ce geste,\u00a0<strong>Bah Oury entend transformer une r\u00e9paration individuelle en un devoir de m\u00e9moire collectif<\/strong>, mais aussi en un levier de soutien aux plus vuln\u00e9rables.<em>\u00ab C\u2019est une mani\u00e8re de rendre hommage aux v\u00e9ritables victimes, celles qui vivent encore avec les s\u00e9quelles physiques et psychologiques de ce drame \u00bb,<\/em>\u00a0a-t-il d\u00e9clar\u00e9.<\/p>\n<p>Le geste du Premier ministre donne un\u00a0<strong>visage humain et responsable<\/strong>\u00a0\u00e0 une d\u00e9marche judiciaire longtemps attendue. Il rappelle \u00e9galement que, derri\u00e8re chaque d\u00e9cision de justice, il y a une histoire, une souffrance et une m\u00e9moire \u00e0 pr\u00e9server.<\/p>\n<p>&nbsp;<\/p>\n<p>&nbsp;<\/p>\n<p>Ledenonciateur224.com<\/p>\n","protected":false},"excerpt":{"rendered":"<p>Reconnu victime des \u00e9v\u00e9nements tragiques de 2009, le Premier ministre guin\u00e9en transforme sa r\u00e9paration financi\u00e8re en un acte de m\u00e9moire et de solidarit\u00e9. Depuis le 13 avril 2025, l\u2019\u00c9tat guin\u00e9en a enclench\u00e9 le processus tant attendu d\u2019indemnisation des victimes du massacre du 28 septembre 2009. Cette initiative, salu\u00e9e comme un\u00a0tournant historique\u00a0dans la reconnaissance des droits [&hellip;]<\/p>\n","protected":false},"author":2,"featured_media":4500,"comment_status":"open","ping_status":"open","sticky":false,"template":"","format":"standard","meta":{"_jetpack_memberships_contains_paid_content":false,"footnotes":"","jetpack_publicize_message":"","jetpack_publicize_feature_enabled":true,"jetpack_social_post_already_shared":true,"jetpack_social_options":{"image_generator_settings":{"template":"highway","default_image_id":0,"font":"","enabled":false},"version":2}},"categories":[30,24],"tags":[561,734],"class_list":{"0":"post-4499","1":"post","2":"type-post","3":"status-publish","4":"format-standard","5":"has-post-thumbnail","7":"category-faits-divers","8":"category-news","9":"tag-proces-du-massacre","10":"tag-proces-28-septembre"},"jetpack_publicize_connections":[],"jetpack_featured_media_url":"https:\/\/ledenonciateur224.com\/wp-content\/uploads\/2025\/08\/amadou-oury-bah.jpg","jetpack_sharing_enabled":true,"_links":{"self":[{"href":"https:\/\/ledenonciateur224.com\/index.php\/wp-json\/wp\/v2\/posts\/4499","targetHints":{"allow":["GET"]}}],"collection":[{"href":"https:\/\/ledenonciateur224.com\/index.php\/wp-json\/wp\/v2\/posts"}],"about":[{"href":"https:\/\/ledenonciateur224.com\/index.php\/wp-json\/wp\/v2\/types\/post"}],"author":[{"embeddable":true,"href":"https:\/\/ledenonciateur224.com\/index.php\/wp-json\/wp\/v2\/users\/2"}],"replies":[{"embeddable":true,"href":"https:\/\/ledenonciateur224.com\/index.php\/wp-json\/wp\/v2\/comments?post=4499"}],"version-history":[{"count":0,"href":"https:\/\/ledenonciateur224.com\/index.php\/wp-json\/wp\/v2\/posts\/4499\/revisions"}],"wp:featuredmedia":[{"embeddable":true,"href":"https:\/\/ledenonciateur224.com\/index.php\/wp-json\/wp\/v2\/media\/4500"}],"wp:attachment":[{"href":"https:\/\/ledenonciateur224.com\/index.php\/wp-json\/wp\/v2\/media?parent=4499"}],"wp:term":[{"taxonomy":"category","embeddable":true,"href":"https:\/\/ledenonciateur224.com\/index.php\/wp-json\/wp\/v2\/categories?post=4499"},{"taxonomy":"post_tag","embeddable":true,"href":"https:\/\/ledenonciateur224.com\/index.php\/wp-json\/wp\/v2\/tags?post=4499"}],"curies":[{"name":"wp","href":"https:\/\/api.w.org\/{rel}","templated":true}]}}