{"id":4503,"date":"2025-08-17T08:56:29","date_gmt":"2025-08-17T08:56:29","guid":{"rendered":"https:\/\/ledenonciateur224.com\/?p=4503"},"modified":"2025-08-17T08:56:29","modified_gmt":"2025-08-17T08:56:29","slug":"depuis-lexil-cellou-dalein-diallo-promet-la-victoire-quand-la-fin-approche-la-lutte-devient-plus-dure","status":"publish","type":"post","link":"https:\/\/ledenonciateur224.com\/index.php\/depuis-lexil-cellou-dalein-diallo-promet-la-victoire-quand-la-fin-approche-la-lutte-devient-plus-dure\/","title":{"rendered":"Depuis l\u2019exil, Cellou Dalein Diallo promet la victoire : \u00ab\u00a0Quand la fin approche, la lutte devient plus dure\u00a0\u00bb"},"content":{"rendered":"<p>En visioconf\u00e9rence ce samedi 16 ao\u00fbt, le leader de l\u2019UFDG a galvanis\u00e9 ses partisans, d\u00e9nonc\u00e9 l\u2019intol\u00e9rance du r\u00e9gime actuel et r\u00e9affirm\u00e9 son engagement pour la d\u00e9mocratie et les libert\u00e9s.<\/p>\n<h3><\/h3>\n<p>Ce samedi 16 ao\u00fbt 2025, <strong>Cellou Dalein Diallo<\/strong>, pr\u00e9sident de l\u2019Union des Forces D\u00e9mocratiques de Guin\u00e9e (UFDG), a pris la parole depuis l\u2019exil lors d\u2019une <strong>visioconf\u00e9rence suivie par de nombreux militants<\/strong>. Exil\u00e9 depuis plus de trois ans, l\u2019ancien Premier ministre reste plus que jamais d\u00e9termin\u00e9, insufflant un <strong>\u00ab\u00a0vent d\u2019espoir\u00a0\u00bb<\/strong> et de <strong>\u00ab\u00a0r\u00e9sistance\u00a0\u00bb<\/strong> \u00e0 ses partisans.<em>\u00ab Nous allons gagner. Vous savez, lorsque la victoire approche, les conditions de la lutte deviennent difficiles \u00bb,<\/em> a-t-il lanc\u00e9, dans une d\u00e9claration qui sonne comme un avertissement au r\u00e9gime en place.<\/p>\n<h3><\/h3>\n<p>Reconnaissant les \u00e9preuves rencontr\u00e9es dans le combat politique, Cellou Dalein Diallo y voit <strong>le signe d\u2019un r\u00e9gime accul\u00e9<\/strong>, incapable de tol\u00e9rer l\u2019opposition :<em>\u00ab C\u2019est un r\u00e9gime intol\u00e9rant qu\u2019on a en face. Mais je reste convaincu que la victoire sera de notre c\u00f4t\u00e9. \u00bb<\/em><\/p>\n<p>\u00c0 quelques semaines des <strong>manifestations annonc\u00e9es \u00e0 partir du 5 septembre<\/strong>, le leader de l\u2019UFDG a tenu \u00e0 <strong>clarifier la ligne de son parti<\/strong>.<em>\u00ab Nous ne nous sommes oppos\u00e9s \u00e0 personne. Nous sommes oppos\u00e9s aux mauvaises pratiques liberticides. \u00bb<\/em><\/p>\n<p>Il a r\u00e9affirm\u00e9 les <strong>valeurs fondamentales<\/strong> qui fondent son engagement politique :<em>\u00ab Nous sommes pour la libert\u00e9 de la presse, la libert\u00e9 d\u2019opinion. Nous sommes pour le respect des droits des Guin\u00e9ens de choisir librement leurs dirigeants, que ce soit au niveau des communes, du parlement ou de l\u2019ex\u00e9cutif, \u00e0 travers des \u00e9lections libres et transparentes. \u00bb<\/em><\/p>\n<h3><\/h3>\n<p>Ce discours, loin d\u2019un simple rappel militant, s\u2019inscrit dans une strat\u00e9gie politique plus large : <strong>pr\u00e9parer l\u2019opinion publique, locale comme internationale<\/strong>, \u00e0 un retour sur la sc\u00e8ne politique guin\u00e9enne. En maintenant la pression depuis l\u2019ext\u00e9rieur, Cellou Dalein Diallo tente de <strong>mobiliser sa base<\/strong> tout en <strong>faisant barrage \u00e0 l\u2019essoufflement du mouvement d\u00e9mocratique<\/strong>.<\/p>\n<p>&nbsp;<\/p>\n<p>Ledenonciateur224.com<\/p>\n","protected":false},"excerpt":{"rendered":"<p>En visioconf\u00e9rence ce samedi 16 ao\u00fbt, le leader de l\u2019UFDG a galvanis\u00e9 ses partisans, d\u00e9nonc\u00e9 l\u2019intol\u00e9rance du r\u00e9gime actuel et r\u00e9affirm\u00e9 son engagement pour la d\u00e9mocratie et les libert\u00e9s. Ce samedi 16 ao\u00fbt 2025, Cellou Dalein Diallo, pr\u00e9sident de l\u2019Union des Forces D\u00e9mocratiques de Guin\u00e9e (UFDG), a pris la parole depuis l\u2019exil lors d\u2019une visioconf\u00e9rence [&hellip;]<\/p>\n","protected":false},"author":2,"featured_media":4361,"comment_status":"open","ping_status":"open","sticky":false,"template":"","format":"standard","meta":{"_jetpack_memberships_contains_paid_content":false,"footnotes":"","jetpack_publicize_message":"","jetpack_publicize_feature_enabled":true,"jetpack_social_post_already_shared":true,"jetpack_social_options":{"image_generator_settings":{"template":"highway","default_image_id":0,"font":"","enabled":false},"version":2}},"categories":[24,27],"tags":[702],"class_list":{"0":"post-4503","1":"post","2":"type-post","3":"status-publish","4":"format-standard","5":"has-post-thumbnail","7":"category-news","8":"category-politique","9":"tag-ufdg-cellou"},"jetpack_publicize_connections":[],"jetpack_featured_media_url":"https:\/\/ledenonciateur224.com\/wp-content\/uploads\/2025\/08\/cellou-dalein-diallo-africaguineecom-1.jpeg","jetpack_sharing_enabled":true,"_links":{"self":[{"href":"https:\/\/ledenonciateur224.com\/index.php\/wp-json\/wp\/v2\/posts\/4503","targetHints":{"allow":["GET"]}}],"collection":[{"href":"https:\/\/ledenonciateur224.com\/index.php\/wp-json\/wp\/v2\/posts"}],"about":[{"href":"https:\/\/ledenonciateur224.com\/index.php\/wp-json\/wp\/v2\/types\/post"}],"author":[{"embeddable":true,"href":"https:\/\/ledenonciateur224.com\/index.php\/wp-json\/wp\/v2\/users\/2"}],"replies":[{"embeddable":true,"href":"https:\/\/ledenonciateur224.com\/index.php\/wp-json\/wp\/v2\/comments?post=4503"}],"version-history":[{"count":0,"href":"https:\/\/ledenonciateur224.com\/index.php\/wp-json\/wp\/v2\/posts\/4503\/revisions"}],"wp:featuredmedia":[{"embeddable":true,"href":"https:\/\/ledenonciateur224.com\/index.php\/wp-json\/wp\/v2\/media\/4361"}],"wp:attachment":[{"href":"https:\/\/ledenonciateur224.com\/index.php\/wp-json\/wp\/v2\/media?parent=4503"}],"wp:term":[{"taxonomy":"category","embeddable":true,"href":"https:\/\/ledenonciateur224.com\/index.php\/wp-json\/wp\/v2\/categories?post=4503"},{"taxonomy":"post_tag","embeddable":true,"href":"https:\/\/ledenonciateur224.com\/index.php\/wp-json\/wp\/v2\/tags?post=4503"}],"curies":[{"name":"wp","href":"https:\/\/api.w.org\/{rel}","templated":true}]}}