{"id":4515,"date":"2025-08-18T20:17:13","date_gmt":"2025-08-18T20:17:13","guid":{"rendered":"https:\/\/ledenonciateur224.com\/?p=4515"},"modified":"2025-08-18T20:17:13","modified_gmt":"2025-08-18T20:17:13","slug":"ocem-renforce-ses-bases-des-leaders-pour-un-engagement-durable-dans-le-secteur-minier","status":"publish","type":"post","link":"https:\/\/ledenonciateur224.com\/index.php\/ocem-renforce-ses-bases-des-leaders-pour-un-engagement-durable-dans-le-secteur-minier\/","title":{"rendered":"OCEM renforce ses bases : des leaders pour un engagement durable dans le secteur minier"},"content":{"rendered":"<p>L&rsquo;Observatoire Communautaire de l&rsquo;Environnement Minier (OCEM) poursuit sa s\u00e9rie de formations en leadership et management pour\u00a0<strong>professionnaliser les actions sur le terrain<\/strong>.<\/p>\n<p>Ce cycle de formation interne a eu lieu ce\u00a0<strong>samedi 16 ao\u00fbt \u00e0 Cobayah<\/strong>, sous le th\u00e8me :\u00a0<strong>\u00ab Leadership et management des ONG \u00bb<\/strong>.<\/p>\n<p><img loading=\"lazy\" decoding=\"async\" class=\"alignnone size-full wp-image-4516\" src=\"https:\/\/ledenonciateur224.com\/wp-content\/uploads\/2025\/08\/20250816-161456-scaled.jpg\" alt=\"\" width=\"2560\" height=\"1152\" srcset=\"https:\/\/ledenonciateur224.com\/wp-content\/uploads\/2025\/08\/20250816-161456-scaled.jpg 2560w, https:\/\/ledenonciateur224.com\/wp-content\/uploads\/2025\/08\/20250816-161456-300x135.jpg 300w, https:\/\/ledenonciateur224.com\/wp-content\/uploads\/2025\/08\/20250816-161456-1024x461.jpg 1024w, https:\/\/ledenonciateur224.com\/wp-content\/uploads\/2025\/08\/20250816-161456-768x346.jpg 768w, https:\/\/ledenonciateur224.com\/wp-content\/uploads\/2025\/08\/20250816-161456-1536x691.jpg 1536w, https:\/\/ledenonciateur224.com\/wp-content\/uploads\/2025\/08\/20250816-161456-2048x922.jpg 2048w, https:\/\/ledenonciateur224.com\/wp-content\/uploads\/2025\/08\/20250816-161456-150x68.jpg 150w, https:\/\/ledenonciateur224.com\/wp-content\/uploads\/2025\/08\/20250816-161456-696x313.jpg 696w, https:\/\/ledenonciateur224.com\/wp-content\/uploads\/2025\/08\/20250816-161456-1068x481.jpg 1068w, https:\/\/ledenonciateur224.com\/wp-content\/uploads\/2025\/08\/20250816-161456-1920x864.jpg 1920w, https:\/\/ledenonciateur224.com\/wp-content\/uploads\/2025\/08\/20250816-161456-933x420.jpg 933w\" sizes=\"auto, (max-width: 2560px) 100vw, 2560px\" \/><\/p>\n<p>La pr\u00e9sidente de l&rsquo;OCEM,\u00a0<strong>Mme PEZET Fatoumata<\/strong>, a rappel\u00e9 l&rsquo;importance de cette initiative :<em>\u00ab Nous sommes une ONG naissante, et avant toute activit\u00e9 sur le terrain, il est indispensable d&rsquo;avoir une certaine base dans notre domaine d&rsquo;intervention. \u00bb<\/em><\/p>\n<p><img loading=\"lazy\" decoding=\"async\" class=\"alignnone size-full wp-image-4518\" src=\"https:\/\/ledenonciateur224.com\/wp-content\/uploads\/2025\/08\/20250816-150902-scaled.jpg\" alt=\"\" width=\"2560\" height=\"1152\" srcset=\"https:\/\/ledenonciateur224.com\/wp-content\/uploads\/2025\/08\/20250816-150902-scaled.jpg 2560w, https:\/\/ledenonciateur224.com\/wp-content\/uploads\/2025\/08\/20250816-150902-300x135.jpg 300w, https:\/\/ledenonciateur224.com\/wp-content\/uploads\/2025\/08\/20250816-150902-1024x461.jpg 1024w, https:\/\/ledenonciateur224.com\/wp-content\/uploads\/2025\/08\/20250816-150902-768x346.jpg 768w, https:\/\/ledenonciateur224.com\/wp-content\/uploads\/2025\/08\/20250816-150902-1536x691.jpg 1536w, https:\/\/ledenonciateur224.com\/wp-content\/uploads\/2025\/08\/20250816-150902-2048x922.jpg 2048w, https:\/\/ledenonciateur224.com\/wp-content\/uploads\/2025\/08\/20250816-150902-150x68.jpg 150w, https:\/\/ledenonciateur224.com\/wp-content\/uploads\/2025\/08\/20250816-150902-696x313.jpg 696w, https:\/\/ledenonciateur224.com\/wp-content\/uploads\/2025\/08\/20250816-150902-1068x481.jpg 1068w, https:\/\/ledenonciateur224.com\/wp-content\/uploads\/2025\/08\/20250816-150902-1920x864.jpg 1920w, https:\/\/ledenonciateur224.com\/wp-content\/uploads\/2025\/08\/20250816-150902-933x420.jpg 933w\" sizes=\"auto, (max-width: 2560px) 100vw, 2560px\" \/><\/p>\n<p>&nbsp;<\/p>\n<p>Selon elle, la formation constitue un socle essentiel pour garantir l&rsquo;efficacit\u00e9 de leurs actions :<em>\u00ab On ne peut pas aller vers les communaut\u00e9s sans \u00eatre nous-m\u00eames bien form\u00e9s. La formation est la base de toute activit\u00e9, qu\u2019elle soit professionnelle ou non. Elle permet d\u2019acqu\u00e9rir l&rsquo;exp\u00e9rience n\u00e9cessaire pour mieux communiquer et mieux intervenir. \u00bb<\/em><\/p>\n<p><img loading=\"lazy\" decoding=\"async\" class=\"alignnone size-full wp-image-4519\" src=\"https:\/\/ledenonciateur224.com\/wp-content\/uploads\/2025\/08\/20250816-162130-scaled.jpg\" alt=\"\" width=\"2560\" height=\"1152\" srcset=\"https:\/\/ledenonciateur224.com\/wp-content\/uploads\/2025\/08\/20250816-162130-scaled.jpg 2560w, https:\/\/ledenonciateur224.com\/wp-content\/uploads\/2025\/08\/20250816-162130-300x135.jpg 300w, https:\/\/ledenonciateur224.com\/wp-content\/uploads\/2025\/08\/20250816-162130-1024x461.jpg 1024w, https:\/\/ledenonciateur224.com\/wp-content\/uploads\/2025\/08\/20250816-162130-768x346.jpg 768w, https:\/\/ledenonciateur224.com\/wp-content\/uploads\/2025\/08\/20250816-162130-1536x691.jpg 1536w, https:\/\/ledenonciateur224.com\/wp-content\/uploads\/2025\/08\/20250816-162130-2048x922.jpg 2048w, https:\/\/ledenonciateur224.com\/wp-content\/uploads\/2025\/08\/20250816-162130-150x68.jpg 150w, https:\/\/ledenonciateur224.com\/wp-content\/uploads\/2025\/08\/20250816-162130-696x313.jpg 696w, https:\/\/ledenonciateur224.com\/wp-content\/uploads\/2025\/08\/20250816-162130-1068x481.jpg 1068w, https:\/\/ledenonciateur224.com\/wp-content\/uploads\/2025\/08\/20250816-162130-1920x864.jpg 1920w, https:\/\/ledenonciateur224.com\/wp-content\/uploads\/2025\/08\/20250816-162130-933x420.jpg 933w\" sizes=\"auto, (max-width: 2560px) 100vw, 2560px\" \/><\/p>\n<p>Le facilitateur de la session,\u00a0<strong>Mamadou Barry<\/strong>, consultant ind\u00e9pendant, a salu\u00e9 la d\u00e9marche proactive de l\u2019OCEM :<em>\u00ab Cette formation marque une \u00e9tape cruciale dans la structuration d\u2019une organisation de la soci\u00e9t\u00e9 civile. Une ONG, c\u2019est avant tout un groupe d\u2019acteurs capables de r\u00e9fl\u00e9chir, de critiquer et d\u2019apporter des solutions concr\u00e8tes. Si l\u2019OCEM s\u2019engage dans le renforcement des capacit\u00e9s, c\u2019est qu\u2019elle a une vision \u00e0 long terme. \u00bb<\/em><\/p>\n<p>Il a insist\u00e9 sur l\u2019importance de la\u00a0<strong>formation continue<\/strong>, m\u00eame pour les plus dipl\u00f4m\u00e9s :<em>\u00ab Ce n\u2019est pas parce qu\u2019on a un master ou une licence que l\u2019on ma\u00eetrise la soci\u00e9t\u00e9 civile. C\u2019est une \u00e9cole \u00e0 part enti\u00e8re. Il faut comprendre son fonctionnement, ses lois, ses m\u00e9canismes, et surtout, conna\u00eetre les instruments internationaux pour pouvoir agir efficacement en faveur du d\u00e9veloppement durable et des Objectifs de D\u00e9veloppement Durable (ODD). \u00bb<\/em><\/p>\n<p>En conclusion, Mamadou Barry a formul\u00e9 quelques recommandations \u00e0 l\u2019intention des membres de l\u2019ONG :<em>\u00ab Il faut du courage, de la pers\u00e9v\u00e9rance, et surtout rester motiv\u00e9. La soci\u00e9t\u00e9 civile n\u2019est pas un espace pour se faire de l\u2019argent ou r\u00e9gler des comptes. C\u2019est un levier puissant pour contribuer au d\u00e9veloppement durable du pays. Il faut aimer ce que l\u2019on fait, et toujours chercher \u00e0 ajouter une pierre \u00e0 l\u2019\u00e9difice national. \u00bb<\/em><\/p>\n<p>&nbsp;<\/p>\n<p>Aboubacar Moussa Camara<\/p>\n","protected":false},"excerpt":{"rendered":"<p>L&rsquo;Observatoire Communautaire de l&rsquo;Environnement Minier (OCEM) poursuit sa s\u00e9rie de formations en leadership et management pour\u00a0professionnaliser les actions sur le terrain. Ce cycle de formation interne a eu lieu ce\u00a0samedi 16 ao\u00fbt \u00e0 Cobayah, sous le th\u00e8me :\u00a0\u00ab Leadership et management des ONG \u00bb. La pr\u00e9sidente de l&rsquo;OCEM,\u00a0Mme PEZET Fatoumata, a rappel\u00e9 l&rsquo;importance de cette [&hellip;]<\/p>\n","protected":false},"author":2,"featured_media":4520,"comment_status":"open","ping_status":"open","sticky":false,"template":"","format":"standard","meta":{"_jetpack_memberships_contains_paid_content":false,"footnotes":"","jetpack_publicize_message":"","jetpack_publicize_feature_enabled":true,"jetpack_social_post_already_shared":true,"jetpack_social_options":{"image_generator_settings":{"template":"highway","default_image_id":0,"font":"","enabled":false},"version":2}},"categories":[30,24],"tags":[1080,1081],"class_list":{"0":"post-4515","1":"post","2":"type-post","3":"status-publish","4":"format-standard","5":"has-post-thumbnail","7":"category-faits-divers","8":"category-news","9":"tag-environnement","10":"tag-ong-minier"},"jetpack_publicize_connections":[],"jetpack_featured_media_url":"https:\/\/ledenonciateur224.com\/wp-content\/uploads\/2025\/08\/20250816-161541-scaled.jpg","jetpack_sharing_enabled":true,"_links":{"self":[{"href":"https:\/\/ledenonciateur224.com\/index.php\/wp-json\/wp\/v2\/posts\/4515","targetHints":{"allow":["GET"]}}],"collection":[{"href":"https:\/\/ledenonciateur224.com\/index.php\/wp-json\/wp\/v2\/posts"}],"about":[{"href":"https:\/\/ledenonciateur224.com\/index.php\/wp-json\/wp\/v2\/types\/post"}],"author":[{"embeddable":true,"href":"https:\/\/ledenonciateur224.com\/index.php\/wp-json\/wp\/v2\/users\/2"}],"replies":[{"embeddable":true,"href":"https:\/\/ledenonciateur224.com\/index.php\/wp-json\/wp\/v2\/comments?post=4515"}],"version-history":[{"count":0,"href":"https:\/\/ledenonciateur224.com\/index.php\/wp-json\/wp\/v2\/posts\/4515\/revisions"}],"wp:featuredmedia":[{"embeddable":true,"href":"https:\/\/ledenonciateur224.com\/index.php\/wp-json\/wp\/v2\/media\/4520"}],"wp:attachment":[{"href":"https:\/\/ledenonciateur224.com\/index.php\/wp-json\/wp\/v2\/media?parent=4515"}],"wp:term":[{"taxonomy":"category","embeddable":true,"href":"https:\/\/ledenonciateur224.com\/index.php\/wp-json\/wp\/v2\/categories?post=4515"},{"taxonomy":"post_tag","embeddable":true,"href":"https:\/\/ledenonciateur224.com\/index.php\/wp-json\/wp\/v2\/tags?post=4515"}],"curies":[{"name":"wp","href":"https:\/\/api.w.org\/{rel}","templated":true}]}}