{"id":4534,"date":"2025-08-19T13:05:44","date_gmt":"2025-08-19T13:05:44","guid":{"rendered":"https:\/\/ledenonciateur224.com\/?p=4534"},"modified":"2025-08-19T13:18:14","modified_gmt":"2025-08-19T13:18:14","slug":"chan-2025-delegation-guineenne-en-detresse-a-kampala-entre-hotels-evacues-et-primes-impayees","status":"publish","type":"post","link":"https:\/\/ledenonciateur224.com\/index.php\/chan-2025-delegation-guineenne-en-detresse-a-kampala-entre-hotels-evacues-et-primes-impayees\/","title":{"rendered":"CHAN 2025 : D\u00e9l\u00e9gation guin\u00e9enne en d\u00e9tresse \u00e0 Kampala, entre h\u00f4tels \u00e9vacu\u00e9s et primes impay\u00e9es"},"content":{"rendered":"<p><strong>\u00c9limin\u00e9e depuis vendredi dernier de la comp\u00e9tition, la d\u00e9l\u00e9gation guin\u00e9enne reste en grande partie bloqu\u00e9e \u00e0 Kampala, en Ouganda. Plusieurs de ses membres, dont des journalistes et d\u2019anciens internationaux, ont \u00e9t\u00e9 somm\u00e9s de quitter leurs h\u00f4tels, faute de moyens. Le silence du minist\u00e8re des Sports ajoute \u00e0 l\u2019inqui\u00e9tude.<\/strong><\/p>\n<p>C\u2019est un v\u00e9ritable coup dur pour certains membres de la d\u00e9l\u00e9gation guin\u00e9enne au Championnat d\u2019Afrique des Nations (CHAN), \u00e0 Kampala. Alors que l\u2019\u00e9quipe a \u00e9t\u00e9 \u00e9limin\u00e9e d\u00e8s le vendredi, une grande partie de la d\u00e9l\u00e9gation reste toujours sur place, sans visibilit\u00e9 claire sur son retour au pays.<\/p>\n<p><img loading=\"lazy\" decoding=\"async\" class=\"alignnone size-full wp-image-4535\" src=\"https:\/\/ledenonciateur224.com\/wp-content\/uploads\/2025\/08\/kampala-valises-guineens.jpg\" alt=\"\" width=\"700\" height=\"375\" srcset=\"https:\/\/ledenonciateur224.com\/wp-content\/uploads\/2025\/08\/kampala-valises-guineens.jpg 700w, https:\/\/ledenonciateur224.com\/wp-content\/uploads\/2025\/08\/kampala-valises-guineens-300x161.jpg 300w, https:\/\/ledenonciateur224.com\/wp-content\/uploads\/2025\/08\/kampala-valises-guineens-150x80.jpg 150w, https:\/\/ledenonciateur224.com\/wp-content\/uploads\/2025\/08\/kampala-valises-guineens-696x373.jpg 696w\" sizes=\"auto, (max-width: 700px) 100vw, 700px\" \/><\/p>\n<p>La situation a pris une tournure embarrassante ce mardi selon nos confr\u00e8res de Mosaiqueguinee.com, lorsque plusieurs membres ont \u00e9t\u00e9 somm\u00e9s de lib\u00e9rer leurs chambres d\u2019h\u00f4tel. Parmi les concern\u00e9s, on retrouve m\u00eame des journalistes log\u00e9s \u00e0 l\u2019h\u00f4tel Fairway, situ\u00e9 non loin de l\u2019h\u00f4tel Noom. Selon nos informations, cette d\u00e9cision a \u00e9t\u00e9 prise en raison du non-paiement des frais d\u2019h\u00e9bergement.<\/p>\n<p>Mais ce n\u2019est pas tout : d\u2019apr\u00e8s plusieurs sources concordantes, de nombreux membres de la d\u00e9l\u00e9gation n\u2019ont toujours pas per\u00e7u leurs indemnit\u00e9s ou primes. Un climat de frustration s\u2019installe.\u00ab Il y a quand m\u00eame des m\u00e9contentements dans les groupes, notamment \u00e0 cause des primes \u00bb, confie une source proche de la d\u00e9l\u00e9gation.<\/p>\n<h3><\/h3>\n<p>Heureusement, tous ne sont pas log\u00e9s dans la m\u00eame enceinte . Les journalistes guin\u00e9ens h\u00e9berg\u00e9s \u00e0 l\u2019h\u00f4tel Noom, par exemple, ne seraient pas concern\u00e9s par cette \u00e9vacuation. Le probl\u00e8me toucherait surtout des personnes venues au nom d\u2019un <strong>mouvement de soutien au pr\u00e9sident Mamadi Doumbouya<\/strong>, cens\u00e9es \u00eatre prises en charge par le minist\u00e8re du Budget.\u00ab Chez nous \u00e0 l\u2019h\u00f4tel Onomo, \u00e7a va pour le moment, en ce qui concerne la d\u00e9l\u00e9gation officielle amen\u00e9e par le minist\u00e8re des Sports. En revanche, ceux venus dans le cadre du mouvement de soutien ont \u00e9t\u00e9 rappel\u00e9s \u00e0 l\u2019ordre par les responsables de l\u2019h\u00f4tel. Un de leurs chefs multipliait les appels vers Conakry pour trouver une solution \u00bb, t\u00e9moigne un membre de la d\u00e9l\u00e9gation.<\/p>\n<p>Autre cas \u00e9voqu\u00e9 :\u00a0<strong>l\u2019h\u00f4tel Hilton de Kampala<\/strong>, o\u00f9 \u00e9taient log\u00e9s l\u2019ancien international Abdoul Salam Sow et le doyen Oumar Dieng. Eux aussi ont \u00e9t\u00e9 pri\u00e9s de quitter les lieux, selon plusieurs sources. \u00c0 l\u2019h\u00f4tel Fairway, les journalistes guin\u00e9ens ont \u00e9t\u00e9 contraints de plier bagages ce mardi matin pour \u00eatre relog\u00e9s ailleurs.\u00ab Moi je suis \u00e0 l\u2019h\u00f4tel Onomo avec le comit\u00e9 national des supporters, pour le moment on n\u2019a pas \u00e9t\u00e9 inqui\u00e9t\u00e9s. Mais il n\u2019y a aucune communication officielle du minist\u00e8re des Sports, et on ne sait toujours pas quand on rentre \u00bb, d\u00e9plore une autre source.<\/p>\n<h3><\/h3>\n<p>Malgr\u00e9 nos tentatives, aucune d\u00e9claration officielle n\u2019a pu \u00eatre obtenue du minist\u00e8re des Sports. Le mutisme des autorit\u00e9s sportives guin\u00e9ennes, alors que plusieurs compatriotes vivent une situation d\u00e9licate \u00e0 l\u2019\u00e9tranger, suscite interrogations et critiques.<\/p>\n<p>Alors que le CHAN est cens\u00e9 promouvoir le football local et renforcer les liens entre nations africaines, cet incident pourrait laisser une t\u00e2che sur l\u2019image de la d\u00e9l\u00e9gation guin\u00e9enne. Et surtout, poser de s\u00e9rieuses questions sur l\u2019organisation, la planification et la responsabilit\u00e9 des autorit\u00e9s sportives et budg\u00e9taires du pays.<\/p>\n<p>Ledenonciateur224.com<\/p>\n","protected":false},"excerpt":{"rendered":"<p>\u00c9limin\u00e9e depuis vendredi dernier de la comp\u00e9tition, la d\u00e9l\u00e9gation guin\u00e9enne reste en grande partie bloqu\u00e9e \u00e0 Kampala, en Ouganda. Plusieurs de ses membres, dont des journalistes et d\u2019anciens internationaux, ont \u00e9t\u00e9 somm\u00e9s de quitter leurs h\u00f4tels, faute de moyens. Le silence du minist\u00e8re des Sports ajoute \u00e0 l\u2019inqui\u00e9tude. C\u2019est un v\u00e9ritable coup dur pour certains [&hellip;]<\/p>\n","protected":false},"author":2,"featured_media":4535,"comment_status":"open","ping_status":"open","sticky":false,"template":"","format":"standard","meta":{"_jetpack_memberships_contains_paid_content":false,"footnotes":"","jetpack_publicize_message":"","jetpack_publicize_feature_enabled":true,"jetpack_social_post_already_shared":true,"jetpack_social_options":{"image_generator_settings":{"template":"highway","default_image_id":0,"font":"","enabled":false},"version":2}},"categories":[24,34],"tags":[1060],"class_list":{"0":"post-4534","1":"post","2":"type-post","3":"status-publish","4":"format-standard","5":"has-post-thumbnail","7":"category-news","8":"category-sport","9":"tag-syli-local"},"jetpack_publicize_connections":[],"jetpack_featured_media_url":"https:\/\/ledenonciateur224.com\/wp-content\/uploads\/2025\/08\/kampala-valises-guineens.jpg","jetpack_sharing_enabled":true,"_links":{"self":[{"href":"https:\/\/ledenonciateur224.com\/index.php\/wp-json\/wp\/v2\/posts\/4534","targetHints":{"allow":["GET"]}}],"collection":[{"href":"https:\/\/ledenonciateur224.com\/index.php\/wp-json\/wp\/v2\/posts"}],"about":[{"href":"https:\/\/ledenonciateur224.com\/index.php\/wp-json\/wp\/v2\/types\/post"}],"author":[{"embeddable":true,"href":"https:\/\/ledenonciateur224.com\/index.php\/wp-json\/wp\/v2\/users\/2"}],"replies":[{"embeddable":true,"href":"https:\/\/ledenonciateur224.com\/index.php\/wp-json\/wp\/v2\/comments?post=4534"}],"version-history":[{"count":0,"href":"https:\/\/ledenonciateur224.com\/index.php\/wp-json\/wp\/v2\/posts\/4534\/revisions"}],"wp:featuredmedia":[{"embeddable":true,"href":"https:\/\/ledenonciateur224.com\/index.php\/wp-json\/wp\/v2\/media\/4535"}],"wp:attachment":[{"href":"https:\/\/ledenonciateur224.com\/index.php\/wp-json\/wp\/v2\/media?parent=4534"}],"wp:term":[{"taxonomy":"category","embeddable":true,"href":"https:\/\/ledenonciateur224.com\/index.php\/wp-json\/wp\/v2\/categories?post=4534"},{"taxonomy":"post_tag","embeddable":true,"href":"https:\/\/ledenonciateur224.com\/index.php\/wp-json\/wp\/v2\/tags?post=4534"}],"curies":[{"name":"wp","href":"https:\/\/api.w.org\/{rel}","templated":true}]}}