{"id":4539,"date":"2025-08-19T14:52:01","date_gmt":"2025-08-19T14:52:01","guid":{"rendered":"https:\/\/ledenonciateur224.com\/?p=4539"},"modified":"2025-08-19T14:57:35","modified_gmt":"2025-08-19T14:57:35","slug":"guinee-journee-de-la-photographie-le-message-fort-du-ministere-de-la-culture-et-de-lartisanat-pour-celebrer-lart-et-valoriser-les-talents-nationaux","status":"publish","type":"post","link":"https:\/\/ledenonciateur224.com\/index.php\/guinee-journee-de-la-photographie-le-message-fort-du-ministere-de-la-culture-et-de-lartisanat-pour-celebrer-lart-et-valoriser-les-talents-nationaux\/","title":{"rendered":"Guin\u00e9e \u2013 Journ\u00e9e de la Photographie : le message fort du Minist\u00e8re de la Culture et de l\u2019Artisanat pour c\u00e9l\u00e9brer l\u2019art et valoriser les talents nationaux"},"content":{"rendered":"<p>&nbsp;<\/p>\n<p>\u00a0\u00bb D\u00e9claration de Monsieur le Ministre de la Culture et de l\u2019Artisanat<\/p>\n<p>19 ao\u00fbt 2025<\/p>\n<p>Mesdames et Messieurs,<\/p>\n<p>Chers acteurs du monde de la photographie,<\/p>\n<p>C\u2019est avec un immense honneur que la R\u00e9publique de Guin\u00e9e s\u2019associe, en ce 19 ao\u00fbt, \u00e0 la communaut\u00e9 internationale pour c\u00e9l\u00e9brer la Journ\u00e9e mondiale de la photographie.<\/p>\n<p><img loading=\"lazy\" decoding=\"async\" class=\"alignnone size-full wp-image-4540\" src=\"https:\/\/ledenonciateur224.com\/wp-content\/uploads\/2025\/08\/fb-img-1755614659294.jpg\" alt=\"\" width=\"2048\" height=\"1124\" srcset=\"https:\/\/ledenonciateur224.com\/wp-content\/uploads\/2025\/08\/fb-img-1755614659294.jpg 2048w, https:\/\/ledenonciateur224.com\/wp-content\/uploads\/2025\/08\/fb-img-1755614659294-300x165.jpg 300w, https:\/\/ledenonciateur224.com\/wp-content\/uploads\/2025\/08\/fb-img-1755614659294-1024x562.jpg 1024w, https:\/\/ledenonciateur224.com\/wp-content\/uploads\/2025\/08\/fb-img-1755614659294-768x422.jpg 768w, https:\/\/ledenonciateur224.com\/wp-content\/uploads\/2025\/08\/fb-img-1755614659294-1536x843.jpg 1536w, https:\/\/ledenonciateur224.com\/wp-content\/uploads\/2025\/08\/fb-img-1755614659294-150x82.jpg 150w, https:\/\/ledenonciateur224.com\/wp-content\/uploads\/2025\/08\/fb-img-1755614659294-696x382.jpg 696w, https:\/\/ledenonciateur224.com\/wp-content\/uploads\/2025\/08\/fb-img-1755614659294-1068x586.jpg 1068w, https:\/\/ledenonciateur224.com\/wp-content\/uploads\/2025\/08\/fb-img-1755614659294-1920x1054.jpg 1920w, https:\/\/ledenonciateur224.com\/wp-content\/uploads\/2025\/08\/fb-img-1755614659294-765x420.jpg 765w\" sizes=\"auto, (max-width: 2048px) 100vw, 2048px\" \/><\/p>\n<p>Cette date n\u2019est pas seulement une comm\u00e9moration : elle est un rendez-vous avec la m\u00e9moire, l\u2019art et l\u2019histoire. Elle nous rappelle que la photographie est un langage universel, capable de transcender les fronti\u00e8res, d\u2019unir les peuples et de transmettre des \u00e9motions l\u00e0 o\u00f9 les mots parfois \u00e9chouent.<\/p>\n<p>Le th\u00e8me retenu cette ann\u00e9e, \u00ab Ma photo favorite \u00bb, illustre avec justesse la puissance de l\u2019image. Car une photographie n\u2019est jamais un simple souvenir fig\u00e9 : elle est une \u00e9motion intemporelle, un instant qui r\u00e9sume une \u00e9poque, une culture, un peuple. Elle est ce t\u00e9moin silencieux qui raconte nos victoires, nos luttes, nos r\u00eaves et notre identit\u00e9.<\/p>\n<p>Depuis les premi\u00e8res heures de notre ind\u00e9pendance, la Guin\u00e9e a reconnu l\u2019importance strat\u00e9gique de cet art. Des pionniers du Syli Cin\u00e9ma Photo aux photographes contemporains, des femmes et des hommes ont su immortaliser les grandes \u00e9tapes de notre histoire nationale. Leur travail constitue aujourd\u2019hui un patrimoine visuel inestimable, que nous avons le devoir de pr\u00e9server, de valoriser et d\u2019enrichir.<\/p>\n<p>\u00c0 pr\u00e9sent, alors que notre pays vit une profonde transformation sous l\u2019impulsion de Son Excellence le G\u00e9n\u00e9ral Mamadi Doumbouya, Pr\u00e9sident de la R\u00e9publique, vos images acqui\u00e8rent une dimension encore plus essentielle. Elles doivent t\u00e9moigner de ce nouvel \u00e9lan, magnifier la dignit\u00e9 et la force de notre peuple, et faire rayonner la Guin\u00e9e bien au-del\u00e0 de ses fronti\u00e8res.<\/p>\n<p>Dans cette perspective, le minist\u00e8re, \u00e0 travers l\u2019Office National du Cin\u00e9ma, de la Vid\u00e9o et de la Photographie (ONACIG), \u0153uvre avec ses partenaires \u00e0 structurer le secteur, \u00e0 former de nouveaux talents et \u00e0 mettre en place des m\u00e9canismes p\u00e9rennes de financement. L\u2019op\u00e9rationnalisation prochaine du Fonds de D\u00e9veloppement de l\u2019Industrie Cin\u00e9matographique (FODIC), ainsi que le lancement du projet WOFAMATO, qui constituera la premi\u00e8re base de donn\u00e9es photographique nationale, marquent des \u00e9tapes majeures de cette ambition collective.<\/p>\n<p>Chers Photographes,<\/p>\n<p><img loading=\"lazy\" decoding=\"async\" class=\"alignnone size-full wp-image-4541\" src=\"https:\/\/ledenonciateur224.com\/wp-content\/uploads\/2025\/08\/fb-img-1755614646615.jpg\" alt=\"\" width=\"1924\" height=\"2048\" srcset=\"https:\/\/ledenonciateur224.com\/wp-content\/uploads\/2025\/08\/fb-img-1755614646615.jpg 1924w, https:\/\/ledenonciateur224.com\/wp-content\/uploads\/2025\/08\/fb-img-1755614646615-282x300.jpg 282w, https:\/\/ledenonciateur224.com\/wp-content\/uploads\/2025\/08\/fb-img-1755614646615-962x1024.jpg 962w, https:\/\/ledenonciateur224.com\/wp-content\/uploads\/2025\/08\/fb-img-1755614646615-768x817.jpg 768w, https:\/\/ledenonciateur224.com\/wp-content\/uploads\/2025\/08\/fb-img-1755614646615-1443x1536.jpg 1443w, https:\/\/ledenonciateur224.com\/wp-content\/uploads\/2025\/08\/fb-img-1755614646615-150x160.jpg 150w, https:\/\/ledenonciateur224.com\/wp-content\/uploads\/2025\/08\/fb-img-1755614646615-300x319.jpg 300w, https:\/\/ledenonciateur224.com\/wp-content\/uploads\/2025\/08\/fb-img-1755614646615-696x741.jpg 696w, https:\/\/ledenonciateur224.com\/wp-content\/uploads\/2025\/08\/fb-img-1755614646615-1068x1137.jpg 1068w, https:\/\/ledenonciateur224.com\/wp-content\/uploads\/2025\/08\/fb-img-1755614646615-1920x2044.jpg 1920w, https:\/\/ledenonciateur224.com\/wp-content\/uploads\/2025\/08\/fb-img-1755614646615-395x420.jpg 395w\" sizes=\"auto, (max-width: 1924px) 100vw, 1924px\" \/><\/p>\n<p>Aujourd\u2019hui, je ne vous invite pas seulement \u00e0 capturer des images. Je vous appelle \u00e0 \u00e9crire l\u2019histoire visuelle de notre Nation, \u00e0 r\u00e9v\u00e9ler au monde la beaut\u00e9 et la dignit\u00e9 de la Guin\u00e9e. Que chaque photographie soit un t\u00e9moignage de v\u00e9rit\u00e9, un acte de m\u00e9moire et une d\u00e9claration d\u2019amour \u00e0 notre peuple.<\/p>\n<p>En ce 19 ao\u00fbt 2025, je d\u00e9clare officiellement ouverte la Journ\u00e9e mondiale de la photographie en R\u00e9publique de Guin\u00e9e.<\/p>\n<p>Vive la photographie !<\/p>\n<p>Vive la culture guin\u00e9enne !<\/p>\n<p>Vive la R\u00e9publique de Guin\u00e9e !<\/p>\n<p>Je vous remercie.\u00a0\u00bb.<\/p>\n","protected":false},"excerpt":{"rendered":"<p>&nbsp; \u00a0\u00bb D\u00e9claration de Monsieur le Ministre de la Culture et de l\u2019Artisanat 19 ao\u00fbt 2025 Mesdames et Messieurs, Chers acteurs du monde de la photographie, C\u2019est avec un immense honneur que la R\u00e9publique de Guin\u00e9e s\u2019associe, en ce 19 ao\u00fbt, \u00e0 la communaut\u00e9 internationale pour c\u00e9l\u00e9brer la Journ\u00e9e mondiale de la photographie. Cette date [&hellip;]<\/p>\n","protected":false},"author":2,"featured_media":4541,"comment_status":"open","ping_status":"open","sticky":false,"template":"","format":"standard","meta":{"_jetpack_memberships_contains_paid_content":false,"footnotes":"","jetpack_publicize_message":"","jetpack_publicize_feature_enabled":true,"jetpack_social_post_already_shared":true,"jetpack_social_options":{"image_generator_settings":{"template":"highway","default_image_id":0,"font":"","enabled":false},"version":2}},"categories":[28,24],"tags":[1085],"class_list":{"0":"post-4539","1":"post","2":"type-post","3":"status-publish","4":"format-standard","5":"has-post-thumbnail","7":"category-culture","8":"category-news","9":"tag-photographie"},"jetpack_publicize_connections":[],"jetpack_featured_media_url":"https:\/\/ledenonciateur224.com\/wp-content\/uploads\/2025\/08\/fb-img-1755614646615.jpg","jetpack_sharing_enabled":true,"_links":{"self":[{"href":"https:\/\/ledenonciateur224.com\/index.php\/wp-json\/wp\/v2\/posts\/4539","targetHints":{"allow":["GET"]}}],"collection":[{"href":"https:\/\/ledenonciateur224.com\/index.php\/wp-json\/wp\/v2\/posts"}],"about":[{"href":"https:\/\/ledenonciateur224.com\/index.php\/wp-json\/wp\/v2\/types\/post"}],"author":[{"embeddable":true,"href":"https:\/\/ledenonciateur224.com\/index.php\/wp-json\/wp\/v2\/users\/2"}],"replies":[{"embeddable":true,"href":"https:\/\/ledenonciateur224.com\/index.php\/wp-json\/wp\/v2\/comments?post=4539"}],"version-history":[{"count":0,"href":"https:\/\/ledenonciateur224.com\/index.php\/wp-json\/wp\/v2\/posts\/4539\/revisions"}],"wp:featuredmedia":[{"embeddable":true,"href":"https:\/\/ledenonciateur224.com\/index.php\/wp-json\/wp\/v2\/media\/4541"}],"wp:attachment":[{"href":"https:\/\/ledenonciateur224.com\/index.php\/wp-json\/wp\/v2\/media?parent=4539"}],"wp:term":[{"taxonomy":"category","embeddable":true,"href":"https:\/\/ledenonciateur224.com\/index.php\/wp-json\/wp\/v2\/categories?post=4539"},{"taxonomy":"post_tag","embeddable":true,"href":"https:\/\/ledenonciateur224.com\/index.php\/wp-json\/wp\/v2\/tags?post=4539"}],"curies":[{"name":"wp","href":"https:\/\/api.w.org\/{rel}","templated":true}]}}