{"id":4543,"date":"2025-08-19T15:12:02","date_gmt":"2025-08-19T15:12:02","guid":{"rendered":"https:\/\/ledenonciateur224.com\/?p=4543"},"modified":"2025-08-19T15:12:02","modified_gmt":"2025-08-19T15:12:02","slug":"synergie-gmd25-une-conference-de-presse-annoncee-pour-ce-mercredi-20-aout-a-la-miniere","status":"publish","type":"post","link":"https:\/\/ledenonciateur224.com\/index.php\/synergie-gmd25-une-conference-de-presse-annoncee-pour-ce-mercredi-20-aout-a-la-miniere\/","title":{"rendered":"Synergie GMD25 : une conf\u00e9rence de presse annonc\u00e9e pour ce mercredi 20 ao\u00fbt \u00e0 la Mini\u00e8re"},"content":{"rendered":"<p>La Synergie GMD25, sous la coordination de\u00a0<strong>Makan\u00e9ra Kak\u00e9<\/strong>, a publi\u00e9 un\u00a0<strong>communiqu\u00e9 majeur<\/strong>\u00a0annon\u00e7ant l&rsquo;organisation d&rsquo;une\u00a0<strong>conf\u00e9rence de presse<\/strong>\u00a0ce\u00a0<strong>mercredi 20 ao\u00fbt 2025<\/strong>, au\u00a0<strong>si\u00e8ge social du mouvement, situ\u00e9 \u00e0 la Mini\u00e8re<\/strong>. Cette initiative s\u2019inscrit dans une volont\u00e9 de\u00a0<strong>communiquer clairement ses positions<\/strong>, de\u00a0<strong>faire le point sur ses actions<\/strong>\u00a0r\u00e9centes, et de\u00a0<strong>partager sa vision pour les \u00e9ch\u00e9ances \u00e0 venir<\/strong>. Tous les m\u00e9dias et partenaires sont invit\u00e9s \u00e0 prendre part \u00e0 cet \u00e9change strat\u00e9gique qui s\u2019annonce d\u00e9terminant.<\/p>\n<p><img loading=\"lazy\" decoding=\"async\" class=\"alignnone size-full wp-image-4544\" src=\"https:\/\/ledenonciateur224.com\/wp-content\/uploads\/2025\/08\/fb-img-1755615767234.jpg\" alt=\"\" width=\"1200\" height=\"1884\" srcset=\"https:\/\/ledenonciateur224.com\/wp-content\/uploads\/2025\/08\/fb-img-1755615767234.jpg 1200w, https:\/\/ledenonciateur224.com\/wp-content\/uploads\/2025\/08\/fb-img-1755615767234-191x300.jpg 191w, https:\/\/ledenonciateur224.com\/wp-content\/uploads\/2025\/08\/fb-img-1755615767234-652x1024.jpg 652w, https:\/\/ledenonciateur224.com\/wp-content\/uploads\/2025\/08\/fb-img-1755615767234-768x1206.jpg 768w, https:\/\/ledenonciateur224.com\/wp-content\/uploads\/2025\/08\/fb-img-1755615767234-978x1536.jpg 978w, https:\/\/ledenonciateur224.com\/wp-content\/uploads\/2025\/08\/fb-img-1755615767234-150x236.jpg 150w, https:\/\/ledenonciateur224.com\/wp-content\/uploads\/2025\/08\/fb-img-1755615767234-300x471.jpg 300w, https:\/\/ledenonciateur224.com\/wp-content\/uploads\/2025\/08\/fb-img-1755615767234-696x1093.jpg 696w, https:\/\/ledenonciateur224.com\/wp-content\/uploads\/2025\/08\/fb-img-1755615767234-1068x1677.jpg 1068w, https:\/\/ledenonciateur224.com\/wp-content\/uploads\/2025\/08\/fb-img-1755615767234-268x420.jpg 268w\" sizes=\"auto, (max-width: 1200px) 100vw, 1200px\" \/><\/p>\n","protected":false},"excerpt":{"rendered":"<p>La Synergie GMD25, sous la coordination de\u00a0Makan\u00e9ra Kak\u00e9, a publi\u00e9 un\u00a0communiqu\u00e9 majeur\u00a0annon\u00e7ant l&rsquo;organisation d&rsquo;une\u00a0conf\u00e9rence de presse\u00a0ce\u00a0mercredi 20 ao\u00fbt 2025, au\u00a0si\u00e8ge social du mouvement, situ\u00e9 \u00e0 la Mini\u00e8re. Cette initiative s\u2019inscrit dans une volont\u00e9 de\u00a0communiquer clairement ses positions, de\u00a0faire le point sur ses actions\u00a0r\u00e9centes, et de\u00a0partager sa vision pour les \u00e9ch\u00e9ances \u00e0 venir. Tous les m\u00e9dias [&hellip;]<\/p>\n","protected":false},"author":2,"featured_media":4545,"comment_status":"open","ping_status":"open","sticky":false,"template":"","format":"standard","meta":{"_jetpack_memberships_contains_paid_content":false,"footnotes":"","jetpack_publicize_message":"","jetpack_publicize_feature_enabled":true,"jetpack_social_post_already_shared":true,"jetpack_social_options":{"image_generator_settings":{"template":"highway","default_image_id":0,"font":"","enabled":false},"version":2}},"categories":[24,27],"tags":[1035,149],"class_list":{"0":"post-4543","1":"post","2":"type-post","3":"status-publish","4":"format-standard","5":"has-post-thumbnail","7":"category-news","8":"category-politique","9":"tag-synergie-gmd25","10":"tag-makanera-kake"},"jetpack_publicize_connections":[],"jetpack_featured_media_url":"https:\/\/ledenonciateur224.com\/wp-content\/uploads\/2025\/08\/fb-img-1755615775010.jpg","jetpack_sharing_enabled":true,"_links":{"self":[{"href":"https:\/\/ledenonciateur224.com\/index.php\/wp-json\/wp\/v2\/posts\/4543","targetHints":{"allow":["GET"]}}],"collection":[{"href":"https:\/\/ledenonciateur224.com\/index.php\/wp-json\/wp\/v2\/posts"}],"about":[{"href":"https:\/\/ledenonciateur224.com\/index.php\/wp-json\/wp\/v2\/types\/post"}],"author":[{"embeddable":true,"href":"https:\/\/ledenonciateur224.com\/index.php\/wp-json\/wp\/v2\/users\/2"}],"replies":[{"embeddable":true,"href":"https:\/\/ledenonciateur224.com\/index.php\/wp-json\/wp\/v2\/comments?post=4543"}],"version-history":[{"count":0,"href":"https:\/\/ledenonciateur224.com\/index.php\/wp-json\/wp\/v2\/posts\/4543\/revisions"}],"wp:featuredmedia":[{"embeddable":true,"href":"https:\/\/ledenonciateur224.com\/index.php\/wp-json\/wp\/v2\/media\/4545"}],"wp:attachment":[{"href":"https:\/\/ledenonciateur224.com\/index.php\/wp-json\/wp\/v2\/media?parent=4543"}],"wp:term":[{"taxonomy":"category","embeddable":true,"href":"https:\/\/ledenonciateur224.com\/index.php\/wp-json\/wp\/v2\/categories?post=4543"},{"taxonomy":"post_tag","embeddable":true,"href":"https:\/\/ledenonciateur224.com\/index.php\/wp-json\/wp\/v2\/tags?post=4543"}],"curies":[{"name":"wp","href":"https:\/\/api.w.org\/{rel}","templated":true}]}}