{"id":4580,"date":"2025-08-21T08:39:05","date_gmt":"2025-08-21T08:39:05","guid":{"rendered":"https:\/\/ledenonciateur224.com\/?p=4580"},"modified":"2025-08-21T08:39:05","modified_gmt":"2025-08-21T08:39:05","slug":"remaniement-diplomatique-mamadi-doumbouya-nomme-de-nouveaux-ambassadeurs-dans-six-pays-strategiques","status":"publish","type":"post","link":"https:\/\/ledenonciateur224.com\/index.php\/remaniement-diplomatique-mamadi-doumbouya-nomme-de-nouveaux-ambassadeurs-dans-six-pays-strategiques\/","title":{"rendered":"Remaniement diplomatique : Mamadi Doumbouya nomme de nouveaux ambassadeurs dans six pays strat\u00e9giques"},"content":{"rendered":"<p>Dans un d\u00e9cret lu \u00e0 la t\u00e9l\u00e9vision nationale ce mercredi 20 ao\u00fbt 2025, le pr\u00e9sident de la transition, le G\u00e9n\u00e9ral Mamadi Doumbouya, a proc\u00e9d\u00e9 \u00e0 une importante s\u00e9rie de nominations diplomatiques. Plusieurs hauts fonctionnaires guin\u00e9ens ont \u00e9t\u00e9 d\u00e9sign\u00e9s pour repr\u00e9senter la R\u00e9publique de Guin\u00e9e \u00e0 l&rsquo;\u00e9tranger, en tant qu\u2019ambassadeurs extraordinaires et pl\u00e9nipotentiaires.<\/p>\n<p>Parmi les figures notables figure\u00a0<strong>Aicha Nanette Cont\u00e9<\/strong>, ancienne ministre, qui prend d\u00e9sormais les r\u00eanes de la mission diplomatique guin\u00e9enne au\u00a0<strong>Royaume de Belgique<\/strong>. Sa nomination marque un retour en force sur la sc\u00e8ne internationale pour cette personnalit\u00e9 politique.<\/p>\n<p>Voici la liste compl\u00e8te des nouveaux ambassadeurs nomm\u00e9s :<\/p>\n<ol>\n<li><strong>Aicha Nanette Cont\u00e9<\/strong>\u00a0: ancienne ministre, elle est d\u00e9sormais\u00a0<strong>ambassadrice de Guin\u00e9e en Belgique<\/strong>.<\/li>\n<li><strong>Ansoumane Camara<\/strong>\u00a0: pr\u00e9c\u00e9demment en poste en Guin\u00e9e \u00e9quatoriale, il devient\u00a0<strong>ambassadeur au Mali<\/strong>.<\/li>\n<li><strong>Mamadou Bald\u00e9<\/strong>\u00a0: jusque-l\u00e0 premier secr\u00e9taire \u00e0 l\u2019ambassade de Guin\u00e9e en Espagne, il est nomm\u00e9\u00a0<strong>ambassadeur en R\u00e9publique islamique d\u2019Iran<\/strong>.<\/li>\n<li><strong>Oumar Kand\u00e9<\/strong>\u00a0: ancien ambassadeur en Turquie, il est affect\u00e9 \u00e0 la\u00a0<strong>Guin\u00e9e \u00e9quatoriale<\/strong>.<\/li>\n<li><strong>Abdoulaye Fofana<\/strong>\u00a0: ex-ambassadeur au Mali, il prend d\u00e9sormais fonction en\u00a0<strong>Turquie<\/strong>.<\/li>\n<li><strong>Ben Diawadou Traor\u00e9<\/strong>\u00a0: ancien premier secr\u00e9taire charg\u00e9 de la communication \u00e0 l\u2019ambassade au Japon, il devient\u00a0<strong>ambassadeur aupr\u00e8s de l\u2019Organisation internationale de la Francophonie (OIF)<\/strong>\u00a0\u00e0 Paris.<\/li>\n<\/ol>\n<p>Ce remaniement diplomatique s&rsquo;inscrit dans une dynamique de red\u00e9ploiement strat\u00e9gique de la diplomatie guin\u00e9enne sous la transition en cours. Il vise \u00e0 renforcer la pr\u00e9sence et l\u2019influence de la Guin\u00e9e dans des r\u00e9gions cl\u00e9s du monde, notamment en Europe, en Asie, au Moyen-Orient et en Afrique.<\/p>\n<p>&nbsp;<\/p>\n<p>Ledenonciateur224.com<\/p>\n","protected":false},"excerpt":{"rendered":"<p>Dans un d\u00e9cret lu \u00e0 la t\u00e9l\u00e9vision nationale ce mercredi 20 ao\u00fbt 2025, le pr\u00e9sident de la transition, le G\u00e9n\u00e9ral Mamadi Doumbouya, a proc\u00e9d\u00e9 \u00e0 une importante s\u00e9rie de nominations diplomatiques. Plusieurs hauts fonctionnaires guin\u00e9ens ont \u00e9t\u00e9 d\u00e9sign\u00e9s pour repr\u00e9senter la R\u00e9publique de Guin\u00e9e \u00e0 l&rsquo;\u00e9tranger, en tant qu\u2019ambassadeurs extraordinaires et pl\u00e9nipotentiaires. Parmi les figures [&hellip;]<\/p>\n","protected":false},"author":2,"featured_media":4529,"comment_status":"open","ping_status":"open","sticky":false,"template":"","format":"standard","meta":{"_jetpack_memberships_contains_paid_content":false,"footnotes":"","jetpack_publicize_message":"","jetpack_publicize_feature_enabled":true,"jetpack_social_post_already_shared":true,"jetpack_social_options":{"image_generator_settings":{"template":"highway","default_image_id":0,"font":"","enabled":false},"version":2}},"categories":[24,27],"tags":[579],"class_list":{"0":"post-4580","1":"post","2":"type-post","3":"status-publish","4":"format-standard","5":"has-post-thumbnail","7":"category-news","8":"category-politique","9":"tag-decrets-du-chef-de-letat"},"jetpack_publicize_connections":[],"jetpack_featured_media_url":"https:\/\/ledenonciateur224.com\/wp-content\/uploads\/2025\/08\/fb-img-1755554055680.jpg","jetpack_sharing_enabled":true,"_links":{"self":[{"href":"https:\/\/ledenonciateur224.com\/index.php\/wp-json\/wp\/v2\/posts\/4580","targetHints":{"allow":["GET"]}}],"collection":[{"href":"https:\/\/ledenonciateur224.com\/index.php\/wp-json\/wp\/v2\/posts"}],"about":[{"href":"https:\/\/ledenonciateur224.com\/index.php\/wp-json\/wp\/v2\/types\/post"}],"author":[{"embeddable":true,"href":"https:\/\/ledenonciateur224.com\/index.php\/wp-json\/wp\/v2\/users\/2"}],"replies":[{"embeddable":true,"href":"https:\/\/ledenonciateur224.com\/index.php\/wp-json\/wp\/v2\/comments?post=4580"}],"version-history":[{"count":0,"href":"https:\/\/ledenonciateur224.com\/index.php\/wp-json\/wp\/v2\/posts\/4580\/revisions"}],"wp:featuredmedia":[{"embeddable":true,"href":"https:\/\/ledenonciateur224.com\/index.php\/wp-json\/wp\/v2\/media\/4529"}],"wp:attachment":[{"href":"https:\/\/ledenonciateur224.com\/index.php\/wp-json\/wp\/v2\/media?parent=4580"}],"wp:term":[{"taxonomy":"category","embeddable":true,"href":"https:\/\/ledenonciateur224.com\/index.php\/wp-json\/wp\/v2\/categories?post=4580"},{"taxonomy":"post_tag","embeddable":true,"href":"https:\/\/ledenonciateur224.com\/index.php\/wp-json\/wp\/v2\/tags?post=4580"}],"curies":[{"name":"wp","href":"https:\/\/api.w.org\/{rel}","templated":true}]}}