{"id":4582,"date":"2025-08-21T08:45:22","date_gmt":"2025-08-21T08:45:22","guid":{"rendered":"https:\/\/ledenonciateur224.com\/?p=4582"},"modified":"2025-08-21T08:45:22","modified_gmt":"2025-08-21T08:45:22","slug":"referendum-constitutionnel-doumbouya-lance-officiellement-la-campagne-le-ton-est-donne","status":"publish","type":"post","link":"https:\/\/ledenonciateur224.com\/index.php\/referendum-constitutionnel-doumbouya-lance-officiellement-la-campagne-le-ton-est-donne\/","title":{"rendered":"R\u00e9f\u00e9rendum constitutionnel : Doumbouya lance officiellement la campagne, le ton est donn\u00e9"},"content":{"rendered":"<p>Le pr\u00e9sident de la transition,\u00a0<strong>G\u00e9n\u00e9ral Mamadi Doumbouya<\/strong>, a franchi une nouvelle \u00e9tape vers l\u2019adoption d\u2019une nouvelle Constitution. Dans un d\u00e9cret lu ce mercredi soir \u00e0 la t\u00e9l\u00e9vision nationale, il a annonc\u00e9 les dates officielles de la campagne pour le\u00a0<strong>r\u00e9f\u00e9rendum constitutionnel pr\u00e9vu le 21 septembre 2025<\/strong>.<\/p>\n<p>Selon le texte pr\u00e9sidentiel, la\u00a0<strong>campagne \u00e9lectorale<\/strong>\u00a0d\u00e9butera le\u00a0<strong>dimanche 24 ao\u00fbt<\/strong>\u00a0et prendra fin le\u00a0<strong>jeudi 18 septembre 2025 \u00e0 minuit<\/strong>, soit trois jours avant le scrutin.<\/p>\n<p>Le d\u00e9cret insiste sur le caract\u00e8re pacifique et l\u00e9gal de cette p\u00e9riode de mobilisation politique. Il invite les partis, mouvements citoyens et autres acteurs engag\u00e9s dans cette campagne \u00e0\u00a0<strong>respecter scrupuleusement la Loi<\/strong>\u00a0dans toutes leurs actions et manifestations.<\/p>\n<p>Par ailleurs, une\u00a0<strong>attention particuli\u00e8re est port\u00e9e \u00e0 la couverture m\u00e9diatique<\/strong>. Le Pr\u00e9sident appelle la\u00a0<strong>Haute Autorit\u00e9 de la Communication (HAC)<\/strong>\u00a0\u00e0 veiller \u00e0 une\u00a0<strong>information \u00e9quilibr\u00e9e, \u00e9quitable et responsable<\/strong>, aussi bien dans les m\u00e9dias publics que priv\u00e9s. Il est explicitement stipul\u00e9 que\u00a0<strong>toutes les opinions doivent pouvoir s\u2019exprimer librement<\/strong>, dans un esprit de tol\u00e9rance et de respect.<\/p>\n<p>Pour garantir le bon d\u00e9roulement de cette p\u00e9riode sensible, le G\u00e9n\u00e9ral Doumbouya a instruit plusieurs ministres cl\u00e9s \u00e0 veiller \u00e0 l\u2019ex\u00e9cution rigoureuse du d\u00e9cret. Il s\u2019agit notamment des ministres de :<\/p>\n<ul>\n<li>l\u2019Information et de la Communication,<\/li>\n<li>la D\u00e9fense Nationale,<\/li>\n<li>l\u2019Administration du Territoire et de la D\u00e9centralisation,<\/li>\n<li>du Budget et des Finances,<\/li>\n<li>ainsi que de la S\u00e9curit\u00e9 et de la Protection.<\/li>\n<\/ul>\n<p>Ce r\u00e9f\u00e9rendum, qui s\u2019annonce d\u00e9cisif pour l\u2019avenir institutionnel du pays, intervient dans un contexte o\u00f9 la transition guin\u00e9enne est scrut\u00e9e de pr\u00e8s, tant \u00e0 l\u2019\u00e9chelle nationale qu\u2019internationale.<\/p>\n<p>&nbsp;<\/p>\n<p>&nbsp;<\/p>\n<p>R\u00e9daction<\/p>\n","protected":false},"excerpt":{"rendered":"<p>Le pr\u00e9sident de la transition,\u00a0G\u00e9n\u00e9ral Mamadi Doumbouya, a franchi une nouvelle \u00e9tape vers l\u2019adoption d\u2019une nouvelle Constitution. Dans un d\u00e9cret lu ce mercredi soir \u00e0 la t\u00e9l\u00e9vision nationale, il a annonc\u00e9 les dates officielles de la campagne pour le\u00a0r\u00e9f\u00e9rendum constitutionnel pr\u00e9vu le 21 septembre 2025. Selon le texte pr\u00e9sidentiel, la\u00a0campagne \u00e9lectorale\u00a0d\u00e9butera le\u00a0dimanche 24 ao\u00fbt\u00a0et prendra [&hellip;]<\/p>\n","protected":false},"author":2,"featured_media":4261,"comment_status":"open","ping_status":"open","sticky":false,"template":"","format":"standard","meta":{"_jetpack_memberships_contains_paid_content":false,"footnotes":"","jetpack_publicize_message":"","jetpack_publicize_feature_enabled":true,"jetpack_social_post_already_shared":true,"jetpack_social_options":{"image_generator_settings":{"template":"highway","default_image_id":0,"font":"","enabled":false},"version":2}},"categories":[24,27],"tags":[822],"class_list":{"0":"post-4582","1":"post","2":"type-post","3":"status-publish","4":"format-standard","5":"has-post-thumbnail","7":"category-news","8":"category-politique","9":"tag-decret-du-chef-de-letat"},"jetpack_publicize_connections":[],"jetpack_featured_media_url":"https:\/\/ledenonciateur224.com\/wp-content\/uploads\/2025\/08\/fb-img-1754008360094.jpg","jetpack_sharing_enabled":true,"_links":{"self":[{"href":"https:\/\/ledenonciateur224.com\/index.php\/wp-json\/wp\/v2\/posts\/4582","targetHints":{"allow":["GET"]}}],"collection":[{"href":"https:\/\/ledenonciateur224.com\/index.php\/wp-json\/wp\/v2\/posts"}],"about":[{"href":"https:\/\/ledenonciateur224.com\/index.php\/wp-json\/wp\/v2\/types\/post"}],"author":[{"embeddable":true,"href":"https:\/\/ledenonciateur224.com\/index.php\/wp-json\/wp\/v2\/users\/2"}],"replies":[{"embeddable":true,"href":"https:\/\/ledenonciateur224.com\/index.php\/wp-json\/wp\/v2\/comments?post=4582"}],"version-history":[{"count":0,"href":"https:\/\/ledenonciateur224.com\/index.php\/wp-json\/wp\/v2\/posts\/4582\/revisions"}],"wp:featuredmedia":[{"embeddable":true,"href":"https:\/\/ledenonciateur224.com\/index.php\/wp-json\/wp\/v2\/media\/4261"}],"wp:attachment":[{"href":"https:\/\/ledenonciateur224.com\/index.php\/wp-json\/wp\/v2\/media?parent=4582"}],"wp:term":[{"taxonomy":"category","embeddable":true,"href":"https:\/\/ledenonciateur224.com\/index.php\/wp-json\/wp\/v2\/categories?post=4582"},{"taxonomy":"post_tag","embeddable":true,"href":"https:\/\/ledenonciateur224.com\/index.php\/wp-json\/wp\/v2\/tags?post=4582"}],"curies":[{"name":"wp","href":"https:\/\/api.w.org\/{rel}","templated":true}]}}