{"id":4586,"date":"2025-08-21T10:01:19","date_gmt":"2025-08-21T10:01:19","guid":{"rendered":"https:\/\/ledenonciateur224.com\/?p=4586"},"modified":"2025-08-21T10:01:19","modified_gmt":"2025-08-21T10:01:19","slug":"colonel-cheikh-gadiri-conde-confirme-a-la-tete-des-douanes-nationales","status":"publish","type":"post","link":"https:\/\/ledenonciateur224.com\/index.php\/colonel-cheikh-gadiri-conde-confirme-a-la-tete-des-douanes-nationales\/","title":{"rendered":"Colonel Cheikh Gadiri Cond\u00e9 confirm\u00e9 \u00e0 la t\u00eate des Douanes nationales"},"content":{"rendered":"<p><strong>C\u2019est d\u00e9sormais officiel<\/strong> : le colonel Cheikh Gadiri Cond\u00e9 \u2013 <strong>matricule 1002-8-E-<\/strong> \u2013 a \u00e9t\u00e9 confirm\u00e9 au poste de <strong>Directeur G\u00e9n\u00e9ral des Douanes<\/strong>. Il occupait jusque-l\u00e0 cette fonction \u00e0 titre int\u00e9rimaire, assurant la continuit\u00e9 des services apr\u00e8s le limogeage du G\u00e9n\u00e9ral Moussa Camara, \u00e9vinc\u00e9 pour des faits pr\u00e9sum\u00e9s de malversations financi\u00e8res.<\/p>\n<p>Cette nomination marque un tournant important pour cette r\u00e9gie strat\u00e9gique de l\u2019\u00c9tat, charg\u00e9e de mobiliser les ressources douani\u00e8res. Le d\u00e9cret pr\u00e9sidentiel officialisant cette d\u00e9cision a \u00e9t\u00e9 lu dans la soir\u00e9e du <strong>mercredi 20 ao\u00fbt 2025<\/strong>, sur les antennes de la <strong>t\u00e9l\u00e9vision nationale<\/strong>.<\/p>\n<p>Dans le m\u00eame d\u00e9cret, <strong>M. S\u00e9kou Ahmed Bah<\/strong> a \u00e9t\u00e9 nomm\u00e9 <strong>Directeur G\u00e9n\u00e9ral Adjoint des Douanes<\/strong>, renfor\u00e7ant ainsi l&rsquo;\u00e9quipe dirigeante de cette institution cl\u00e9 dans la politique \u00e9conomique et financi\u00e8re du pays.<\/p>\n<p>&nbsp;<\/p>\n","protected":false},"excerpt":{"rendered":"<p>C\u2019est d\u00e9sormais officiel : le colonel Cheikh Gadiri Cond\u00e9 \u2013 matricule 1002-8-E- \u2013 a \u00e9t\u00e9 confirm\u00e9 au poste de Directeur G\u00e9n\u00e9ral des Douanes. Il occupait jusque-l\u00e0 cette fonction \u00e0 titre int\u00e9rimaire, assurant la continuit\u00e9 des services apr\u00e8s le limogeage du G\u00e9n\u00e9ral Moussa Camara, \u00e9vinc\u00e9 pour des faits pr\u00e9sum\u00e9s de malversations financi\u00e8res. Cette nomination marque un [&hellip;]<\/p>\n","protected":false},"author":2,"featured_media":4587,"comment_status":"open","ping_status":"open","sticky":false,"template":"","format":"standard","meta":{"_jetpack_memberships_contains_paid_content":false,"footnotes":"","jetpack_publicize_message":"","jetpack_publicize_feature_enabled":true,"jetpack_social_post_already_shared":true,"jetpack_social_options":{"image_generator_settings":{"template":"highway","default_image_id":0,"font":"","enabled":false},"version":2}},"categories":[29,24],"tags":[579],"class_list":{"0":"post-4586","1":"post","2":"type-post","3":"status-publish","4":"format-standard","5":"has-post-thumbnail","7":"category-economie","8":"category-news","9":"tag-decrets-du-chef-de-letat"},"jetpack_publicize_connections":[],"jetpack_featured_media_url":"https:\/\/ledenonciateur224.com\/wp-content\/uploads\/2025\/08\/acheick-abdoul-gadir-conde.jpg","jetpack_sharing_enabled":true,"_links":{"self":[{"href":"https:\/\/ledenonciateur224.com\/index.php\/wp-json\/wp\/v2\/posts\/4586","targetHints":{"allow":["GET"]}}],"collection":[{"href":"https:\/\/ledenonciateur224.com\/index.php\/wp-json\/wp\/v2\/posts"}],"about":[{"href":"https:\/\/ledenonciateur224.com\/index.php\/wp-json\/wp\/v2\/types\/post"}],"author":[{"embeddable":true,"href":"https:\/\/ledenonciateur224.com\/index.php\/wp-json\/wp\/v2\/users\/2"}],"replies":[{"embeddable":true,"href":"https:\/\/ledenonciateur224.com\/index.php\/wp-json\/wp\/v2\/comments?post=4586"}],"version-history":[{"count":0,"href":"https:\/\/ledenonciateur224.com\/index.php\/wp-json\/wp\/v2\/posts\/4586\/revisions"}],"wp:featuredmedia":[{"embeddable":true,"href":"https:\/\/ledenonciateur224.com\/index.php\/wp-json\/wp\/v2\/media\/4587"}],"wp:attachment":[{"href":"https:\/\/ledenonciateur224.com\/index.php\/wp-json\/wp\/v2\/media?parent=4586"}],"wp:term":[{"taxonomy":"category","embeddable":true,"href":"https:\/\/ledenonciateur224.com\/index.php\/wp-json\/wp\/v2\/categories?post=4586"},{"taxonomy":"post_tag","embeddable":true,"href":"https:\/\/ledenonciateur224.com\/index.php\/wp-json\/wp\/v2\/tags?post=4586"}],"curies":[{"name":"wp","href":"https:\/\/api.w.org\/{rel}","templated":true}]}}