{"id":4601,"date":"2025-08-21T19:57:38","date_gmt":"2025-08-21T19:57:38","guid":{"rendered":"https:\/\/ledenonciateur224.com\/?p=4601"},"modified":"2025-08-21T19:59:31","modified_gmt":"2025-08-21T19:59:31","slug":"gbessia-yamoussa-lansana-sylla-prend-les-renes-de-la-coordination-afp-pour-soutenir-le-president-doumbouya","status":"publish","type":"post","link":"https:\/\/ledenonciateur224.com\/index.php\/gbessia-yamoussa-lansana-sylla-prend-les-renes-de-la-coordination-afp-pour-soutenir-le-president-doumbouya\/","title":{"rendered":"Gbessia : Yamoussa Lansana Sylla prend les r\u00eanes de la coordination AFP pour soutenir le pr\u00e9sident Doumbouya"},"content":{"rendered":"<p>L\u2019Alliance des Forces Patriotiques (AFP), une plateforme politique majeure dirig\u00e9e par l\u2019honorable Aboubacar Soumah, vient de franchir une nouvelle \u00e9tape dans sa structuration \u00e0 la base. \u00c0 la t\u00eate de sa coordination communale de Gbessia, elle vient de nommer\u00a0<strong>Yamoussa Lansana Sylla<\/strong>\u00a0comme\u00a0<strong>coordinateur officiel<\/strong>.<\/p>\n<p><img loading=\"lazy\" decoding=\"async\" class=\"alignnone size-full wp-image-4603\" src=\"https:\/\/ledenonciateur224.com\/wp-content\/uploads\/2025\/08\/img-20250821-wa0121.jpg\" alt=\"\" width=\"471\" height=\"1020\" srcset=\"https:\/\/ledenonciateur224.com\/wp-content\/uploads\/2025\/08\/img-20250821-wa0121.jpg 471w, https:\/\/ledenonciateur224.com\/wp-content\/uploads\/2025\/08\/img-20250821-wa0121-139x300.jpg 139w, https:\/\/ledenonciateur224.com\/wp-content\/uploads\/2025\/08\/img-20250821-wa0121-150x325.jpg 150w, https:\/\/ledenonciateur224.com\/wp-content\/uploads\/2025\/08\/img-20250821-wa0121-300x650.jpg 300w, https:\/\/ledenonciateur224.com\/wp-content\/uploads\/2025\/08\/img-20250821-wa0121-194x420.jpg 194w\" sizes=\"auto, (max-width: 471px) 100vw, 471px\" \/><\/p>\n<p>Cette d\u00e9signation strat\u00e9gique s&rsquo;inscrit dans la dynamique de\u00a0<strong>mobilisation active en faveur du g\u00e9n\u00e9ral Mamadi Doumbouya<\/strong>, dans la perspective des prochaines \u00e9lections pr\u00e9sidentielles. L\u2019objectif est clair :\u00a0<strong>renforcer l\u2019ancrage local de l\u2019AFP<\/strong>\u00a0et f\u00e9d\u00e9rer les forces autour du chef de l\u2019\u00c9tat guin\u00e9en.<\/p>\n<p>En tant que coordinateur,\u00a0<strong>Yamoussa Lansana Sylla<\/strong>\u00a0aura pour mission principale de\u00a0<strong>rassembler les diff\u00e9rents mouvements citoyens, associatifs et politiques<\/strong>\u00a0de la commune urbaine de Gbessia. Il devra impulser une dynamique collective, orient\u00e9e vers un\u00a0<strong>soutien massif et structur\u00e9<\/strong>\u00a0\u00e0 la candidature du pr\u00e9sident Doumbouya.<\/p>\n<p>Cette nomination marque un tournant d\u00e9cisif pour l\u2019AFP \u00e0 Gbessia, qui ambitionne d\u00e9sormais de\u00a0<strong>jouer un r\u00f4le moteur dans la conqu\u00eate \u00e9lectorale<\/strong>\u00a0\u00e0 venir. Le nouveau coordinateur promet de travailler avec rigueur et engagement pour mener ce combat\u00a0<strong>jusqu&rsquo;\u00e0 la victoire finale<\/strong>.<\/p>\n<p>&nbsp;<\/p>\n<p>&nbsp;<\/p>\n<p>Ledenonciateur224.com<\/p>\n","protected":false},"excerpt":{"rendered":"<p>L\u2019Alliance des Forces Patriotiques (AFP), une plateforme politique majeure dirig\u00e9e par l\u2019honorable Aboubacar Soumah, vient de franchir une nouvelle \u00e9tape dans sa structuration \u00e0 la base. \u00c0 la t\u00eate de sa coordination communale de Gbessia, elle vient de nommer\u00a0Yamoussa Lansana Sylla\u00a0comme\u00a0coordinateur officiel. Cette d\u00e9signation strat\u00e9gique s&rsquo;inscrit dans la dynamique de\u00a0mobilisation active en faveur du g\u00e9n\u00e9ral [&hellip;]<\/p>\n","protected":false},"author":2,"featured_media":4605,"comment_status":"open","ping_status":"open","sticky":false,"template":"","format":"standard","meta":{"_jetpack_memberships_contains_paid_content":false,"footnotes":"","jetpack_publicize_message":"","jetpack_publicize_feature_enabled":true,"jetpack_social_post_already_shared":true,"jetpack_social_options":{"image_generator_settings":{"template":"highway","default_image_id":0,"font":"","enabled":false},"version":2}},"categories":[24,27],"tags":[1091,675],"class_list":{"0":"post-4601","1":"post","2":"type-post","3":"status-publish","4":"format-standard","5":"has-post-thumbnail","7":"category-news","8":"category-politique","9":"tag-cnrd-guinee","10":"tag-mouvements-de-soutien"},"jetpack_publicize_connections":[],"jetpack_featured_media_url":"https:\/\/ledenonciateur224.com\/wp-content\/uploads\/2025\/08\/img-20250821-wa0120-1.jpg","jetpack_sharing_enabled":true,"_links":{"self":[{"href":"https:\/\/ledenonciateur224.com\/index.php\/wp-json\/wp\/v2\/posts\/4601","targetHints":{"allow":["GET"]}}],"collection":[{"href":"https:\/\/ledenonciateur224.com\/index.php\/wp-json\/wp\/v2\/posts"}],"about":[{"href":"https:\/\/ledenonciateur224.com\/index.php\/wp-json\/wp\/v2\/types\/post"}],"author":[{"embeddable":true,"href":"https:\/\/ledenonciateur224.com\/index.php\/wp-json\/wp\/v2\/users\/2"}],"replies":[{"embeddable":true,"href":"https:\/\/ledenonciateur224.com\/index.php\/wp-json\/wp\/v2\/comments?post=4601"}],"version-history":[{"count":0,"href":"https:\/\/ledenonciateur224.com\/index.php\/wp-json\/wp\/v2\/posts\/4601\/revisions"}],"wp:featuredmedia":[{"embeddable":true,"href":"https:\/\/ledenonciateur224.com\/index.php\/wp-json\/wp\/v2\/media\/4605"}],"wp:attachment":[{"href":"https:\/\/ledenonciateur224.com\/index.php\/wp-json\/wp\/v2\/media?parent=4601"}],"wp:term":[{"taxonomy":"category","embeddable":true,"href":"https:\/\/ledenonciateur224.com\/index.php\/wp-json\/wp\/v2\/categories?post=4601"},{"taxonomy":"post_tag","embeddable":true,"href":"https:\/\/ledenonciateur224.com\/index.php\/wp-json\/wp\/v2\/tags?post=4601"}],"curies":[{"name":"wp","href":"https:\/\/api.w.org\/{rel}","templated":true}]}}