{"id":4610,"date":"2025-08-22T08:20:54","date_gmt":"2025-08-22T08:20:54","guid":{"rendered":"https:\/\/ledenonciateur224.com\/?p=4610"},"modified":"2025-08-22T08:20:54","modified_gmt":"2025-08-22T08:20:54","slug":"projet-simandou-le-nouveau-pdg-de-rio-tinto-reaffirme-son-engagement-aupres-du-president-guineen","status":"publish","type":"post","link":"https:\/\/ledenonciateur224.com\/index.php\/projet-simandou-le-nouveau-pdg-de-rio-tinto-reaffirme-son-engagement-aupres-du-president-guineen\/","title":{"rendered":"Projet Simandou : Le nouveau PDG de Rio Tinto r\u00e9affirme son engagement aupr\u00e8s du Pr\u00e9sident guin\u00e9en"},"content":{"rendered":"<p>Le jeudi 21 ao\u00fbt 2025, le nouveau PDG du g\u00e9ant minier Rio Tinto,\u00a0<strong>Simon Trott<\/strong>, a \u00e9t\u00e9 re\u00e7u au\u00a0<strong>Palais Mohamed V<\/strong>\u00a0de Conakry par le\u00a0<strong>Pr\u00e9sident Mamadi Doumbouya<\/strong>, dans le cadre d&rsquo;une visite officielle visant \u00e0 consolider les relations autour du\u00a0<strong>projet Simandou<\/strong>. Il \u00e9tait accompagn\u00e9 de son pr\u00e9d\u00e9cesseur,\u00a0<strong>Jakob Stausholm<\/strong>, et d&rsquo;une d\u00e9l\u00e9gation de hauts responsables du groupe.<\/p>\n<p><img loading=\"lazy\" decoding=\"async\" class=\"alignnone size-full wp-image-4611\" src=\"https:\/\/ledenonciateur224.com\/wp-content\/uploads\/2025\/08\/536553860-1198029379025977-2392783578836897192-n.jpg\" alt=\"\" width=\"748\" height=\"523\" srcset=\"https:\/\/ledenonciateur224.com\/wp-content\/uploads\/2025\/08\/536553860-1198029379025977-2392783578836897192-n.jpg 748w, https:\/\/ledenonciateur224.com\/wp-content\/uploads\/2025\/08\/536553860-1198029379025977-2392783578836897192-n-300x210.jpg 300w, https:\/\/ledenonciateur224.com\/wp-content\/uploads\/2025\/08\/536553860-1198029379025977-2392783578836897192-n-150x105.jpg 150w, https:\/\/ledenonciateur224.com\/wp-content\/uploads\/2025\/08\/536553860-1198029379025977-2392783578836897192-n-696x487.jpg 696w, https:\/\/ledenonciateur224.com\/wp-content\/uploads\/2025\/08\/536553860-1198029379025977-2392783578836897192-n-601x420.jpg 601w, https:\/\/ledenonciateur224.com\/wp-content\/uploads\/2025\/08\/536553860-1198029379025977-2392783578836897192-n-100x70.jpg 100w\" sizes=\"auto, (max-width: 748px) 100vw, 748px\" \/><\/p>\n<p>Cette visite intervient peu apr\u00e8s une rencontre de Simon Trott avec le pr\u00e9sident am\u00e9ricain\u00a0<strong>Donald Trump<\/strong>, marquant le d\u00e9but d\u2019un mandat \u00e0 haute port\u00e9e diplomatique et strat\u00e9gique pour le nouveau patron de l\u2019entreprise anglo-australienne. Trott a profit\u00e9 de l\u2019audience pr\u00e9sidentielle pour r\u00e9affirmer l&rsquo;engagement total de Rio Tinto dans la r\u00e9alisation du\u00a0<strong>projet Simandou<\/strong>, consid\u00e9r\u00e9 comme l\u2019un des plus grands projets miniers mondiaux du XXIe si\u00e8cle, avec un fort potentiel de transformation \u00e9conomique pour la Guin\u00e9e.<\/p>\n<p>Lors de cette rencontre, le\u00a0<strong>Pr\u00e9sident Doumbouya<\/strong>\u00a0a salu\u00e9 le changement de direction tout en rappelant l\u2019importance d\u2019un\u00a0<strong>partenariat \u00e9quilibr\u00e9<\/strong>, fond\u00e9 sur des principes de respect mutuel et de b\u00e9n\u00e9fices partag\u00e9s, d&rsquo;un esprit \u00ab\u00a0gagnant gagnant\u00a0\u00bb. Il a notamment insist\u00e9 sur la n\u00e9cessit\u00e9 de respecter <strong>les normes environnementales<\/strong>, de garantir\u00a0<strong>les droits des communaut\u00e9s locales<\/strong>, et d\u2019assurer un\u00a0<strong>impact socio-\u00e9conomique r\u00e9el<\/strong>\u00a0au niveau local.<\/p>\n<p>Dans une perspective de d\u00e9veloppement durable, le chef de l\u2019\u00c9tat a exhort\u00e9 Rio Tinto \u00e0\u00a0<strong>renforcer le contenu local<\/strong>, notamment en soutenant les\u00a0<strong>producteurs agricoles le long du corridor du Transguin\u00e9en<\/strong>, axe logistique cl\u00e9 du projet.<\/p>\n<p>Enfin,\u00a0<strong>Jakob Stausholm<\/strong>, en fin de mandat, a salu\u00e9 le leadership du pr\u00e9sident Doumbouya, qui, selon lui, a jou\u00e9 un r\u00f4le d\u00e9cisif dans l&rsquo;acc\u00e9l\u00e9ration du projet, gr\u00e2ce \u00e0 son soutien constant et \u00e0 sa vision strat\u00e9gique.<\/p>\n<p>D&rsquo;apr\u00e8s le site Mosaiqueguinee.com, la rencontre s\u2019est tenue en pr\u00e9sence de plusieurs hauts responsables guin\u00e9ens, dont le <strong>Ministre des Mines<\/strong>, le\u00a0<strong>Secr\u00e9taire G\u00e9n\u00e9ral de la Pr\u00e9sidence<\/strong>, ainsi que des conseillers et repr\u00e9sentants de la\u00a0<strong>Compagnie du Transguin\u00e9en (CTG)<\/strong>.<\/p>\n<p>&nbsp;<\/p>\n<p>&nbsp;<\/p>\n<p>Ledenonciateur224.com<\/p>\n","protected":false},"excerpt":{"rendered":"<p>Le jeudi 21 ao\u00fbt 2025, le nouveau PDG du g\u00e9ant minier Rio Tinto,\u00a0Simon Trott, a \u00e9t\u00e9 re\u00e7u au\u00a0Palais Mohamed V\u00a0de Conakry par le\u00a0Pr\u00e9sident Mamadi Doumbouya, dans le cadre d&rsquo;une visite officielle visant \u00e0 consolider les relations autour du\u00a0projet Simandou. Il \u00e9tait accompagn\u00e9 de son pr\u00e9d\u00e9cesseur,\u00a0Jakob Stausholm, et d&rsquo;une d\u00e9l\u00e9gation de hauts responsables du groupe. Cette [&hellip;]<\/p>\n","protected":false},"author":2,"featured_media":4612,"comment_status":"open","ping_status":"open","sticky":false,"template":"","format":"standard","meta":{"_jetpack_memberships_contains_paid_content":false,"footnotes":"","jetpack_publicize_message":"","jetpack_publicize_feature_enabled":true,"jetpack_social_post_already_shared":true,"jetpack_social_options":{"image_generator_settings":{"template":"highway","default_image_id":0,"font":"","enabled":false},"version":2}},"categories":[29,24],"tags":[691,1093],"class_list":{"0":"post-4610","1":"post","2":"type-post","3":"status-publish","4":"format-standard","5":"has-post-thumbnail","7":"category-economie","8":"category-news","9":"tag-projet-minier","10":"tag-simandou"},"jetpack_publicize_connections":[],"jetpack_featured_media_url":"https:\/\/ledenonciateur224.com\/wp-content\/uploads\/2025\/08\/mamadi-doumbouya-et-les-responsables-de-rio-tinto.jpg","jetpack_sharing_enabled":true,"_links":{"self":[{"href":"https:\/\/ledenonciateur224.com\/index.php\/wp-json\/wp\/v2\/posts\/4610","targetHints":{"allow":["GET"]}}],"collection":[{"href":"https:\/\/ledenonciateur224.com\/index.php\/wp-json\/wp\/v2\/posts"}],"about":[{"href":"https:\/\/ledenonciateur224.com\/index.php\/wp-json\/wp\/v2\/types\/post"}],"author":[{"embeddable":true,"href":"https:\/\/ledenonciateur224.com\/index.php\/wp-json\/wp\/v2\/users\/2"}],"replies":[{"embeddable":true,"href":"https:\/\/ledenonciateur224.com\/index.php\/wp-json\/wp\/v2\/comments?post=4610"}],"version-history":[{"count":0,"href":"https:\/\/ledenonciateur224.com\/index.php\/wp-json\/wp\/v2\/posts\/4610\/revisions"}],"wp:featuredmedia":[{"embeddable":true,"href":"https:\/\/ledenonciateur224.com\/index.php\/wp-json\/wp\/v2\/media\/4612"}],"wp:attachment":[{"href":"https:\/\/ledenonciateur224.com\/index.php\/wp-json\/wp\/v2\/media?parent=4610"}],"wp:term":[{"taxonomy":"category","embeddable":true,"href":"https:\/\/ledenonciateur224.com\/index.php\/wp-json\/wp\/v2\/categories?post=4610"},{"taxonomy":"post_tag","embeddable":true,"href":"https:\/\/ledenonciateur224.com\/index.php\/wp-json\/wp\/v2\/tags?post=4610"}],"curies":[{"name":"wp","href":"https:\/\/api.w.org\/{rel}","templated":true}]}}