{"id":4617,"date":"2025-08-22T13:27:15","date_gmt":"2025-08-22T13:27:15","guid":{"rendered":"https:\/\/ledenonciateur224.com\/?p=4617"},"modified":"2025-08-22T13:27:15","modified_gmt":"2025-08-22T13:27:15","slug":"vers-une-nouvelle-ere-constitutionnelle-les-services-speciaux-sengagent-pour-le-oui","status":"publish","type":"post","link":"https:\/\/ledenonciateur224.com\/index.php\/vers-une-nouvelle-ere-constitutionnelle-les-services-speciaux-sengagent-pour-le-oui\/","title":{"rendered":"Vers une nouvelle \u00e8re constitutionnelle : Les Services Sp\u00e9ciaux s\u2019engagent pour le Oui"},"content":{"rendered":"<h4><em>Le Secr\u00e9tariat G\u00e9n\u00e9ral de la Pr\u00e9sidence charg\u00e9 des Services Sp\u00e9ciaux s\u2019implique activement dans la sensibilisation autour du projet de nouvelle Constitution, symbole de refondation et d\u2019unit\u00e9 nationale.<\/em><\/h4>\n<p>Dans le cadre de la campagne de vulgarisation du projet de nouvelle Constitution, le Secr\u00e9tariat G\u00e9n\u00e9ral de la Pr\u00e9sidence de la R\u00e9publique, charg\u00e9 des services sp\u00e9ciaux et de la lutte contre le crime organis\u00e9, a organis\u00e9 une s\u00e9ance d&rsquo;information d\u00e9di\u00e9e \u00e0 l\u2019analyse approfondie du contenu de cette loi fondamentale. Cette initiative s&rsquo;inscrit dans un \u00e9lan de p\u00e9dagogie citoyenne visant \u00e0 permettre une meilleure appropriation du texte par les agents de l\u2019\u00c9tat et, au-del\u00e0, par la population.<\/p>\n<p><img loading=\"lazy\" decoding=\"async\" class=\"alignnone size-full wp-image-4618\" src=\"https:\/\/ledenonciateur224.com\/wp-content\/uploads\/2025\/08\/20250822-123529-scaled.jpg\" alt=\"\" width=\"2560\" height=\"1152\" srcset=\"https:\/\/ledenonciateur224.com\/wp-content\/uploads\/2025\/08\/20250822-123529-scaled.jpg 2560w, https:\/\/ledenonciateur224.com\/wp-content\/uploads\/2025\/08\/20250822-123529-300x135.jpg 300w, https:\/\/ledenonciateur224.com\/wp-content\/uploads\/2025\/08\/20250822-123529-1024x461.jpg 1024w, https:\/\/ledenonciateur224.com\/wp-content\/uploads\/2025\/08\/20250822-123529-768x346.jpg 768w, https:\/\/ledenonciateur224.com\/wp-content\/uploads\/2025\/08\/20250822-123529-1536x691.jpg 1536w, https:\/\/ledenonciateur224.com\/wp-content\/uploads\/2025\/08\/20250822-123529-2048x922.jpg 2048w, https:\/\/ledenonciateur224.com\/wp-content\/uploads\/2025\/08\/20250822-123529-150x68.jpg 150w, https:\/\/ledenonciateur224.com\/wp-content\/uploads\/2025\/08\/20250822-123529-696x313.jpg 696w, https:\/\/ledenonciateur224.com\/wp-content\/uploads\/2025\/08\/20250822-123529-1068x481.jpg 1068w, https:\/\/ledenonciateur224.com\/wp-content\/uploads\/2025\/08\/20250822-123529-1920x864.jpg 1920w, https:\/\/ledenonciateur224.com\/wp-content\/uploads\/2025\/08\/20250822-123529-933x420.jpg 933w\" sizes=\"auto, (max-width: 2560px) 100vw, 2560px\" \/><\/p>\n<p>La c\u00e9r\u00e9monie s\u2019est tenue en pr\u00e9sence de l\u2019ensemble des cadres et personnels du Secr\u00e9tariat g\u00e9n\u00e9ral. Dans une atmosph\u00e8re empreinte de solennit\u00e9 et de responsabilit\u00e9 r\u00e9publicaine, le Commissaire principal Mohamed Lamine Simakan, Secr\u00e9taire G\u00e9n\u00e9ral des Services Sp\u00e9ciaux, a pris la parole pour r\u00e9affirmer l\u2019engagement de son institution en faveur du projet.<em>\u00ab En effet, ce projet de nouvelle Constitution qui nous ressemble et nous rassemble est l&rsquo;une des expressions achev\u00e9es de la politique de refondation de l&rsquo;\u00c9tat de Son Excellence Monsieur le Pr\u00e9sident de la R\u00e9publique, Chef de l&rsquo;\u00c9tat, Chef Supr\u00eame des Arm\u00e9es, le G\u00e9n\u00e9ral d&rsquo;Arm\u00e9e Mamadi Doumbouya \u00bb,<\/em>\u00a0a-t-il d\u00e9clar\u00e9 avec conviction.<\/p>\n<p><img loading=\"lazy\" decoding=\"async\" class=\"alignnone size-full wp-image-4619\" src=\"https:\/\/ledenonciateur224.com\/wp-content\/uploads\/2025\/08\/20250822-123837-scaled.jpg\" alt=\"\" width=\"2560\" height=\"1152\" srcset=\"https:\/\/ledenonciateur224.com\/wp-content\/uploads\/2025\/08\/20250822-123837-scaled.jpg 2560w, https:\/\/ledenonciateur224.com\/wp-content\/uploads\/2025\/08\/20250822-123837-300x135.jpg 300w, https:\/\/ledenonciateur224.com\/wp-content\/uploads\/2025\/08\/20250822-123837-1024x461.jpg 1024w, https:\/\/ledenonciateur224.com\/wp-content\/uploads\/2025\/08\/20250822-123837-768x346.jpg 768w, https:\/\/ledenonciateur224.com\/wp-content\/uploads\/2025\/08\/20250822-123837-1536x691.jpg 1536w, https:\/\/ledenonciateur224.com\/wp-content\/uploads\/2025\/08\/20250822-123837-2048x922.jpg 2048w, https:\/\/ledenonciateur224.com\/wp-content\/uploads\/2025\/08\/20250822-123837-150x68.jpg 150w, https:\/\/ledenonciateur224.com\/wp-content\/uploads\/2025\/08\/20250822-123837-696x313.jpg 696w, https:\/\/ledenonciateur224.com\/wp-content\/uploads\/2025\/08\/20250822-123837-1068x481.jpg 1068w, https:\/\/ledenonciateur224.com\/wp-content\/uploads\/2025\/08\/20250822-123837-1920x864.jpg 1920w, https:\/\/ledenonciateur224.com\/wp-content\/uploads\/2025\/08\/20250822-123837-933x420.jpg 933w\" sizes=\"auto, (max-width: 2560px) 100vw, 2560px\" \/><\/p>\n<p>Il a soulign\u00e9 que cette Constitution constitue le socle de la d\u00e9mocratie guin\u00e9enne : elle d\u00e9finit non seulement les droits et devoirs des citoyens, mais aussi l\u2019organisation et le fonctionnement des institutions de la R\u00e9publique. Le texte met \u00e9galement en place des m\u00e9canismes d\u2019appui \u00e0 la gouvernance d\u00e9mocratique, piliers indispensables d\u2019un \u00c9tat de droit moderne.<\/p>\n<p>M. Simakan a appel\u00e9 \u00e0 une appropriation collective de ce projet, exhortant chacun \u00e0 le conna\u00eetre, le comprendre, et surtout \u00e0 le partager : aupr\u00e8s des familles, des amis, des associations et des communaut\u00e9s. L\u2019objectif : cr\u00e9er un \u00e9lan national d\u2019adh\u00e9sion \u00e9clair\u00e9e, dans le respect des lois et institutions r\u00e9publicaines.<\/p>\n<p><img loading=\"lazy\" decoding=\"async\" class=\"alignnone size-full wp-image-4620\" src=\"https:\/\/ledenonciateur224.com\/wp-content\/uploads\/2025\/08\/20250822-121644-scaled.jpg\" alt=\"\" width=\"2560\" height=\"1152\" srcset=\"https:\/\/ledenonciateur224.com\/wp-content\/uploads\/2025\/08\/20250822-121644-scaled.jpg 2560w, https:\/\/ledenonciateur224.com\/wp-content\/uploads\/2025\/08\/20250822-121644-300x135.jpg 300w, https:\/\/ledenonciateur224.com\/wp-content\/uploads\/2025\/08\/20250822-121644-1024x461.jpg 1024w, https:\/\/ledenonciateur224.com\/wp-content\/uploads\/2025\/08\/20250822-121644-768x346.jpg 768w, https:\/\/ledenonciateur224.com\/wp-content\/uploads\/2025\/08\/20250822-121644-1536x691.jpg 1536w, https:\/\/ledenonciateur224.com\/wp-content\/uploads\/2025\/08\/20250822-121644-2048x922.jpg 2048w, https:\/\/ledenonciateur224.com\/wp-content\/uploads\/2025\/08\/20250822-121644-150x68.jpg 150w, https:\/\/ledenonciateur224.com\/wp-content\/uploads\/2025\/08\/20250822-121644-696x313.jpg 696w, https:\/\/ledenonciateur224.com\/wp-content\/uploads\/2025\/08\/20250822-121644-1068x481.jpg 1068w, https:\/\/ledenonciateur224.com\/wp-content\/uploads\/2025\/08\/20250822-121644-1920x864.jpg 1920w, https:\/\/ledenonciateur224.com\/wp-content\/uploads\/2025\/08\/20250822-121644-933x420.jpg 933w\" sizes=\"auto, (max-width: 2560px) 100vw, 2560px\" \/><\/p>\n<p>Conform\u00e9ment aux instructions du Chef de l\u2019\u00c9tat, le Secr\u00e9taire G\u00e9n\u00e9ral a rappel\u00e9 la mission r\u00e9galienne de son service en mati\u00e8re de s\u00e9curit\u00e9 et a insist\u00e9 sur la n\u00e9cessit\u00e9 de redoubler d&rsquo;efforts et de vigilance en cette p\u00e9riode charni\u00e8re de l\u2019histoire nationale.<em>\u00ab Je souhaite plein succ\u00e8s \u00e0 cette campagne de sensibilisation et de vulgarisation du projet de nouvelle Constitution, avec l\u2019espoir que le \u00ab\u00a0oui\u00a0\u00bb l\u2019emportera \u00e0 l\u2019issue du r\u00e9f\u00e9rendum \u00bb,<\/em>\u00a0a-t-il conclu.<\/p>\n<p>&nbsp;<\/p>\n<p>Aboubacar Moussa Camara<\/p>\n<p>611 70 39 84<\/p>\n","protected":false},"excerpt":{"rendered":"<p>Le Secr\u00e9tariat G\u00e9n\u00e9ral de la Pr\u00e9sidence charg\u00e9 des Services Sp\u00e9ciaux s\u2019implique activement dans la sensibilisation autour du projet de nouvelle Constitution, symbole de refondation et d\u2019unit\u00e9 nationale. Dans le cadre de la campagne de vulgarisation du projet de nouvelle Constitution, le Secr\u00e9tariat G\u00e9n\u00e9ral de la Pr\u00e9sidence de la R\u00e9publique, charg\u00e9 des services sp\u00e9ciaux et de [&hellip;]<\/p>\n","protected":false},"author":2,"featured_media":4619,"comment_status":"open","ping_status":"open","sticky":false,"template":"","format":"standard","meta":{"_jetpack_memberships_contains_paid_content":false,"footnotes":"","jetpack_publicize_message":"","jetpack_publicize_feature_enabled":true,"jetpack_social_post_already_shared":true,"jetpack_social_options":{"image_generator_settings":{"template":"highway","default_image_id":0,"font":"","enabled":false},"version":2}},"categories":[30,24],"tags":[920,1096,48],"class_list":{"0":"post-4617","1":"post","2":"type-post","3":"status-publish","4":"format-standard","5":"has-post-thumbnail","7":"category-faits-divers","8":"category-news","9":"tag-projet-de-constitution","10":"tag-simakan","11":"tag-services-speciaux"},"jetpack_publicize_connections":[],"jetpack_featured_media_url":"https:\/\/ledenonciateur224.com\/wp-content\/uploads\/2025\/08\/20250822-123837-scaled.jpg","jetpack_sharing_enabled":true,"_links":{"self":[{"href":"https:\/\/ledenonciateur224.com\/index.php\/wp-json\/wp\/v2\/posts\/4617","targetHints":{"allow":["GET"]}}],"collection":[{"href":"https:\/\/ledenonciateur224.com\/index.php\/wp-json\/wp\/v2\/posts"}],"about":[{"href":"https:\/\/ledenonciateur224.com\/index.php\/wp-json\/wp\/v2\/types\/post"}],"author":[{"embeddable":true,"href":"https:\/\/ledenonciateur224.com\/index.php\/wp-json\/wp\/v2\/users\/2"}],"replies":[{"embeddable":true,"href":"https:\/\/ledenonciateur224.com\/index.php\/wp-json\/wp\/v2\/comments?post=4617"}],"version-history":[{"count":0,"href":"https:\/\/ledenonciateur224.com\/index.php\/wp-json\/wp\/v2\/posts\/4617\/revisions"}],"wp:featuredmedia":[{"embeddable":true,"href":"https:\/\/ledenonciateur224.com\/index.php\/wp-json\/wp\/v2\/media\/4619"}],"wp:attachment":[{"href":"https:\/\/ledenonciateur224.com\/index.php\/wp-json\/wp\/v2\/media?parent=4617"}],"wp:term":[{"taxonomy":"category","embeddable":true,"href":"https:\/\/ledenonciateur224.com\/index.php\/wp-json\/wp\/v2\/categories?post=4617"},{"taxonomy":"post_tag","embeddable":true,"href":"https:\/\/ledenonciateur224.com\/index.php\/wp-json\/wp\/v2\/tags?post=4617"}],"curies":[{"name":"wp","href":"https:\/\/api.w.org\/{rel}","templated":true}]}}