{"id":4622,"date":"2025-08-22T18:09:57","date_gmt":"2025-08-22T18:09:57","guid":{"rendered":"https:\/\/ledenonciateur224.com\/?p=4622"},"modified":"2025-08-22T18:09:57","modified_gmt":"2025-08-22T18:09:57","slug":"eliminatoires-coupe-du-monde-2026-paulo-duarte-devoile-sa-liste-pour-les-matchs-de-septembre","status":"publish","type":"post","link":"https:\/\/ledenonciateur224.com\/index.php\/eliminatoires-coupe-du-monde-2026-paulo-duarte-devoile-sa-liste-pour-les-matchs-de-septembre\/","title":{"rendered":"\u00c9liminatoires Coupe du Monde 2026 : Paulo Duarte d\u00e9voile sa liste pour les matchs de septembre"},"content":{"rendered":"<p>Ce vendredi, le s\u00e9lectionneur du Syli national, Paulo Duarte, \u00e9tait face \u00e0 la presse pour d\u00e9voiler la liste des joueurs convoqu\u00e9s en vue des deux prochaines rencontres des \u00e9liminatoires de la Coupe du Monde 2026. Le Syli A affrontera la Somalie le 5 septembre, dans le cadre de la 7e journ\u00e9e, avant de croiser le fer avec l\u2019Alg\u00e9rie le 8 septembre, une affiche qui se jouera au Maroc.<\/p>\n<p>Pour ces deux rendez-vous d\u00e9cisifs, le technicien portugais a retenu un groupe de 25 joueurs, parmi lesquels figurent deux \u00e9l\u00e9ments issus du championnat guin\u00e9en. Il s&rsquo;agit d\u2019Alhassane Bangoura et du jeune Bachir Bangoura, tous deux pensionnaires du Milo FC, r\u00e9cemment revenus du CHAN.<\/p>\n<p>Devant les m\u00e9dias, Paulo Duarte s\u2019est montr\u00e9 serein quant \u00e0 la capacit\u00e9 de son groupe \u00e0 relever ces d\u00e9fis. Il a toutefois tenu \u00e0 souligner certaines absences notables, sans pour autant entamer sa confiance en la qualit\u00e9 et la comp\u00e9titivit\u00e9 de l&rsquo;effectif s\u00e9lectionn\u00e9.<\/p>\n<p><img loading=\"lazy\" decoding=\"async\" class=\"alignnone size-full wp-image-4623\" src=\"https:\/\/ledenonciateur224.com\/wp-content\/uploads\/2025\/08\/img-8954-750x938-1.jpeg\" alt=\"\" width=\"750\" height=\"938\" srcset=\"https:\/\/ledenonciateur224.com\/wp-content\/uploads\/2025\/08\/img-8954-750x938-1.jpeg 750w, https:\/\/ledenonciateur224.com\/wp-content\/uploads\/2025\/08\/img-8954-750x938-1-240x300.jpeg 240w, https:\/\/ledenonciateur224.com\/wp-content\/uploads\/2025\/08\/img-8954-750x938-1-150x188.jpeg 150w, https:\/\/ledenonciateur224.com\/wp-content\/uploads\/2025\/08\/img-8954-750x938-1-300x375.jpeg 300w, https:\/\/ledenonciateur224.com\/wp-content\/uploads\/2025\/08\/img-8954-750x938-1-696x870.jpeg 696w, https:\/\/ledenonciateur224.com\/wp-content\/uploads\/2025\/08\/img-8954-750x938-1-336x420.jpeg 336w\" sizes=\"auto, (max-width: 750px) 100vw, 750px\" \/><\/p>\n<p>AMC<\/p>\n","protected":false},"excerpt":{"rendered":"<p>Ce vendredi, le s\u00e9lectionneur du Syli national, Paulo Duarte, \u00e9tait face \u00e0 la presse pour d\u00e9voiler la liste des joueurs convoqu\u00e9s en vue des deux prochaines rencontres des \u00e9liminatoires de la Coupe du Monde 2026. Le Syli A affrontera la Somalie le 5 septembre, dans le cadre de la 7e journ\u00e9e, avant de croiser le [&hellip;]<\/p>\n","protected":false},"author":2,"featured_media":4624,"comment_status":"open","ping_status":"open","sticky":false,"template":"","format":"standard","meta":{"_jetpack_memberships_contains_paid_content":false,"footnotes":"","jetpack_publicize_message":"","jetpack_publicize_feature_enabled":true,"jetpack_social_post_already_shared":true,"jetpack_social_options":{"image_generator_settings":{"template":"highway","default_image_id":0,"font":"","enabled":false},"version":2}},"categories":[24,34],"tags":[1097,504],"class_list":{"0":"post-4622","1":"post","2":"type-post","3":"status-publish","4":"format-standard","5":"has-post-thumbnail","7":"category-news","8":"category-sport","9":"tag-eliminatoires","10":"tag-syli-national-de-guinee"},"jetpack_publicize_connections":[],"jetpack_featured_media_url":"https:\/\/ledenonciateur224.com\/wp-content\/uploads\/2025\/08\/31f280cb-6c55-4a57-8cf4-7aafe31bb512-768x346-1.jpeg","jetpack_sharing_enabled":true,"_links":{"self":[{"href":"https:\/\/ledenonciateur224.com\/index.php\/wp-json\/wp\/v2\/posts\/4622","targetHints":{"allow":["GET"]}}],"collection":[{"href":"https:\/\/ledenonciateur224.com\/index.php\/wp-json\/wp\/v2\/posts"}],"about":[{"href":"https:\/\/ledenonciateur224.com\/index.php\/wp-json\/wp\/v2\/types\/post"}],"author":[{"embeddable":true,"href":"https:\/\/ledenonciateur224.com\/index.php\/wp-json\/wp\/v2\/users\/2"}],"replies":[{"embeddable":true,"href":"https:\/\/ledenonciateur224.com\/index.php\/wp-json\/wp\/v2\/comments?post=4622"}],"version-history":[{"count":0,"href":"https:\/\/ledenonciateur224.com\/index.php\/wp-json\/wp\/v2\/posts\/4622\/revisions"}],"wp:featuredmedia":[{"embeddable":true,"href":"https:\/\/ledenonciateur224.com\/index.php\/wp-json\/wp\/v2\/media\/4624"}],"wp:attachment":[{"href":"https:\/\/ledenonciateur224.com\/index.php\/wp-json\/wp\/v2\/media?parent=4622"}],"wp:term":[{"taxonomy":"category","embeddable":true,"href":"https:\/\/ledenonciateur224.com\/index.php\/wp-json\/wp\/v2\/categories?post=4622"},{"taxonomy":"post_tag","embeddable":true,"href":"https:\/\/ledenonciateur224.com\/index.php\/wp-json\/wp\/v2\/tags?post=4622"}],"curies":[{"name":"wp","href":"https:\/\/api.w.org\/{rel}","templated":true}]}}