{"id":4626,"date":"2025-08-22T21:44:10","date_gmt":"2025-08-22T21:44:10","guid":{"rendered":"https:\/\/ledenonciateur224.com\/?p=4626"},"modified":"2025-08-22T21:44:10","modified_gmt":"2025-08-22T21:44:10","slug":"guinee-trois-partis-politiques-suspendus-pour-non-conformite","status":"publish","type":"post","link":"https:\/\/ledenonciateur224.com\/index.php\/guinee-trois-partis-politiques-suspendus-pour-non-conformite\/","title":{"rendered":"Guin\u00e9e : Trois partis politiques suspendus pour non-conformit\u00e9\u00a0"},"content":{"rendered":"<p>Le couperet est tomb\u00e9. Le minist\u00e8re de l\u2019Administration du Territoire et de la D\u00e9centralisation (MATD) a annonc\u00e9 ce jeudi la suspension, pour une dur\u00e9e de\u00a0<strong>90 jours<\/strong>, de trois formations politiques majeures :\u00a0<strong>l\u2019Union des Forces D\u00e9mocratiques de Guin\u00e9e (UFDG)<\/strong>, le\u00a0<strong>Parti de Renouveau et du Progr\u00e8s (PRP)<\/strong>\u00a0et le\u00a0<strong>Rassemblement du Peuple de Guin\u00e9e \u2013 Arc-en-ciel (RPG Arc-en-ciel)<\/strong>.<\/p>\n<p>Cette d\u00e9cision fait suite \u00e0 une premi\u00e8re mise en garde : les partis concern\u00e9s avaient \u00e9t\u00e9 plac\u00e9s sous r\u00e9serve pendant\u00a0<strong>45 jours<\/strong>, le temps de se conformer aux exigences contenues dans un rapport d\u2019\u00e9valuation. Selon le MATD, ils n\u2019ont pas satisfait aux obligations prescrites ni aux crit\u00e8res de conformit\u00e9 \u00e9tablis par la\u00a0<strong>Charte des partis politiques<\/strong>.<\/p>\n<p>Durant la p\u00e9riode de suspension, ces partis sont\u00a0<strong>formellement interdits de toute activit\u00e9 politique<\/strong>, y compris la tenue de r\u00e9unions, manifestations ou op\u00e9rations de propagande, que ce soit au niveau de leurs si\u00e8ges nationaux, de leurs f\u00e9d\u00e9rations ou de leurs structures locales. Le minist\u00e8re pr\u00e9vient que\u00a0<strong>tout contrevenant s\u2019expose \u00e0 des sanctions<\/strong>, notamment celles pr\u00e9vues par le Code p\u00e9nal et la Charte des partis politiques.<\/p>\n<p>Les partis ont\u00a0<strong>trois mois<\/strong>\u00a0pour r\u00e9gulariser leur situation. \u00c0 l\u2019issue de ce d\u00e9lai, un\u00a0<strong>r\u00e9examen<\/strong>\u00a0sera effectu\u00e9 par les services comp\u00e9tents. Si les corrections sont jug\u00e9es insuffisantes ou non conformes, des\u00a0<strong>mesures plus s\u00e9v\u00e8res<\/strong>\u00a0pourraient \u00eatre engag\u00e9es.<\/p>\n<p><img loading=\"lazy\" decoding=\"async\" class=\"alignnone size-full wp-image-4627\" src=\"https:\/\/ledenonciateur224.com\/wp-content\/uploads\/2025\/08\/suspension-ufdg-1.jpeg\" alt=\"\" width=\"700\" height=\"974\" srcset=\"https:\/\/ledenonciateur224.com\/wp-content\/uploads\/2025\/08\/suspension-ufdg-1.jpeg 700w, https:\/\/ledenonciateur224.com\/wp-content\/uploads\/2025\/08\/suspension-ufdg-1-216x300.jpeg 216w, https:\/\/ledenonciateur224.com\/wp-content\/uploads\/2025\/08\/suspension-ufdg-1-150x209.jpeg 150w, https:\/\/ledenonciateur224.com\/wp-content\/uploads\/2025\/08\/suspension-ufdg-1-300x417.jpeg 300w, https:\/\/ledenonciateur224.com\/wp-content\/uploads\/2025\/08\/suspension-ufdg-1-696x968.jpeg 696w, https:\/\/ledenonciateur224.com\/wp-content\/uploads\/2025\/08\/suspension-ufdg-1-302x420.jpeg 302w\" sizes=\"auto, (max-width: 700px) 100vw, 700px\" \/> <img loading=\"lazy\" decoding=\"async\" class=\"alignnone size-full wp-image-4628\" src=\"https:\/\/ledenonciateur224.com\/wp-content\/uploads\/2025\/08\/suspension-ufdg-3.jpeg\" alt=\"\" width=\"700\" height=\"1000\" srcset=\"https:\/\/ledenonciateur224.com\/wp-content\/uploads\/2025\/08\/suspension-ufdg-3.jpeg 700w, https:\/\/ledenonciateur224.com\/wp-content\/uploads\/2025\/08\/suspension-ufdg-3-210x300.jpeg 210w, https:\/\/ledenonciateur224.com\/wp-content\/uploads\/2025\/08\/suspension-ufdg-3-150x214.jpeg 150w, https:\/\/ledenonciateur224.com\/wp-content\/uploads\/2025\/08\/suspension-ufdg-3-300x429.jpeg 300w, https:\/\/ledenonciateur224.com\/wp-content\/uploads\/2025\/08\/suspension-ufdg-3-696x994.jpeg 696w, https:\/\/ledenonciateur224.com\/wp-content\/uploads\/2025\/08\/suspension-ufdg-3-294x420.jpeg 294w\" sizes=\"auto, (max-width: 700px) 100vw, 700px\" \/> <img loading=\"lazy\" decoding=\"async\" class=\"alignnone size-full wp-image-4629\" src=\"https:\/\/ledenonciateur224.com\/wp-content\/uploads\/2025\/08\/suspension-ufdg-2.jpeg\" alt=\"\" width=\"700\" height=\"972\" srcset=\"https:\/\/ledenonciateur224.com\/wp-content\/uploads\/2025\/08\/suspension-ufdg-2.jpeg 700w, https:\/\/ledenonciateur224.com\/wp-content\/uploads\/2025\/08\/suspension-ufdg-2-216x300.jpeg 216w, https:\/\/ledenonciateur224.com\/wp-content\/uploads\/2025\/08\/suspension-ufdg-2-150x208.jpeg 150w, https:\/\/ledenonciateur224.com\/wp-content\/uploads\/2025\/08\/suspension-ufdg-2-300x417.jpeg 300w, https:\/\/ledenonciateur224.com\/wp-content\/uploads\/2025\/08\/suspension-ufdg-2-696x966.jpeg 696w, https:\/\/ledenonciateur224.com\/wp-content\/uploads\/2025\/08\/suspension-ufdg-2-302x420.jpeg 302w\" sizes=\"auto, (max-width: 700px) 100vw, 700px\" \/><\/p>\n<p>&nbsp;<\/p>\n","protected":false},"excerpt":{"rendered":"<p>Le couperet est tomb\u00e9. Le minist\u00e8re de l\u2019Administration du Territoire et de la D\u00e9centralisation (MATD) a annonc\u00e9 ce jeudi la suspension, pour une dur\u00e9e de\u00a090 jours, de trois formations politiques majeures :\u00a0l\u2019Union des Forces D\u00e9mocratiques de Guin\u00e9e (UFDG), le\u00a0Parti de Renouveau et du Progr\u00e8s (PRP)\u00a0et le\u00a0Rassemblement du Peuple de Guin\u00e9e \u2013 Arc-en-ciel (RPG Arc-en-ciel). Cette [&hellip;]<\/p>\n","protected":false},"author":2,"featured_media":4630,"comment_status":"open","ping_status":"open","sticky":false,"template":"","format":"standard","meta":{"_jetpack_memberships_contains_paid_content":false,"footnotes":"","jetpack_publicize_message":"","jetpack_publicize_feature_enabled":true,"jetpack_social_post_already_shared":true,"jetpack_social_options":{"image_generator_settings":{"template":"highway","default_image_id":0,"font":"","enabled":false},"version":2}},"categories":[24,27],"tags":[1098,473],"class_list":{"0":"post-4626","1":"post","2":"type-post","3":"status-publish","4":"format-standard","5":"has-post-thumbnail","7":"category-news","8":"category-politique","9":"tag-alpha-et-cellou","10":"tag-partis-politiques"},"jetpack_publicize_connections":[],"jetpack_featured_media_url":"https:\/\/ledenonciateur224.com\/wp-content\/uploads\/2025\/08\/alpha-cellou.jpg","jetpack_sharing_enabled":true,"_links":{"self":[{"href":"https:\/\/ledenonciateur224.com\/index.php\/wp-json\/wp\/v2\/posts\/4626","targetHints":{"allow":["GET"]}}],"collection":[{"href":"https:\/\/ledenonciateur224.com\/index.php\/wp-json\/wp\/v2\/posts"}],"about":[{"href":"https:\/\/ledenonciateur224.com\/index.php\/wp-json\/wp\/v2\/types\/post"}],"author":[{"embeddable":true,"href":"https:\/\/ledenonciateur224.com\/index.php\/wp-json\/wp\/v2\/users\/2"}],"replies":[{"embeddable":true,"href":"https:\/\/ledenonciateur224.com\/index.php\/wp-json\/wp\/v2\/comments?post=4626"}],"version-history":[{"count":0,"href":"https:\/\/ledenonciateur224.com\/index.php\/wp-json\/wp\/v2\/posts\/4626\/revisions"}],"wp:featuredmedia":[{"embeddable":true,"href":"https:\/\/ledenonciateur224.com\/index.php\/wp-json\/wp\/v2\/media\/4630"}],"wp:attachment":[{"href":"https:\/\/ledenonciateur224.com\/index.php\/wp-json\/wp\/v2\/media?parent=4626"}],"wp:term":[{"taxonomy":"category","embeddable":true,"href":"https:\/\/ledenonciateur224.com\/index.php\/wp-json\/wp\/v2\/categories?post=4626"},{"taxonomy":"post_tag","embeddable":true,"href":"https:\/\/ledenonciateur224.com\/index.php\/wp-json\/wp\/v2\/tags?post=4626"}],"curies":[{"name":"wp","href":"https:\/\/api.w.org\/{rel}","templated":true}]}}